{"id":61,"date":"2008-02-03T18:59:56","date_gmt":"2008-02-03T16:59:56","guid":{"rendered":"http:\/\/www.marvinchen.de\/olgas_welt\/blog\/?p=61"},"modified":"2009-05-02T20:25:20","modified_gmt":"2009-05-02T18:25:20","slug":"auf-der-flucht-vor-hektik","status":"publish","type":"post","link":"https:\/\/www.marvinchen.de\/olgas_welt\/blog\/2008\/02\/auf-der-flucht-vor-hektik\/","title":{"rendered":"Auf der Flucht vor Hektik"},"content":{"rendered":"<p>Es ist mal wieder eine \u00fcberf\u00fcllte Woche geworden und die kommende wird nicht besser: Ein Termin jagt den anderen.<\/p>\n<p>Aber die Woche danach, wenigstens die zweite H\u00e4lfte, verspricht besser zu werden, denn am 14.Februar feiern wir unseren 2. Hochzeitstag. Die Kinder werden in der gleichen Woche ihren Ski-Urlaub mit Papa geniessen, so habe ich nicht mal schlechtes Gewissen, wenn ich an die Tage allein mit meinem Mann denke. Ich freue mich schon so darauf! Dieses Jahr machen wir keine sehr lange Reise, wir haben ein Zimmer in der S\u00e4chsischen Schweiz gefunden, in Bad Schandau. Ich hoffe sehr, dass der Wettergott uns hold ist und wir vielleicht sogar ein wenig wandern oder wenigstens an der Elbe spazieren gehen k\u00f6nnen.<\/p>\n<p>Vorher muss ich aber noch einen Sp\u00e4tdienst meistern, die Schulung am Donnerstag zwischen 13:00 und 18:00 sowie am Samstag zwischen 7:30 und 14:00 Uhr \u00fcberstehen und auch den Geburtstag von Stephanie geb\u00fchrend\u00a0feiern. Sie wird am 6. Februar schon 12 Jahre alt. Danach darf sie wesentlich mehr Filme anschauen als bis jetzt, denn wir achten recht penibel auf die FSK-Vorgaben.<\/p>\n<p>Ein paar Geschenke f\u00fcr sie liegen schon im Hause verteilt, am Montag, wenn ich mit Andrea bummeln gehe, werden die restlichen besorgt.<\/p>\n","protected":false},"excerpt":{"rendered":"<p>Es ist mal wieder eine \u00fcberf\u00fcllte Woche geworden und die kommende wird nicht besser: Ein Termin jagt den anderen. Aber die Woche danach, wenigstens die zweite H\u00e4lfte, verspricht besser zu werden, denn am 14.Februar feiern wir unseren 2. Hochzeitstag. Die Kinder werden in der gleichen Woche ihren Ski-Urlaub mit Papa geniessen, so habe ich nicht [&hellip;]<\/p>\n","protected":false},"author":3,"featured_media":0,"comment_status":"open","ping_status":"open","sticky":false,"template":"","format":"standard","meta":{"ngg_post_thumbnail":0,"footnotes":""},"categories":[4,1],"tags":[16,163,14,165,53,137,162,13,164,15],"class_list":["post-61","post","type-post","status-publish","format-standard","hentry","category-freud-und-leid","category-olca-und-stan","tag-andrea","tag-bad-schandau","tag-carsten","tag-fsk","tag-geburtstag","tag-geschenke","tag-hochzeitstag","tag-olga","tag-schulung","tag-stephanie"],"_links":{"self":[{"href":"https:\/\/www.marvinchen.de\/olgas_welt\/blog\/wp-json\/wp\/v2\/posts\/61","targetHints":{"allow":["GET"]}}],"collection":[{"href":"https:\/\/www.marvinchen.de\/olgas_welt\/blog\/wp-json\/wp\/v2\/posts"}],"about":[{"href":"https:\/\/www.marvinchen.de\/olgas_welt\/blog\/wp-json\/wp\/v2\/types\/post"}],"author":[{"embeddable":true,"href":"https:\/\/www.marvinchen.de\/olgas_welt\/blog\/wp-json\/wp\/v2\/users\/3"}],"replies":[{"embeddable":true,"href":"https:\/\/www.marvinchen.de\/olgas_welt\/blog\/wp-json\/wp\/v2\/comments?post=61"}],"version-history":[{"count":0,"href":"https:\/\/www.marvinchen.de\/olgas_welt\/blog\/wp-json\/wp\/v2\/posts\/61\/revisions"}],"wp:attachment":[{"href":"https:\/\/www.marvinchen.de\/olgas_welt\/blog\/wp-json\/wp\/v2\/media?parent=61"}],"wp:term":[{"taxonomy":"category","embeddable":true,"href":"https:\/\/www.marvinchen.de\/olgas_welt\/blog\/wp-json\/wp\/v2\/categories?post=61"},{"taxonomy":"post_tag","embeddable":true,"href":"https:\/\/www.marvinchen.de\/olgas_welt\/blog\/wp-json\/wp\/v2\/tags?post=61"}],"curies":[{"name":"wp","href":"https:\/\/api.w.org\/{rel}","templated":true}]}}