{"id":6503,"date":"2019-05-11T14:53:36","date_gmt":"2019-05-11T12:53:36","guid":{"rendered":"http:\/\/www.marvinchen.de\/olgas_welt\/blog\/?p=6503"},"modified":"2019-05-11T15:13:21","modified_gmt":"2019-05-11T13:13:21","slug":"ostern-in-belgien","status":"publish","type":"post","link":"https:\/\/www.marvinchen.de\/olgas_welt\/blog\/2019\/05\/ostern-in-belgien\/","title":{"rendered":"Ostern in Belgien"},"content":{"rendered":"<p>Vor Wochen haben wir an beide Kinder die Frage gestellt, ob sie ein gemeinsames Osterwochenende einplanen w\u00fcrden. Als dies mit nachvollziehbaren Begr\u00fcndungen verneint wurde, suchten Carsten und ich nach einer alternativen Besch\u00e4ftigung und beschlossen, die vier kombinierbaren, arbeitsfreien Ostertage (Karfreitag bis Ostermontag) f\u00fcr eine weitere Tour durch Europa zu nutzen. Schlie\u00dflich gibt es ja noch so viele Reiseziele auf unserer Wunschliste, die endlich mal besucht werden m\u00f6chten. Nach Sichtung dieser fiel die Entscheidung kurzerhand auf Belgien und als Stadt w\u00e4hlten wir Br\u00fcssel plus Antwerpen im Rahmen eines Tagesausflugs, weil es nur ca. 55 km entfernt liegt.<\/p>\n<p>Auf unserem Arbeitszeitkonto gab es zudem noch ausreichend \u00dcberstunden, um den Mittwochnachmittag und den ganzen Donnerstag frei zu nehmen. Daher verlie\u00dfen wir schon am 17. als Mittagskinder (f\u00fcr die Nicht-DDRler: gegen 12:00) die Arbeit und machten uns mit dem Suzuki schnellstm\u00f6glich auf die A4 in Richtung Chemnitz auf. F\u00fcr den gesamten Weg bis nach Br\u00fcssel &#8211; immerhin fast 800 km &#8211; war es allerdings schon zu sp\u00e4t und somit haben wir im Vorfeld f\u00fcr einen geplanten Zwischenstopp ein Zimmer im Ibis Budget Essen-Nord gebucht. Warum ausgerechnet dort, da es zudem etwas abseits der direkten Route zwischen Dresden und Br\u00fcssel liegt ? Nennen wir es mal Sehnsucht &#8230; das Abendessen gab es in der Pizzeria &#8222;<a href=\"http:\/\/pizzeria-bei-salvatore.de\/\" target=\"_blank\" rel=\"noopener\">Bei Salvatore<\/a>&#8220; , welche zu Carstens Schulzeit quasi das Stammlokal f\u00fcr einen gro\u00dfen Salatteller war. Inzwischen kann ich meinem Mann aber beipflichten, dass es dort mit Abstand neben einem \u00fcppigen und \u00e4u\u00dferst leckeren Salatmix eben auch die besten Pizzabr\u00f6tchen mit selbstgemachter Knoblauchbutter gibt.<\/p>\n<p>Am Donnerstag ging es nach einem ebenfalls nostalgisch beeinflussten Fr\u00fchst\u00fcck in einer der zahlreichen Filialen der <a href=\"https:\/\/www.doebbe.de\/\" target=\"_blank\" rel=\"noopener\">B\u00e4ckerei D\u00f6bbe<\/a>&nbsp;(lecker Ei-Br\u00f6tchen !) dann auf direktem Weg gen Br\u00fcssel. Das Osterwetter in Belgien war gl\u00fccklicherweise genau so sommerlich wie in Deutschland und wir konnten uns bei strahlendem Sonnenschein so vieles in der Stadt ansehen.<\/p>\n<p>Selbstverst\u00e4ndlich auch das weltweit bekannte <a href=\"https:\/\/de.wikipedia.org\/wiki\/Manneken_Pis\" target=\"_blank\" rel=\"noopener\">Manneken Pis<\/a> &#8211; den pinkelnden Jungen. Um diese nur ca. 60 cm gro\u00dfe Bronzeskulptur zu sehen, musste man sich allerdings schon mit viel M\u00fche einen guten Platz zwischen den unz\u00e4hligen Touristen erobern, die genauso wie wir das wohl meist erw\u00e4hnte Wahrzeichen von Br\u00fcssel fotografieren wollten:<\/p>\n<p style=\"text-align: center;\"><img loading=\"lazy\" decoding=\"async\" class=\"aligncenter wp-image-6504 size-full\" src=\"https:\/\/www.marvinchen.de\/olgas_welt\/blog\/wp-content\/uploads\/2019\/05\/b-IMG_0343.jpg\" alt=\"\" width=\"420\" height=\"560\" srcset=\"https:\/\/www.marvinchen.de\/olgas_welt\/blog\/wp-content\/uploads\/2019\/05\/b-IMG_0343.jpg 420w, https:\/\/www.marvinchen.de\/olgas_welt\/blog\/wp-content\/uploads\/2019\/05\/b-IMG_0343-300x400.jpg 300w\" sizes=\"auto, (max-width: 420px) 100vw, 420px\" \/><\/p>\n<p>\u00c4hnlich voll war es auch in der engen Gasse beim&nbsp;<a href=\"https:\/\/de.wikipedia.org\/wiki\/Jeanneke_Pis\" target=\"_blank\" rel=\"noopener\">Jaenneke Pis<\/a>&nbsp;&#8211; dem ebenfalls Wasser lassenden M\u00e4dchen:<\/p>\n<p style=\"text-align: center;\"><img loading=\"lazy\" decoding=\"async\" class=\"aligncenter size-full wp-image-6505\" src=\"https:\/\/www.marvinchen.de\/olgas_welt\/blog\/wp-content\/uploads\/2019\/05\/b-IMG_0418.jpg\" alt=\"\" width=\"420\" height=\"560\" srcset=\"https:\/\/www.marvinchen.de\/olgas_welt\/blog\/wp-content\/uploads\/2019\/05\/b-IMG_0418.jpg 420w, https:\/\/www.marvinchen.de\/olgas_welt\/blog\/wp-content\/uploads\/2019\/05\/b-IMG_0418-300x400.jpg 300w\" sizes=\"auto, (max-width: 420px) 100vw, 420px\" \/><\/p>\n<p>Dagegen war beim wesentlich dezentraler aufgestellten<a href=\"https:\/\/de.wikipedia.org\/wiki\/Zinneke_Pis\" target=\"_blank\" rel=\"noopener\"> Zinneke Pis<\/a>, dem Hund mit hochgehobenen Bein, kaum ein Besucher zu sehen:<\/p>\n<p style=\"text-align: center;\"><img loading=\"lazy\" decoding=\"async\" class=\"aligncenter wp-image-6506 size-full\" src=\"https:\/\/www.marvinchen.de\/olgas_welt\/blog\/wp-content\/uploads\/2019\/05\/b-IMG_0314.jpg\" alt=\"\" width=\"560\" height=\"420\" srcset=\"https:\/\/www.marvinchen.de\/olgas_welt\/blog\/wp-content\/uploads\/2019\/05\/b-IMG_0314.jpg 560w, https:\/\/www.marvinchen.de\/olgas_welt\/blog\/wp-content\/uploads\/2019\/05\/b-IMG_0314-300x225.jpg 300w\" sizes=\"auto, (max-width: 560px) 100vw, 560px\" \/><\/p>\n<p>Weitere Orte, welche bei einem Abstecher nach Br\u00fcssel gesehen werden m\u00fcssen, sollen nun in Wort und Bild folgen. Dazu geh\u00f6rt zweifelsohne der <a href=\"https:\/\/visit.brussels\/de\/place\/Brusseler-Konigspalast\" target=\"_blank\" rel=\"noopener\">K\u00f6nigspalast<\/a>. Wir haben diesen zwar nur von Au\u00dfen betrachtet, was aber auch ziemlich imposant war:<\/p>\n<p style=\"text-align: center;\"><img loading=\"lazy\" decoding=\"async\" class=\"aligncenter size-full wp-image-6507\" src=\"https:\/\/www.marvinchen.de\/olgas_welt\/blog\/wp-content\/uploads\/2019\/05\/b-IMG_0535.jpg\" alt=\"\" width=\"560\" height=\"420\" srcset=\"https:\/\/www.marvinchen.de\/olgas_welt\/blog\/wp-content\/uploads\/2019\/05\/b-IMG_0535.jpg 560w, https:\/\/www.marvinchen.de\/olgas_welt\/blog\/wp-content\/uploads\/2019\/05\/b-IMG_0535-300x225.jpg 300w\" sizes=\"auto, (max-width: 560px) 100vw, 560px\" \/><\/p>\n<p>Ein anderes Bauwerk der Stadt hat uns obgleich seiner Gr\u00f6\u00dfe und Gestaltung recht unerwartet beeindruckt: der <a href=\"https:\/\/de.wikipedia.org\/wiki\/Jubelpark\" target=\"_blank\" rel=\"noopener\">Triumphbogen im Jubelpark<\/a>:<\/p>\n<p style=\"text-align: center;\"><img loading=\"lazy\" decoding=\"async\" class=\"aligncenter size-full wp-image-6508\" src=\"https:\/\/www.marvinchen.de\/olgas_welt\/blog\/wp-content\/uploads\/2019\/05\/b-IMG_0207.jpg\" alt=\"\" width=\"420\" height=\"560\" srcset=\"https:\/\/www.marvinchen.de\/olgas_welt\/blog\/wp-content\/uploads\/2019\/05\/b-IMG_0207.jpg 420w, https:\/\/www.marvinchen.de\/olgas_welt\/blog\/wp-content\/uploads\/2019\/05\/b-IMG_0207-300x400.jpg 300w\" sizes=\"auto, (max-width: 420px) 100vw, 420px\" \/><\/p>\n<p>Dieser ist mit seiner oben aufgesetzten Quadriga ca. 50 m hoch, w\u00e4hrend das uns wesentlich bekanntere Brandenburger Tor in Berlin gerade einmal eine H\u00f6he von 26 m hat. Diese doppelte Gr\u00f6\u00dfe schindet schon ganz sch\u00f6n Eindruck, wenn man erst einmal davorsteht.<\/p>\n<p>Wir besuchten auch das sehr modern hochgezogene&nbsp;<a href=\"https:\/\/visit.brussels\/de\/article\/erkunden-sie-das-brusseler-eu-viertel\" target=\"_blank\" rel=\"noopener\">EU-Viertel<\/a>, denn man m\u00f6chte ja schon mal gerne sehen, wo ein Teil unserer Steuern versackt &nbsp; &nbsp;\ud83d\ude09<\/p>\n<p style=\"text-align: center;\"><img loading=\"lazy\" decoding=\"async\" class=\"aligncenter wp-image-6509\" src=\"https:\/\/www.marvinchen.de\/olgas_welt\/blog\/wp-content\/uploads\/2019\/05\/b-IMG_0132.jpg\" alt=\"\" width=\"560\" height=\"420\" srcset=\"https:\/\/www.marvinchen.de\/olgas_welt\/blog\/wp-content\/uploads\/2019\/05\/b-IMG_0132.jpg 800w, https:\/\/www.marvinchen.de\/olgas_welt\/blog\/wp-content\/uploads\/2019\/05\/b-IMG_0132-300x225.jpg 300w, https:\/\/www.marvinchen.de\/olgas_welt\/blog\/wp-content\/uploads\/2019\/05\/b-IMG_0132-768x576.jpg 768w\" sizes=\"auto, (max-width: 560px) 100vw, 560px\" \/><\/p>\n<p>Vom&nbsp;<a href=\"http:\/\/www.europarl.europa.eu\/visiting\/de\/brussels\/parlamentarium\" target=\"_blank\" rel=\"noopener\">Parlamentarium<\/a>, dem Besucherzentrum des EU-Parlaments, haben wir uns allerdings sehr viel mehr an Informationen zur EU samt deren Entwicklung (EG -&gt; EU) und Geld (ECU -&gt; Euro) erhofft, als wir am Ende bekommen haben. Wir sind nach der Stunde darin jedenfalls um eine weitere Erkenntnis reicher geworden: Zu viel Multimedia in einer Ausstellung kann am Ende auch daneben gehen &#8230; man h\u00e4tte unserer Meinung nach sicherlich vieles besser und interessanter gestalten k\u00f6nnen. Zum Gl\u00fcck war der Eintritt kostenfrei.<\/p>\n<p>Ein weiteres Wahrzeichen der Stadt zu sehen, hat uns trotz der gro\u00dfen Menschenmenge weitaus mehr Spa\u00df gemacht: der <a href=\"https:\/\/de.wikipedia.org\/wiki\/Grand-Place\/Grote_Markt\" target=\"_blank\" rel=\"noopener\">Grand Place \/ Grote Markt<\/a> ist im positiven Sinne des Wortes einfach \u00fcberw\u00e4ltigend! Allein die Zunfth\u00e4user sind \u00e4u\u00dferst schmuck:<\/p>\n<p style=\"text-align: center;\"><img loading=\"lazy\" decoding=\"async\" class=\"aligncenter size-full wp-image-6510\" src=\"https:\/\/www.marvinchen.de\/olgas_welt\/blog\/wp-content\/uploads\/2019\/05\/b-IMG_0374.jpg\" alt=\"\" width=\"560\" height=\"420\" srcset=\"https:\/\/www.marvinchen.de\/olgas_welt\/blog\/wp-content\/uploads\/2019\/05\/b-IMG_0374.jpg 560w, https:\/\/www.marvinchen.de\/olgas_welt\/blog\/wp-content\/uploads\/2019\/05\/b-IMG_0374-300x225.jpg 300w\" sizes=\"auto, (max-width: 560px) 100vw, 560px\" \/><\/p>\n<p>Und wenn man sie dann auch noch samt Erkl\u00e4rb\u00e4r-Text aus dem Internet sehr viel genauer unter die Lupe nimmt, entdeckt man an deren Fassaden Symbole, welche auf die jeweilige Zunft der damaligen Epoche hinweisen. Wundert es jemanden von euch, dass z.B. das Haus der Zunft der Kr\u00e4mer ausgerechnet ein Fuchs schm\u00fcckt?<\/p>\n<p style=\"text-align: center;\"><img loading=\"lazy\" decoding=\"async\" class=\"aligncenter size-full wp-image-6511\" src=\"https:\/\/www.marvinchen.de\/olgas_welt\/blog\/wp-content\/uploads\/2019\/05\/b-IMG_0377.jpg\" alt=\"\" width=\"560\" height=\"420\" srcset=\"https:\/\/www.marvinchen.de\/olgas_welt\/blog\/wp-content\/uploads\/2019\/05\/b-IMG_0377.jpg 560w, https:\/\/www.marvinchen.de\/olgas_welt\/blog\/wp-content\/uploads\/2019\/05\/b-IMG_0377-300x225.jpg 300w\" sizes=\"auto, (max-width: 560px) 100vw, 560px\" \/><\/p>\n<p>Weitere Symboliken w\u00e4ren u.a. Schubkarren = Zunft der Lebensmittelh\u00e4ndler, W\u00f6lfin = Zunft der Bogensch\u00fctzen,&nbsp;Schwan = Zunft der Fleischer,&nbsp;Windm\u00fchle = Zunft der M\u00fcller und&nbsp;Zinnkrug = Zunft der Zimmerer und Wagenbauer. Wer mal selbst nach Br\u00fcssel m\u00f6chte, kann gerne bei mir die komplette Liste samt Hausnummern abfragen.<\/p>\n<p>Das <a href=\"https:\/\/www.bruessel-gui.de\/sehenswuerdigkeiten\/rathaus\" target=\"_blank\" rel=\"noopener\">Br\u00fcsseler&nbsp;Rathaus<\/a>, welches ebenfalls auf diesem Platz steht, ist in der Nacht sogar noch imposanter als tags\u00fcber &#8211; seine Beleuchtung ist sehr gut durchdacht und einfach hervorragend!<\/p>\n<p style=\"text-align: center;\"><img loading=\"lazy\" decoding=\"async\" class=\"aligncenter size-full wp-image-6512\" src=\"https:\/\/www.marvinchen.de\/olgas_welt\/blog\/wp-content\/uploads\/2019\/05\/b-IMG_0638.jpg\" alt=\"\" width=\"420\" height=\"560\" srcset=\"https:\/\/www.marvinchen.de\/olgas_welt\/blog\/wp-content\/uploads\/2019\/05\/b-IMG_0638.jpg 420w, https:\/\/www.marvinchen.de\/olgas_welt\/blog\/wp-content\/uploads\/2019\/05\/b-IMG_0638-300x400.jpg 300w\" sizes=\"auto, (max-width: 420px) 100vw, 420px\" \/><\/p>\n<p>Wir w\u00e4ren abends vielleicht nicht mehr auf dem Platz gewesen, wenn der Zufall und das gl\u00fcckliche H\u00e4ndchen von Kerstin aus Wiesbaden nicht im Spiel gewesen w\u00e4ren &nbsp; &nbsp;\ud83d\ude09 &nbsp; &nbsp;denn Dank ihres Hinweises hat uns ihr Arbeitskollege Daniel, welcher gerade ebenfalls mit seiner Freundin die Osterzeit in Belgien verbrachte, kontaktiert und wir haben uns sehr schnell auf einen Treffpunkt f\u00fcr ein Bierchen geeinigt. Ich kenne sowohl Kerstin als auch Daniel aus meiner Plastikkartenzeit und sie geh\u00f6rten von Anfang an zu meinen Lieblingskunden, einfach weil wir uns dienstlich und privat schon immer sehr gut verstanden haben. An dem Abend&nbsp;a\u00dfen und tranken wir uns vom urspr\u00fcnglichen Treffpunkt im Restaurant &#8222;<a href=\"http:\/\/www.chezleon.be\/en\/\" target=\"_blank\" rel=\"noopener\">Chez Leon<\/a>&#8220; mit traditioneller, belgischen K\u00fcche \u00fcber das &#8222;<a href=\"https:\/\/de.wikipedia.org\/wiki\/D%C3%A9lirium_Caf%C3%A9\" target=\"_blank\" rel=\"noopener\">Delirium Cafe<\/a>&#8220; mit belgischem Bier in allen erdenklichen Brauvarianten bis eben nach Einbruch der Dunkelheit ins &#8222;<a href=\"http:\/\/roydespagne.be\/fr\/index.php\" target=\"_blank\" rel=\"noopener\">Le Roy d&#8217;Espagne<\/a>&#8220; am Grote Markt.<\/p>\n<p style=\"text-align: center;\"><img loading=\"lazy\" decoding=\"async\" class=\"aligncenter size-full wp-image-6513\" src=\"https:\/\/www.marvinchen.de\/olgas_welt\/blog\/wp-content\/uploads\/2019\/05\/b-IMG_0652c.jpg\" alt=\"\" width=\"560\" height=\"420\" srcset=\"https:\/\/www.marvinchen.de\/olgas_welt\/blog\/wp-content\/uploads\/2019\/05\/b-IMG_0652c.jpg 560w, https:\/\/www.marvinchen.de\/olgas_welt\/blog\/wp-content\/uploads\/2019\/05\/b-IMG_0652c-300x225.jpg 300w\" sizes=\"auto, (max-width: 560px) 100vw, 560px\" \/><\/p>\n<p>Wie man zweifelsfrei erkennen kann, hatten wir einen fabelhaften Abend zu viert&nbsp; &nbsp; \ud83d\ude42<\/p>\n<p>Nat\u00fcrlich durfte bei unseren Streifz\u00fcgen der Abstecher zu einem weiteren Wahrzeichen der Stadt nicht fehlen:<\/p>\n<p style=\"text-align: center;\"><img loading=\"lazy\" decoding=\"async\" class=\"aligncenter wp-image-6514\" src=\"https:\/\/www.marvinchen.de\/olgas_welt\/blog\/wp-content\/uploads\/2019\/05\/b-IMG_0118a.jpg\" alt=\"\" width=\"560\" height=\"420\" srcset=\"https:\/\/www.marvinchen.de\/olgas_welt\/blog\/wp-content\/uploads\/2019\/05\/b-IMG_0118a.jpg 800w, https:\/\/www.marvinchen.de\/olgas_welt\/blog\/wp-content\/uploads\/2019\/05\/b-IMG_0118a-300x225.jpg 300w, https:\/\/www.marvinchen.de\/olgas_welt\/blog\/wp-content\/uploads\/2019\/05\/b-IMG_0118a-768x576.jpg 768w\" sizes=\"auto, (max-width: 560px) 100vw, 560px\" \/><\/p>\n<p>Genau, es ist das&nbsp;<a href=\"https:\/\/de.wikipedia.org\/wiki\/Atomium\" target=\"_blank\" rel=\"noopener\">Atomium<\/a>&nbsp; &nbsp; \ud83d\ude42 &nbsp; &nbsp;wobei wir uns hier nicht nur mit der Au\u00dfenansicht begn\u00fcgt haben, sondern auch trotz langer Warteschlangen das Innere erkunden wollten. Man kann einen Teil der G\u00e4nge und Kugeln mit je 18 m Durchmesser zu Fu\u00df ablaufen, sich mit der Geschichte des 102 m hohen Bauwerks vertraut machen und unter anderen auch einige faszinierende und mit Elektromusik kombinierte Lichtinstallationen bewundern. \u00dcber das Einreihen in einer weiteren Schlange gelangt man zum Abschlu\u00df via Aufzug direkt in die oberste Kugel, von wo aus man einen prima Ausblick auf die etwas entfernte Skyline, auf das ehemalige Weltausstellungsgel\u00e4nde von 1935, auf das Expo-Gel\u00e4nde von 1958 und \u00fcber das mittlerweile recht vielf\u00e4ltig genutzte, riesengro\u00dfe Gesamtgel\u00e4nde hat.<\/p>\n<p>Unter anderem sieht man von dort auch den Park <a href=\"https:\/\/de.wikipedia.org\/wiki\/Mini-Europa\" target=\"_blank\" rel=\"noopener\">Mini-Europa<\/a>, welcher direkt zu F\u00fc\u00dfen des Atomiums liegt und zu dem wir gl\u00fccklicherweise ein&nbsp;Kombiticket erworben hatten &#8230; also auf zu einem Ausflug nach <a href=\"https:\/\/www.minieurope.com\/de\/\" target=\"_blank\" rel=\"noopener\">Europa im Miniaturformat<\/a>:<\/p>\n<p style=\"text-align: center;\"><img loading=\"lazy\" decoding=\"async\" class=\"aligncenter size-full wp-image-6515\" src=\"https:\/\/www.marvinchen.de\/olgas_welt\/blog\/wp-content\/uploads\/2019\/05\/b-IMG_0190.jpg\" alt=\"\" width=\"560\" height=\"420\" srcset=\"https:\/\/www.marvinchen.de\/olgas_welt\/blog\/wp-content\/uploads\/2019\/05\/b-IMG_0190.jpg 560w, https:\/\/www.marvinchen.de\/olgas_welt\/blog\/wp-content\/uploads\/2019\/05\/b-IMG_0190-300x225.jpg 300w\" sizes=\"auto, (max-width: 560px) 100vw, 560px\" \/><\/p>\n<p>Wer diesen Park besucht, sollte unbedingt auf die vielen Kleinigkeiten achten, sonst entgehen euch wom\u00f6glich ein paar interessante Details, welche rund um die ber\u00fchmteste Bauwerke der EU-L\u00e4nder positioniert sind, wie z.B. Sherlock Holmes &amp; Dr. Watson auf der Jagd nach Prof. Moriarti:<\/p>\n<p style=\"text-align: center;\"><img loading=\"lazy\" decoding=\"async\" class=\"aligncenter size-full wp-image-6516\" src=\"https:\/\/www.marvinchen.de\/olgas_welt\/blog\/wp-content\/uploads\/2019\/05\/b-IMG_0214.jpg\" alt=\"\" width=\"560\" height=\"420\" srcset=\"https:\/\/www.marvinchen.de\/olgas_welt\/blog\/wp-content\/uploads\/2019\/05\/b-IMG_0214.jpg 560w, https:\/\/www.marvinchen.de\/olgas_welt\/blog\/wp-content\/uploads\/2019\/05\/b-IMG_0214-300x225.jpg 300w\" sizes=\"auto, (max-width: 560px) 100vw, 560px\" \/><\/p>\n<p>Man kann dort unter anderem auch in verschiedene Rollen bzw. Kost\u00fcme schl\u00fcpfen &#8211; was sagt ihr zu meinem Mann als Soldat der britischen Grenadier-Garde?<\/p>\n<p style=\"text-align: center;\"><img loading=\"lazy\" decoding=\"async\" class=\"aligncenter size-full wp-image-6517\" src=\"https:\/\/www.marvinchen.de\/olgas_welt\/blog\/wp-content\/uploads\/2019\/05\/b-IMG_0218.jpg\" alt=\"\" width=\"420\" height=\"560\" srcset=\"https:\/\/www.marvinchen.de\/olgas_welt\/blog\/wp-content\/uploads\/2019\/05\/b-IMG_0218.jpg 420w, https:\/\/www.marvinchen.de\/olgas_welt\/blog\/wp-content\/uploads\/2019\/05\/b-IMG_0218-300x400.jpg 300w\" sizes=\"auto, (max-width: 420px) 100vw, 420px\" \/><\/p>\n<p>Wer uns kennt wei\u00df, dass wir uns immer auch gerne neben der \u00fcblichen Touristenpfade bewegen wollen. In Br\u00fcssel war es f\u00fcr uns die in der gesamten Stadt verteilte&nbsp;<a href=\"https:\/\/bruessel.sehenswuerdigkeiten-online.de\/sehenswuerdigkeiten\/comic-strip-route.html\" target=\"_blank\" rel=\"noopener\">Comic Strip-Route<\/a>. Da die Belgier neben den Franzosen jede Menge zur europ\u00e4ischen und mitunter weltweiten Comic-Kultur beigetragen haben, ist die Huldigung in Form von fassadenf\u00fcllenden Strips der jeweiligen Comic-Helden nicht weiter verwunderlich.&nbsp;Unser erstes Fundst\u00fcck dieser Route hei\u00dft &#8222;<a href=\"https:\/\/nl.wikipedia.org\/wiki\/Oh!_Lieve_hemel\" target=\"_blank\" rel=\"noopener\">Oh! Lieve hemel<\/a>&#8220; , was man nat\u00fcrlich mit &#8222;Du lieber Himmel&#8220; \u00fcbersetzt:<\/p>\n<p style=\"text-align: center;\"><img loading=\"lazy\" decoding=\"async\" class=\"aligncenter size-full wp-image-6518\" src=\"https:\/\/www.marvinchen.de\/olgas_welt\/blog\/wp-content\/uploads\/2019\/05\/bg-IMG_0041a.jpg\" alt=\"\" width=\"420\" height=\"630\" srcset=\"https:\/\/www.marvinchen.de\/olgas_welt\/blog\/wp-content\/uploads\/2019\/05\/bg-IMG_0041a.jpg 420w, https:\/\/www.marvinchen.de\/olgas_welt\/blog\/wp-content\/uploads\/2019\/05\/bg-IMG_0041a-300x450.jpg 300w\" sizes=\"auto, (max-width: 420px) 100vw, 420px\" \/><\/p>\n<p>Es gibt aber auch Figuren aus sehr viel bekannteren Comics, wie z.B. Tim &amp; Struppi, Asterix &amp; Obelix, Stups &amp; Steppke, Spirou &amp; Fantasio, Marsupilami, Gaston oder wie auf dieser Fassade mit einer Szene aus &#8222;Lucky Luke&#8220;:<\/p>\n<p style=\"text-align: center;\"><img loading=\"lazy\" decoding=\"async\" class=\"aligncenter size-full wp-image-6519\" src=\"https:\/\/www.marvinchen.de\/olgas_welt\/blog\/wp-content\/uploads\/2019\/05\/bg-IMG_0237a.jpg\" alt=\"\" width=\"560\" height=\"420\" srcset=\"https:\/\/www.marvinchen.de\/olgas_welt\/blog\/wp-content\/uploads\/2019\/05\/bg-IMG_0237a.jpg 560w, https:\/\/www.marvinchen.de\/olgas_welt\/blog\/wp-content\/uploads\/2019\/05\/bg-IMG_0237a-300x225.jpg 300w\" sizes=\"auto, (max-width: 560px) 100vw, 560px\" \/><\/p>\n<p>Man beachte das eingearbeitete Atomium im Hintergrund &nbsp; &nbsp;\ud83d\ude42<\/p>\n<p>Auf einem anderen Bild hat man die Umgebung ebenfalls wunderbar integriert. Die derzeit einger\u00fcstete Kuppel geh\u00f6rt zum Justizpalast, spielt aber im Comic ebenfalls eine sehr wichtige Rolle:<\/p>\n<p style=\"text-align: center;\"><img loading=\"lazy\" decoding=\"async\" class=\"aligncenter size-full wp-image-6520\" src=\"https:\/\/www.marvinchen.de\/olgas_welt\/blog\/wp-content\/uploads\/2019\/05\/bg-IMG_0141.jpg\" alt=\"\" width=\"560\" height=\"373\" srcset=\"https:\/\/www.marvinchen.de\/olgas_welt\/blog\/wp-content\/uploads\/2019\/05\/bg-IMG_0141.jpg 560w, https:\/\/www.marvinchen.de\/olgas_welt\/blog\/wp-content\/uploads\/2019\/05\/bg-IMG_0141-300x200.jpg 300w\" sizes=\"auto, (max-width: 560px) 100vw, 560px\" \/><\/p>\n<p>Mein pers\u00f6nliches Favorit dieser Route wurde der wei\u00dfe Hund <a href=\"https:\/\/de.wikipedia.org\/wiki\/Cubitus_(Comic)\" target=\"_blank\" rel=\"noopener\">Cubitus<\/a>&nbsp;(hier als Manneken Pis), welcher wahrscheinlich nicht nur f\u00fcr mich irgendwie doch sehr b\u00e4rig aussieht &nbsp; &nbsp;\ud83d\ude09<\/p>\n<p style=\"text-align: center;\"><img loading=\"lazy\" decoding=\"async\" class=\"aligncenter size-full wp-image-6521\" src=\"https:\/\/www.marvinchen.de\/olgas_welt\/blog\/wp-content\/uploads\/2019\/05\/bg-IMG_0262.jpg\" alt=\"\" width=\"420\" height=\"560\" srcset=\"https:\/\/www.marvinchen.de\/olgas_welt\/blog\/wp-content\/uploads\/2019\/05\/bg-IMG_0262.jpg 420w, https:\/\/www.marvinchen.de\/olgas_welt\/blog\/wp-content\/uploads\/2019\/05\/bg-IMG_0262-300x400.jpg 300w\" sizes=\"auto, (max-width: 420px) 100vw, 420px\" \/><\/p>\n<p>Qualitativ hochwertige Wandmalereien spielen in Br\u00fcssel \u00fcberhaupt eine gro\u00dfe Rolle, egal ob an den Fassaden &#8230;<\/p>\n<p style=\"text-align: center;\"><img loading=\"lazy\" decoding=\"async\" class=\"aligncenter size-full wp-image-6522\" src=\"https:\/\/www.marvinchen.de\/olgas_welt\/blog\/wp-content\/uploads\/2019\/05\/bg-IMG_0066a.jpg\" alt=\"\" width=\"560\" height=\"373\" srcset=\"https:\/\/www.marvinchen.de\/olgas_welt\/blog\/wp-content\/uploads\/2019\/05\/bg-IMG_0066a.jpg 560w, https:\/\/www.marvinchen.de\/olgas_welt\/blog\/wp-content\/uploads\/2019\/05\/bg-IMG_0066a-300x200.jpg 300w\" sizes=\"auto, (max-width: 560px) 100vw, 560px\" \/><\/p>\n<p>&#8230; oder als ein Teil der Inneneinrichtung, wie hier im Restaurant &#8222;<a href=\"https:\/\/lebugatti.be\/en\" target=\"_blank\" rel=\"noopener\">Le Bugatti<\/a>&#8220; :<\/p>\n<p style=\"text-align: center;\"><img loading=\"lazy\" decoding=\"async\" class=\"aligncenter size-full wp-image-6523\" src=\"https:\/\/www.marvinchen.de\/olgas_welt\/blog\/wp-content\/uploads\/2019\/05\/b-IMG_0270a.jpg\" alt=\"\" width=\"560\" height=\"373\" srcset=\"https:\/\/www.marvinchen.de\/olgas_welt\/blog\/wp-content\/uploads\/2019\/05\/b-IMG_0270a.jpg 560w, https:\/\/www.marvinchen.de\/olgas_welt\/blog\/wp-content\/uploads\/2019\/05\/b-IMG_0270a-300x200.jpg 300w\" sizes=\"auto, (max-width: 560px) 100vw, 560px\" \/><\/p>\n<p>Da ist es f\u00fcr mich nicht weiter \u00fcberraschend, dass die Br\u00fcsseler ihren Stolz auf ihre Stadt ebenso in gemalter Form verk\u00fcnden&nbsp; &nbsp; \ud83d\ude09<\/p>\n<p style=\"text-align: center;\"><img loading=\"lazy\" decoding=\"async\" class=\"aligncenter size-full wp-image-6524\" src=\"https:\/\/www.marvinchen.de\/olgas_welt\/blog\/wp-content\/uploads\/2019\/05\/b-IMG_0072.jpg\" alt=\"\" width=\"560\" height=\"420\" srcset=\"https:\/\/www.marvinchen.de\/olgas_welt\/blog\/wp-content\/uploads\/2019\/05\/b-IMG_0072.jpg 560w, https:\/\/www.marvinchen.de\/olgas_welt\/blog\/wp-content\/uploads\/2019\/05\/b-IMG_0072-300x225.jpg 300w\" sizes=\"auto, (max-width: 560px) 100vw, 560px\" \/><\/p>\n<p>Der Ausflug nach Antwerpen war ebenfalls sehr interessant und kurzweilig. Auf dem Grote Markt gab es auch in dieser Stadt wundersch\u00f6ne, sehr stylischen Geb\u00e4ude aus l\u00e4ngst vergangener Zeit:<\/p>\n<p style=\"text-align: center;\"><img loading=\"lazy\" decoding=\"async\" class=\"aligncenter size-full wp-image-6526\" src=\"https:\/\/www.marvinchen.de\/olgas_welt\/blog\/wp-content\/uploads\/2019\/05\/a-IMG_0072.jpg\" alt=\"\" width=\"560\" height=\"420\" srcset=\"https:\/\/www.marvinchen.de\/olgas_welt\/blog\/wp-content\/uploads\/2019\/05\/a-IMG_0072.jpg 560w, https:\/\/www.marvinchen.de\/olgas_welt\/blog\/wp-content\/uploads\/2019\/05\/a-IMG_0072-300x225.jpg 300w\" sizes=\"auto, (max-width: 560px) 100vw, 560px\" \/><\/p>\n<p>Noch wichtiger ist auf dem gleichen Platz allerdings der <a href=\"https:\/\/de.wikipedia.org\/wiki\/Brabobrunnen\" target=\"_blank\" rel=\"noopener\">Brabobrunnen<\/a>:<\/p>\n<p style=\"text-align: center;\"><img loading=\"lazy\" decoding=\"async\" class=\"aligncenter size-full wp-image-6527\" src=\"https:\/\/www.marvinchen.de\/olgas_welt\/blog\/wp-content\/uploads\/2019\/05\/a-IMG_0063.jpg\" alt=\"\" width=\"420\" height=\"555\" srcset=\"https:\/\/www.marvinchen.de\/olgas_welt\/blog\/wp-content\/uploads\/2019\/05\/a-IMG_0063.jpg 420w, https:\/\/www.marvinchen.de\/olgas_welt\/blog\/wp-content\/uploads\/2019\/05\/a-IMG_0063-300x396.jpg 300w\" sizes=\"auto, (max-width: 420px) 100vw, 420px\" \/><\/p>\n<p>Die obere Figur zeigt den Stadtheld Silvius Brabo und wie man sofort erkennen kann, wirft er gerade eine abgehakte Hand weg. Der \u00dcberlieferung nach leitet sich der Name der Stadt Antwerpen eben genau von diesem &#8222;Hand werfen&#8220; ab und bezieht sich dabei auf eine Legende, in welcher Brabo einen Riesen besiegt. Der Riese hat am Ufer des Flusses Schelde von allen Vorbeifahrenden Wegzoll verlang und wer es nicht bezahlen konnte, b\u00fc\u00dfte bei dem gierigen Druon Antigon seine rechte Hand. Letztendlich bek\u00e4mpft Brabo den Riesen und was mit der Hand des Unterlegenden passiert, sieht man ganz deutlich an jener Bronzeplastik.<\/p>\n<p>Eine andere Skulptur diese Stadt bezieht sich auf das Buch &#8222;<a href=\"https:\/\/en.wikipedia.org\/wiki\/A_Dog_of_Flanders\" target=\"_blank\" rel=\"noopener\">Ein Hund von Flandern<\/a>&#8220; und zeigt den Jungen Nello mit seinem Hund Patrasche:<\/p>\n<p style=\"text-align: center;\"><img loading=\"lazy\" decoding=\"async\" class=\"aligncenter wp-image-6528\" src=\"https:\/\/www.marvinchen.de\/olgas_welt\/blog\/wp-content\/uploads\/2019\/05\/a-IMG_0082.jpg\" alt=\"\" width=\"560\" height=\"420\" srcset=\"https:\/\/www.marvinchen.de\/olgas_welt\/blog\/wp-content\/uploads\/2019\/05\/a-IMG_0082.jpg 800w, https:\/\/www.marvinchen.de\/olgas_welt\/blog\/wp-content\/uploads\/2019\/05\/a-IMG_0082-300x225.jpg 300w, https:\/\/www.marvinchen.de\/olgas_welt\/blog\/wp-content\/uploads\/2019\/05\/a-IMG_0082-768x576.jpg 768w\" sizes=\"auto, (max-width: 560px) 100vw, 560px\" \/><\/p>\n<p>Die beiden sind wirklich sehr s\u00fc\u00df, aber die dazugeh\u00f6rige Geschichte ist allerdings ganz sch\u00f6n traurig.<\/p>\n<p>Nat\u00fcrlich haben wir auch den ber\u00fchmten Bahnhof in Antwerpen besucht und konnten die Begeisterung jener Bekannten und Freunde teilen, die schon mal dort waren und uns dar\u00fcber berichteten. Er ist regelrecht palastartig &#8211; sowohl von Au\u00dfen &#8230;<\/p>\n<p style=\"text-align: center;\"><img loading=\"lazy\" decoding=\"async\" class=\"aligncenter size-full wp-image-6529\" src=\"https:\/\/www.marvinchen.de\/olgas_welt\/blog\/wp-content\/uploads\/2019\/05\/a-IMG_0209.jpg\" alt=\"\" width=\"560\" height=\"420\" srcset=\"https:\/\/www.marvinchen.de\/olgas_welt\/blog\/wp-content\/uploads\/2019\/05\/a-IMG_0209.jpg 560w, https:\/\/www.marvinchen.de\/olgas_welt\/blog\/wp-content\/uploads\/2019\/05\/a-IMG_0209-300x225.jpg 300w\" sizes=\"auto, (max-width: 560px) 100vw, 560px\" \/><\/p>\n<p>&#8230; als auch von Innen!<\/p>\n<p style=\"text-align: center;\"><img loading=\"lazy\" decoding=\"async\" class=\"aligncenter size-full wp-image-6530\" src=\"https:\/\/www.marvinchen.de\/olgas_welt\/blog\/wp-content\/uploads\/2019\/05\/a-IMG_0224.jpg\" alt=\"\" width=\"560\" height=\"420\" srcset=\"https:\/\/www.marvinchen.de\/olgas_welt\/blog\/wp-content\/uploads\/2019\/05\/a-IMG_0224.jpg 560w, https:\/\/www.marvinchen.de\/olgas_welt\/blog\/wp-content\/uploads\/2019\/05\/a-IMG_0224-300x225.jpg 300w\" sizes=\"auto, (max-width: 560px) 100vw, 560px\" \/><\/p>\n<p>Weniger Begeisterung l\u00f6sten bei uns die Diamantenauslagen&nbsp;<span style=\"line-height: 1.5;\">im Diamantenviertel&nbsp;<\/span><span style=\"line-height: 1.5;\">aus &#8230; &nbsp; &nbsp;\ud83d\ude09<\/span><\/p>\n<p style=\"text-align: center;\"><img loading=\"lazy\" decoding=\"async\" class=\"aligncenter size-full wp-image-6531\" src=\"https:\/\/www.marvinchen.de\/olgas_welt\/blog\/wp-content\/uploads\/2019\/05\/a-IMG_0235.jpg\" alt=\"\" width=\"560\" height=\"420\" srcset=\"https:\/\/www.marvinchen.de\/olgas_welt\/blog\/wp-content\/uploads\/2019\/05\/a-IMG_0235.jpg 560w, https:\/\/www.marvinchen.de\/olgas_welt\/blog\/wp-content\/uploads\/2019\/05\/a-IMG_0235-300x225.jpg 300w\" sizes=\"auto, (max-width: 560px) 100vw, 560px\" \/><\/p>\n<p>&#8230; denn die richtig sch\u00f6nen Schmuckst\u00fccke samt hochwertiger Steinchen verbargen sich haupts\u00e4chlich nur hinter heruntergelassenen Rolll\u00e4den und in den Auslagen der L\u00e4den, welche wir aus Mangel am n\u00f6tigen Kleingeld nat\u00fcrlich nicht betraten.<\/p>\n<p>Das <a href=\"https:\/\/www.rubenshuis.be\/de\" target=\"_blank\" rel=\"noopener\">Geburtshaus von Rubens<\/a> hat uns optisch auch nicht besonders beeindruckt. Ein wenig ung\u00fcnstig fanden wir zudem die Lage eines modernen Glaspavillons mit allem erdenklichen Merchandising zu dem K\u00fcnstler, welcher direkt gegen\u00fcber der alten Fassade erbaut worden war und somit die M\u00f6glichkeit verhinderte, zumindest ein halbwegs ordentliches Foto der gesamten H\u00e4userfront zu machen:<\/p>\n<p style=\"text-align: center;\"><img loading=\"lazy\" decoding=\"async\" class=\"aligncenter size-full wp-image-6532\" src=\"https:\/\/www.marvinchen.de\/olgas_welt\/blog\/wp-content\/uploads\/2019\/05\/a-IMG_0257.jpg\" alt=\"\" width=\"560\" height=\"420\" srcset=\"https:\/\/www.marvinchen.de\/olgas_welt\/blog\/wp-content\/uploads\/2019\/05\/a-IMG_0257.jpg 560w, https:\/\/www.marvinchen.de\/olgas_welt\/blog\/wp-content\/uploads\/2019\/05\/a-IMG_0257-300x225.jpg 300w\" sizes=\"auto, (max-width: 560px) 100vw, 560px\" \/><\/p>\n<p>Wenn man dann genug von der Innenstadt gesehen hat, empfehlen wir auf jeden Fall noch einen Besuch des <a href=\"https:\/\/de.wikipedia.org\/wiki\/Beginenhof\" target=\"_blank\" rel=\"noopener\">Beginenhofes<\/a>. Dieser liegt nicht direkt im Stadtzentrum und man muss ein wenig laufen, aber daf\u00fcr ist er eine wunderbare Oase der Ruhe inmitten eines dichten Verkehrsaufkommens. <a href=\"https:\/\/de.wikipedia.org\/wiki\/Beginen_und_Begarden\" target=\"_blank\" rel=\"noopener\">Beginen<\/a> waren sehr gl\u00e4ubige Frauen, welche in kloster\u00e4hnlichen Einrichtungen lebten, ohne dass sie ein Klostergel\u00fcbde ablegten und im Gegensatz zu Nonnen weitaus mehr Freiheiten hatten. Der Antwerpener Beginenhof existiert dort seit Mitte des 16. Jahrhunderts:<\/p>\n<p style=\"text-align: center;\"><img loading=\"lazy\" decoding=\"async\" class=\"aligncenter size-full wp-image-6533\" src=\"https:\/\/www.marvinchen.de\/olgas_welt\/blog\/wp-content\/uploads\/2019\/05\/a-IMG_0168a.jpg\" alt=\"\" width=\"560\" height=\"420\" srcset=\"https:\/\/www.marvinchen.de\/olgas_welt\/blog\/wp-content\/uploads\/2019\/05\/a-IMG_0168a.jpg 560w, https:\/\/www.marvinchen.de\/olgas_welt\/blog\/wp-content\/uploads\/2019\/05\/a-IMG_0168a-300x225.jpg 300w\" sizes=\"auto, (max-width: 560px) 100vw, 560px\" \/><\/p>\n<p>Auch der umz\u00e4unte Garten in der Mitte der Anlage ist sehr einladend und am f\u00fcr uns einzigen Zugang an diesem Tag war zudem ein gro\u00dfes Schild mit nur einem einzigen Wort in mehreren Sprachen aufgeh\u00e4ngt: Stille &#8230; ganz ehrlich, man kommt unweigerlich automatisch zur absoluten Ruhe. F\u00fcr uns war es jedenfalls eine sehr, sehr entspannende und entschleunigende Gegend:<\/p>\n<p style=\"text-align: center;\"><img loading=\"lazy\" decoding=\"async\" class=\"aligncenter size-full wp-image-6534\" src=\"https:\/\/www.marvinchen.de\/olgas_welt\/blog\/wp-content\/uploads\/2019\/05\/a-IMG_0166-1.jpg\" alt=\"\" width=\"560\" height=\"420\" srcset=\"https:\/\/www.marvinchen.de\/olgas_welt\/blog\/wp-content\/uploads\/2019\/05\/a-IMG_0166-1.jpg 560w, https:\/\/www.marvinchen.de\/olgas_welt\/blog\/wp-content\/uploads\/2019\/05\/a-IMG_0166-1-300x225.jpg 300w\" sizes=\"auto, (max-width: 560px) 100vw, 560px\" \/><\/p>\n<p>Die letzte Begine starb 1986, seitdem ist das gesamte Areal ein &#8222;normales&#8220; Wohnviertel geworden. Aber dennoch h\u00e4lt man sich noch immer sehr an das Gebot der Ruhe &#8211; ich denke, die Einwohner genie\u00dfen das sehr&nbsp; &nbsp; \ud83d\ude42<\/p>\n<p>Bei so viel Herumlaufen hatten wir logischerweise immer mal wieder Hunger&nbsp; &nbsp; \ud83d\ude42 &nbsp; &nbsp;und nat\u00fcrlich freute ich mich sehr auf die klassische K\u00fcche Belgiens &#8211; hier ganz vortrefflich in nur einem Bild festgehalten:<\/p>\n<p style=\"text-align: center;\"><img loading=\"lazy\" decoding=\"async\" class=\"aligncenter size-full wp-image-6535\" src=\"https:\/\/www.marvinchen.de\/olgas_welt\/blog\/wp-content\/uploads\/2019\/05\/b-IMG_0449a.jpg\" alt=\"\" width=\"420\" height=\"747\" srcset=\"https:\/\/www.marvinchen.de\/olgas_welt\/blog\/wp-content\/uploads\/2019\/05\/b-IMG_0449a.jpg 420w, https:\/\/www.marvinchen.de\/olgas_welt\/blog\/wp-content\/uploads\/2019\/05\/b-IMG_0449a-300x534.jpg 300w\" sizes=\"auto, (max-width: 420px) 100vw, 420px\" \/><\/p>\n<p>Pommes mit Muscheln habe ich w\u00e4hrend unseres Frankreich-Urlaubs 2006 bei Kerstin kennen und lieben gelernt&nbsp;<span style=\"line-height: 1.5;\">und hier konnte ich mich diesbez\u00fcglich wieder voll und ganz ausleben &nbsp; &nbsp;\ud83d\ude09<\/span><\/p>\n<p style=\"text-align: center;\"><img loading=\"lazy\" decoding=\"async\" class=\"aligncenter size-full wp-image-6536\" src=\"https:\/\/www.marvinchen.de\/olgas_welt\/blog\/wp-content\/uploads\/2019\/05\/x-IMG_0296.jpg\" alt=\"\" width=\"560\" height=\"420\" srcset=\"https:\/\/www.marvinchen.de\/olgas_welt\/blog\/wp-content\/uploads\/2019\/05\/x-IMG_0296.jpg 560w, https:\/\/www.marvinchen.de\/olgas_welt\/blog\/wp-content\/uploads\/2019\/05\/x-IMG_0296-300x225.jpg 300w\" sizes=\"auto, (max-width: 560px) 100vw, 560px\" \/><\/p>\n<p>Carsten hielt sich eher an die fleischigen Gen\u00fcsse der Belgier, wie hier z.B. das Filet Americain &#8211; einem mit Kapern und Worcestersauce gew\u00fcrzten Rindertatar:<\/p>\n<p style=\"text-align: center;\"><img loading=\"lazy\" decoding=\"async\" class=\"aligncenter size-full wp-image-6537\" src=\"https:\/\/www.marvinchen.de\/olgas_welt\/blog\/wp-content\/uploads\/2019\/05\/x-IMG_0277d.jpg\" alt=\"\" width=\"420\" height=\"560\" srcset=\"https:\/\/www.marvinchen.de\/olgas_welt\/blog\/wp-content\/uploads\/2019\/05\/x-IMG_0277d.jpg 420w, https:\/\/www.marvinchen.de\/olgas_welt\/blog\/wp-content\/uploads\/2019\/05\/x-IMG_0277d-300x400.jpg 300w\" sizes=\"auto, (max-width: 420px) 100vw, 420px\" \/><\/p>\n<p>Er hat sich auch an Vol au Vent (H\u00fchnerfrikassee mit Bl\u00e4tterteig) &#8230;<\/p>\n<p style=\"text-align: center;\"><img loading=\"lazy\" decoding=\"async\" class=\"aligncenter size-full wp-image-6538\" src=\"https:\/\/www.marvinchen.de\/olgas_welt\/blog\/wp-content\/uploads\/2019\/05\/x-IMG_0615a.jpg\" alt=\"\" width=\"420\" height=\"560\" srcset=\"https:\/\/www.marvinchen.de\/olgas_welt\/blog\/wp-content\/uploads\/2019\/05\/x-IMG_0615a.jpg 420w, https:\/\/www.marvinchen.de\/olgas_welt\/blog\/wp-content\/uploads\/2019\/05\/x-IMG_0615a-300x400.jpg 300w\" sizes=\"auto, (max-width: 420px) 100vw, 420px\" \/><\/p>\n<p>&#8230; sowie an Stoovflees (Schmorfleischeintopf) herangewagt und wurde zu keiner Zeit entt\u00e4uscht:<\/p>\n<p style=\"text-align: center;\"><img loading=\"lazy\" decoding=\"async\" class=\"aligncenter size-full wp-image-6539\" src=\"https:\/\/www.marvinchen.de\/olgas_welt\/blog\/wp-content\/uploads\/2019\/05\/x-IMG_02621.jpg\" alt=\"\" width=\"420\" height=\"560\" srcset=\"https:\/\/www.marvinchen.de\/olgas_welt\/blog\/wp-content\/uploads\/2019\/05\/x-IMG_02621.jpg 420w, https:\/\/www.marvinchen.de\/olgas_welt\/blog\/wp-content\/uploads\/2019\/05\/x-IMG_02621-300x400.jpg 300w\" sizes=\"auto, (max-width: 420px) 100vw, 420px\" \/><\/p>\n<p>Das gr\u00fcne &#8222;Zeug&#8220; im Hintergrund war \u00fcbrigens mein Essen: Paling in het groen, zur Deutsch &#8222;S\u00fc\u00dfwasseraal mit gr\u00fcner Kr\u00e4utersauce&#8220;. Ich fand es zwar sehr lecker, wenn blo\u00df nicht immer wieder diese kleinen, st\u00f6renden Gr\u00e4ten w\u00e4ren&nbsp; &nbsp; \ud83d\ude09<\/p>\n<p>Was man (jedenfalls als Dresdner) in Belgien gar nicht zu essen braucht: D\u00f6ner oder D\u00fcr\u00fcm. Denn die Portionen sind echt mickrig und zu wenig gef\u00fcllt im Vergleich zu dem, was wir aus Dresden, Sachsen oder auch Deutschland kennen. Carstens Entt\u00e4uschung kann man sicher in seinem Gesicht ablesen:<\/p>\n<p style=\"text-align: center;\"><img loading=\"lazy\" decoding=\"async\" class=\"aligncenter size-full wp-image-6540\" src=\"https:\/\/www.marvinchen.de\/olgas_welt\/blog\/wp-content\/uploads\/2019\/05\/x-IMG_0334-1.jpg\" alt=\"\" width=\"420\" height=\"560\" srcset=\"https:\/\/www.marvinchen.de\/olgas_welt\/blog\/wp-content\/uploads\/2019\/05\/x-IMG_0334-1.jpg 420w, https:\/\/www.marvinchen.de\/olgas_welt\/blog\/wp-content\/uploads\/2019\/05\/x-IMG_0334-1-300x400.jpg 300w\" sizes=\"auto, (max-width: 420px) 100vw, 420px\" \/><\/p>\n<p>Waffeln wiederum konnte man ganz gut essen &#8211; der Geschmack war toll und erst die Gr\u00f6\u00dfe ist gar nicht so \u00fcbel&nbsp; &nbsp; \ud83d\ude09<\/p>\n<p style=\"text-align: center;\"><img loading=\"lazy\" decoding=\"async\" class=\"aligncenter size-full wp-image-6541\" src=\"https:\/\/www.marvinchen.de\/olgas_welt\/blog\/wp-content\/uploads\/2019\/05\/x-IMG_0299.jpg\" alt=\"\" width=\"560\" height=\"420\" srcset=\"https:\/\/www.marvinchen.de\/olgas_welt\/blog\/wp-content\/uploads\/2019\/05\/x-IMG_0299.jpg 560w, https:\/\/www.marvinchen.de\/olgas_welt\/blog\/wp-content\/uploads\/2019\/05\/x-IMG_0299-300x225.jpg 300w\" sizes=\"auto, (max-width: 560px) 100vw, 560px\" \/><\/p>\n<p>Da wir zu Osterzeit unterwegs waren, haben wir nat\u00fcrlich auch das eine oder das andere Schokoladenei gefunden:<\/p>\n<p style=\"text-align: center;\"><img loading=\"lazy\" decoding=\"async\" class=\"aligncenter size-full wp-image-6542\" src=\"https:\/\/www.marvinchen.de\/olgas_welt\/blog\/wp-content\/uploads\/2019\/05\/b-IMG_0599.jpg\" alt=\"\" width=\"420\" height=\"560\" srcset=\"https:\/\/www.marvinchen.de\/olgas_welt\/blog\/wp-content\/uploads\/2019\/05\/b-IMG_0599.jpg 420w, https:\/\/www.marvinchen.de\/olgas_welt\/blog\/wp-content\/uploads\/2019\/05\/b-IMG_0599-300x400.jpg 300w\" sizes=\"auto, (max-width: 420px) 100vw, 420px\" \/><\/p>\n<p>Belgische Pralinen sind zwar ein Muss, aber am Ende hat mein armer Mann gesagt: &#8222;Ich habe noch nie im meinen Leben so viel Geld f\u00fcr so wenig Schokolade ausgegeben!&#8220;. 100 g schlagen mitunter gleich mal mit bis zu 10 Euro zu Buche und f\u00fcr diese Quer-durchs-Sortiment-Packung mit 390&nbsp;g waren gleich 30 Euro f\u00e4llig:<\/p>\n<p style=\"text-align: center;\"><img loading=\"lazy\" decoding=\"async\" class=\"aligncenter size-full wp-image-6545\" src=\"https:\/\/www.marvinchen.de\/olgas_welt\/blog\/wp-content\/uploads\/2019\/05\/IMG_0002.jpg\" alt=\"\" width=\"560\" height=\"420\" srcset=\"https:\/\/www.marvinchen.de\/olgas_welt\/blog\/wp-content\/uploads\/2019\/05\/IMG_0002.jpg 560w, https:\/\/www.marvinchen.de\/olgas_welt\/blog\/wp-content\/uploads\/2019\/05\/IMG_0002-300x225.jpg 300w\" sizes=\"auto, (max-width: 560px) 100vw, 560px\" \/><\/p>\n<p>Aber ich bin der Meinung, dass belgische Schokolade auf jeden Fall etwas richtig Leckeres ist!<\/p>\n<p>Am Ostermontag d\u00fcsten wir dann direkt nach dem Fr\u00fchst\u00fcck im Hotel auf direktem Weg gen Dresden, denn am Dienstagmorgen rief schon wieder der Arbeitsalltag an die Werkbank namens Schreibtisch. Es waren aber wunderbare, lustige und sonnige Tage mit herrlichen Begegnungen, so vielen positiven Erlebnissen, gro\u00dfartigen und sicherlich auf lange Zeit bleibenden Eindr\u00fccken, so vielen kleinen Entdeckungen und vor allem gutem Essen &#8211; obwohl es nur ein Kurzurlaub war, f\u00fchlte er sich beinah wie ein vollwertiger mit zwei oder mehr Wochen an!<\/p>\n","protected":false},"excerpt":{"rendered":"<p>Vor Wochen haben wir an beide Kinder die Frage gestellt, ob sie ein gemeinsames Osterwochenende einplanen w\u00fcrden. Als dies mit nachvollziehbaren Begr\u00fcndungen verneint wurde, suchten Carsten und ich nach einer alternativen Besch\u00e4ftigung und beschlossen, die vier kombinierbaren, arbeitsfreien Ostertage (Karfreitag bis Ostermontag) f\u00fcr eine weitere Tour durch Europa zu nutzen. Schlie\u00dflich gibt es ja noch [&hellip;]<\/p>\n","protected":false},"author":3,"featured_media":0,"comment_status":"open","ping_status":"closed","sticky":false,"template":"","format":"standard","meta":{"ngg_post_thumbnail":0,"footnotes":""},"categories":[3,5,4,7,1],"tags":[1959,1966,1970,1961,1957,1968,1958,1960,14,1967,1116,1962,260,1964,206,1972,1969,13,34,1963,1965,1971,184],"class_list":["post-6503","post","type-post","status-publish","format-standard","hentry","category-ausfluege-und-reisen","category-essen-und-trinken","category-freud-und-leid","category-freunde-und-co","category-olca-und-stan","tag-antwerpen","tag-atomium","tag-bahnhof","tag-bei-salvatore","tag-belgien","tag-brabo","tag-bruessel","tag-carina","tag-carsten","tag-comic-strip-route","tag-daniel","tag-doebbe","tag-essen","tag-eu","tag-kerstin","tag-muscheln","tag-nello-und-patrasche","tag-olga","tag-ostern","tag-parlamentarium","tag-plastikkarten","tag-rubens","tag-schokolade"],"_links":{"self":[{"href":"https:\/\/www.marvinchen.de\/olgas_welt\/blog\/wp-json\/wp\/v2\/posts\/6503","targetHints":{"allow":["GET"]}}],"collection":[{"href":"https:\/\/www.marvinchen.de\/olgas_welt\/blog\/wp-json\/wp\/v2\/posts"}],"about":[{"href":"https:\/\/www.marvinchen.de\/olgas_welt\/blog\/wp-json\/wp\/v2\/types\/post"}],"author":[{"embeddable":true,"href":"https:\/\/www.marvinchen.de\/olgas_welt\/blog\/wp-json\/wp\/v2\/users\/3"}],"replies":[{"embeddable":true,"href":"https:\/\/www.marvinchen.de\/olgas_welt\/blog\/wp-json\/wp\/v2\/comments?post=6503"}],"version-history":[{"count":0,"href":"https:\/\/www.marvinchen.de\/olgas_welt\/blog\/wp-json\/wp\/v2\/posts\/6503\/revisions"}],"wp:attachment":[{"href":"https:\/\/www.marvinchen.de\/olgas_welt\/blog\/wp-json\/wp\/v2\/media?parent=6503"}],"wp:term":[{"taxonomy":"category","embeddable":true,"href":"https:\/\/www.marvinchen.de\/olgas_welt\/blog\/wp-json\/wp\/v2\/categories?post=6503"},{"taxonomy":"post_tag","embeddable":true,"href":"https:\/\/www.marvinchen.de\/olgas_welt\/blog\/wp-json\/wp\/v2\/tags?post=6503"}],"curies":[{"name":"wp","href":"https:\/\/api.w.org\/{rel}","templated":true}]}}