{"id":661,"date":"2011-07-10T17:22:52","date_gmt":"2011-07-10T15:22:52","guid":{"rendered":"http:\/\/www.marvinchen.de\/olgas_welt\/blog\/?p=661"},"modified":"2011-07-10T19:27:04","modified_gmt":"2011-07-10T17:27:04","slug":"sommerleben-teil-2-carpe-diem-und-in-vino-veritas","status":"publish","type":"post","link":"https:\/\/www.marvinchen.de\/olgas_welt\/blog\/2011\/07\/sommerleben-teil-2-carpe-diem-und-in-vino-veritas\/","title":{"rendered":"Sommerleben &#8211; Teil 2 &#8211; Carpe diem und in vino veritas"},"content":{"rendered":"<p>Der Samstag wurde f\u00fcr eine Wanderung mit Kerstin\u00a0auf dem Weinlehrpfand in Radebeul auserkoren.<\/p>\n<p>Wir stellten unser Auto am <a href=\"http:\/\/www.schloss-wackerbarth.de\/\" target=\"_blank\">Schlo\u00df Wackerbarth<\/a>\u00a0ab und bereits am Anfang unserer Route waren wir von der wundersch\u00f6nen\u00a0Landschaft v\u00f6llig \u00fcberw\u00e4ltigt.<\/p>\n<p style=\"text-align: center;\"><a rel=\"attachment wp-att-662\" href=\"https:\/\/www.marvinchen.de\/olgas_welt\/blog\/2011\/07\/sommerleben-teil-2-carpe-diem-und-in-vino-veritas\/img_0030a\/\"><img loading=\"lazy\" decoding=\"async\" class=\"size-full wp-image-662 aligncenter\" src=\"https:\/\/www.marvinchen.de\/olgas_welt\/blog\/wp-content\/uploads\/2011\/07\/IMG_0030a.jpg\" alt=\"\" width=\"450\" height=\"600\" srcset=\"https:\/\/www.marvinchen.de\/olgas_welt\/blog\/wp-content\/uploads\/2011\/07\/IMG_0030a.jpg 450w, https:\/\/www.marvinchen.de\/olgas_welt\/blog\/wp-content\/uploads\/2011\/07\/IMG_0030a-300x400.jpg 300w\" sizes=\"auto, (max-width: 450px) 100vw, 450px\" \/><\/a><\/p>\n<p>Der Wettergott lie\u00df sich auch an diesem Tag nicht lumpen und g\u00f6nnte uns strahlenden Sonnenschein und einen wolkenlosen Himmel in so intensivem Blau, wie man es\u00a0wohl aus\u00a0Kinderb\u00fcchern kennt.\u00a0Ein paar Wolken kamen zwar nach und nach aus ihrem Versteck, aber das tat dem Sommerwetter\u00a0keinen Abbruch.<\/p>\n<p>Unsere 6 km lange Route haben wir letzten\u00a0Endes aber irgendwie nicht eingehalten, es war doch etwas schwerer, die richtigen Stra\u00dfen auf der ausgedruckten Schwarzwei\u00df-Karte in der realen Welt zu finden. Aber alle Entscheidungen unseres Reisef\u00fchrers haben sich als vorteilhaft f\u00fcr eine interessante und nicht zu anstrengende Wanderung erwiesen. Wir haben einige sch\u00f6ne Aussichtspunkte gefunden und bei diesem fantastischen Ausblick genossen wir unsere Picknick-Mitbringsel:<\/p>\n<p style=\"text-align: center;\"><a rel=\"attachment wp-att-663\" href=\"https:\/\/www.marvinchen.de\/olgas_welt\/blog\/2011\/07\/sommerleben-teil-2-carpe-diem-und-in-vino-veritas\/img_0121a\/\"><img loading=\"lazy\" decoding=\"async\" class=\"size-full wp-image-663 aligncenter\" src=\"https:\/\/www.marvinchen.de\/olgas_welt\/blog\/wp-content\/uploads\/2011\/07\/IMG_0121a.jpg\" alt=\"\" width=\"560\" height=\"420\" srcset=\"https:\/\/www.marvinchen.de\/olgas_welt\/blog\/wp-content\/uploads\/2011\/07\/IMG_0121a.jpg 800w, https:\/\/www.marvinchen.de\/olgas_welt\/blog\/wp-content\/uploads\/2011\/07\/IMG_0121a-300x225.jpg 300w\" sizes=\"auto, (max-width: 560px) 100vw, 560px\" \/><\/a><\/p>\n<p>Das war nicht die letzte Pause, welche unserem leiblichen Wohl diente. Auf dem Weg nach Unten kehrten wir in einer Strau\u00dfwirtschaft ein, wo wir zu unglaublich g\u00fcnstigen Preisen leckeren Wein und nicht weniger leckere S\u00e4fte (1\/4 l f\u00fcr 50 ct!!!) in einer gelassenen Biergartenatmosph\u00e4re geniessen konnten.<\/p>\n<p style=\"text-align: center;\"><a rel=\"attachment wp-att-664\" href=\"https:\/\/www.marvinchen.de\/olgas_welt\/blog\/2011\/07\/sommerleben-teil-2-carpe-diem-und-in-vino-veritas\/img_0143a\/\"><img loading=\"lazy\" decoding=\"async\" class=\"size-full wp-image-664 aligncenter\" src=\"https:\/\/www.marvinchen.de\/olgas_welt\/blog\/wp-content\/uploads\/2011\/07\/IMG_0143a.jpg\" alt=\"\" width=\"554\" height=\"729\" srcset=\"https:\/\/www.marvinchen.de\/olgas_welt\/blog\/wp-content\/uploads\/2011\/07\/IMG_0143a.jpg 554w, https:\/\/www.marvinchen.de\/olgas_welt\/blog\/wp-content\/uploads\/2011\/07\/IMG_0143a-300x394.jpg 300w\" sizes=\"auto, (max-width: 554px) 100vw, 554px\" \/><\/a><\/p>\n<p>Allerdings haben wir drei den Altersdurchschnitt der Besucher in diesem Getr\u00e4nkeparadies unglaublich stark nach unten korrigiert.\u00a0\u00a0\u00a0 \ud83d\ude09\u00a0\u00a0\u00a0 \u00dcbrigens, weiss jemand (ohne zu googeln\u00a0\u00a0\u00a0 \ud83d\ude09\u00a0\u00a0\u00a0 ), was der Begriff &#8222;Strau\u00dfwirtschaft&#8220; eigentlich bedeutet?\u00a0 Wir wussten es nicht und lie\u00dfen\u00a0ihn uns von der netten Bedienung erkl\u00e4ren\u00a0\u00a0\u00a0 \ud83d\ude00<br \/>\nEin Tipp: Es hat nichts mit dem gleichnamigen Vogel zu tun\u00a0\u00a0\u00a0 \ud83d\ude09<\/p>\n<p>Als unsere Wanderrunde zu Ende war, hielten wir noch kurz bei &#8222;Edeka&#8220; an, um unsere Mineralwasservorr\u00e4te aufzustocken. Dass\u00a0am Ende nicht nur die geplanten 2 K\u00e4sten Wasser im Einkaufswagen lagen, war ja klar. Als Trost g\u00f6nnten wir uns noch eine Kugeleis- bzw. Milchshakerunde bei <a href=\"http:\/\/www.good-mimis.de\/\" target=\"_blank\">Good Mimi&#8217;s<\/a>\u00a0&#8211; aus meiner Sicht gibt es dort das leckereste Eis in der ganzen Stadt\u00a0\u00a0\u00a0 :verliebt:<\/p>\n<p>Den Rest des Tages verbrachten wir wieder auf der Terrasse, spielten ein DDR-Quiz, w\u00e4hrend sich unsere F\u00fc\u00dfe Stra\u00dfen und Berge in die Sandlandschaft meines Terrassenstrands gruben, tranken Sekt und Cola, a\u00dfen Baguette mit eingelegten Peperronis, Schinken, K\u00e4se und f\u00fchlten uns einfach\u00a0in einen 1-Tag-Urlaub versetzt &#8230;<\/p>\n<p>\u00dcbrigens, den ganzen Tag haben wir an den unterschiedlichen Stellen unserer Wege\u00a0den Spruch &#8222;Carpe Diem&#8220; entdeckt &#8211; der passte perfekt dazu!\u00a0\u00a0\u00a0<\/p>\n<p>Heute werden alle Sachen aufgeholt, die die letzte Woche liegenblieben sind, unter anderem auch\u00a0ein Krimi-zu-Ende-lesen, Blogeintr\u00e4ge schreiben, Bilder von beiden Ereignissen sichten und die Ehemann-Ehefrau-Beziehung\u00a0pflegen\u00a0\u00a0\u00a0 \ud83d\ude09<\/p>\n","protected":false},"excerpt":{"rendered":"<p>Der Samstag wurde f\u00fcr eine Wanderung mit Kerstin\u00a0auf dem Weinlehrpfand in Radebeul auserkoren. Wir stellten unser Auto am Schlo\u00df Wackerbarth\u00a0ab und bereits am Anfang unserer Route waren wir von der wundersch\u00f6nen\u00a0Landschaft v\u00f6llig \u00fcberw\u00e4ltigt. Der Wettergott lie\u00df sich auch an diesem Tag nicht lumpen und g\u00f6nnte uns strahlenden Sonnenschein und einen wolkenlosen Himmel in so intensivem [&hellip;]<\/p>\n","protected":false},"author":3,"featured_media":0,"comment_status":"open","ping_status":"closed","sticky":false,"template":"","format":"standard","meta":{"ngg_post_thumbnail":0,"footnotes":""},"categories":[3,5,4,7,1],"tags":[206,537,580,567,592,21,248,463],"class_list":["post-661","post","type-post","status-publish","format-standard","hentry","category-ausfluege-und-reisen","category-essen-und-trinken","category-freud-und-leid","category-freunde-und-co","category-olca-und-stan","tag-kerstin","tag-lesen","tag-olga-carsten","tag-sommer","tag-spiel","tag-urlaub","tag-wandern","tag-wein"],"_links":{"self":[{"href":"https:\/\/www.marvinchen.de\/olgas_welt\/blog\/wp-json\/wp\/v2\/posts\/661","targetHints":{"allow":["GET"]}}],"collection":[{"href":"https:\/\/www.marvinchen.de\/olgas_welt\/blog\/wp-json\/wp\/v2\/posts"}],"about":[{"href":"https:\/\/www.marvinchen.de\/olgas_welt\/blog\/wp-json\/wp\/v2\/types\/post"}],"author":[{"embeddable":true,"href":"https:\/\/www.marvinchen.de\/olgas_welt\/blog\/wp-json\/wp\/v2\/users\/3"}],"replies":[{"embeddable":true,"href":"https:\/\/www.marvinchen.de\/olgas_welt\/blog\/wp-json\/wp\/v2\/comments?post=661"}],"version-history":[{"count":0,"href":"https:\/\/www.marvinchen.de\/olgas_welt\/blog\/wp-json\/wp\/v2\/posts\/661\/revisions"}],"wp:attachment":[{"href":"https:\/\/www.marvinchen.de\/olgas_welt\/blog\/wp-json\/wp\/v2\/media?parent=661"}],"wp:term":[{"taxonomy":"category","embeddable":true,"href":"https:\/\/www.marvinchen.de\/olgas_welt\/blog\/wp-json\/wp\/v2\/categories?post=661"},{"taxonomy":"post_tag","embeddable":true,"href":"https:\/\/www.marvinchen.de\/olgas_welt\/blog\/wp-json\/wp\/v2\/tags?post=661"}],"curies":[{"name":"wp","href":"https:\/\/api.w.org\/{rel}","templated":true}]}}