{"id":666,"date":"2011-07-18T07:43:13","date_gmt":"2011-07-18T05:43:13","guid":{"rendered":"http:\/\/www.marvinchen.de\/olgas_welt\/blog\/?p=666"},"modified":"2011-07-18T10:59:33","modified_gmt":"2011-07-18T08:59:33","slug":"kinderfrei","status":"publish","type":"post","link":"https:\/\/www.marvinchen.de\/olgas_welt\/blog\/2011\/07\/kinderfrei\/","title":{"rendered":"Kinderfrei"},"content":{"rendered":"<p>Es war eine sch\u00f6ne, sommerliche Woche und da sich auch unsere M\u00e4dels\u00a0Urlaub von uns g\u00f6nnen, fiel es mir nicht schwer, mich nach dem Feierabend so richtig zu erholen: Carsten und ich haben uns sowohl getrennt als auch gemeinsam mit eingen Bekannten zum entspannten Schwatz getroffen, wir haben die etwas verregneten Tage dazu genutzt, um unsere Trailersammlung anzusehen, ich komme mit dem Lesen von B\u00fcchern viel schneller voran und dabei habe ich sogar die Nerven und die Zeit,\u00a0mich mal wieder der etwas ernsteren Literatur zu widmen.<\/p>\n<p>Ich lasse mich oft von Kinotrailern beeinflussen, besonders wenn sie\u00a0Filme pr\u00e4sentieren,\u00a0die aus einer Buchvorlage heraus entstanden sind. So bin ich auch zum Buch &#8222;Sarahs Schl\u00fcssel&#8220; von Tatiana de Rosnay\u00a0gekommen. Eine Geschichte, die\u00a0sich\u00a0mit j\u00fcdischen Kindern in der Zeit des 2. Weltkriegs befa\u00dft, kann man niemals eine entspannte Lekt\u00fcre nennen. Es ist ein trauriges, sehr bewegendes Buch, welches mich wohl noch eine Weile besch\u00e4ftigen wird. Denn\u00a0m\u00f6gen die Ereignisse noch so weit zur\u00fcck liegen, es gibt immer noch eine Verbindung zwischen &#8222;damals&#8220; und &#8222;jetzt&#8220;. Das Buch ist auf jeden Fall sehr empfehlenswert.<\/p>\n<p>Da das Wetter am Wochenende sch\u00f6n war, waren Carsten und ich nahezu die ganzen Tage unterwegs. Wir haben uns am Samstag das &#8222;All You Can Eat&#8220;-Mittagsangebot\u00a0des Asiarestaurants &#8222;Dschingiskhan&#8220; schmecken lassen und schlenderten danach noch ganz gem\u00e4chlich \u00fcber die Prager Stra\u00dfe. Ich habe wirklich nur einen einzigen Laden besucht, aber ich habe darin endlich mal wieder eine Handtasche nach meinem Geschmack gefunden: schlicht, bequem und mit vielen F\u00e4chern.\u00a0\u00a0\u00a0\u00a0\ud83d\ude42\u00a0\u00a0\u00a0 Anschlie\u00dfend verbrachten wir den gesamten Nachmittag und Abend mit Kerstin und Andreas, einem P\u00e4rchen, welches wir beim Spanischunterricht kennengelernt haben.\u00a0Es war eine lustige Zeit und\u00a0der Besuch in ihrem Garten hat mich in meinem Wunsch best\u00e4rkt,\u00a0mir endlich mal\u00a0eine H\u00e4ngematte zu g\u00f6nnen. Diesen hat mir Carsten nun auch schon fast erf\u00fcllt, denn gestern Abend hat\u00a0er\u00a0schon eine gro\u00dfz\u00fcgige H\u00e4ngematte und ein Stahlgestell bei Amazon bestellt.\u00a0\u00a0\u00a0\u00a0\ud83d\ude00<\/p>\n<p>Am Sonntag konnte ich nichts anderes tun als meine Kamera einzuschalten, denn ich habe in einem Kornfeld etwas Au\u00dfergew\u00f6hnliches entdeckt:<\/p>\n<p><a rel=\"attachment wp-att-667\" href=\"https:\/\/www.marvinchen.de\/olgas_welt\/blog\/2011\/07\/kinderfrei\/img_0010a\/\"><img loading=\"lazy\" decoding=\"async\" class=\"aligncenter size-full wp-image-667\" src=\"https:\/\/www.marvinchen.de\/olgas_welt\/blog\/wp-content\/uploads\/2011\/07\/IMG_0010a.jpg\" alt=\"\" width=\"800\" height=\"600\" srcset=\"https:\/\/www.marvinchen.de\/olgas_welt\/blog\/wp-content\/uploads\/2011\/07\/IMG_0010a.jpg 800w, https:\/\/www.marvinchen.de\/olgas_welt\/blog\/wp-content\/uploads\/2011\/07\/IMG_0010a-300x225.jpg 300w\" sizes=\"auto, (max-width: 800px) 100vw, 800px\" \/><\/a><\/p>\n<p>Schaut mal, was sich dort\u00a0versteckt hat:<\/p>\n<p><a rel=\"attachment wp-att-668\" href=\"https:\/\/www.marvinchen.de\/olgas_welt\/blog\/2011\/07\/kinderfrei\/img_0011a\/\"><img loading=\"lazy\" decoding=\"async\" class=\"aligncenter size-full wp-image-668\" src=\"https:\/\/www.marvinchen.de\/olgas_welt\/blog\/wp-content\/uploads\/2011\/07\/IMG_0011a.jpg\" alt=\"\" width=\"800\" height=\"533\" srcset=\"https:\/\/www.marvinchen.de\/olgas_welt\/blog\/wp-content\/uploads\/2011\/07\/IMG_0011a.jpg 800w, https:\/\/www.marvinchen.de\/olgas_welt\/blog\/wp-content\/uploads\/2011\/07\/IMG_0011a-300x199.jpg 300w\" sizes=\"auto, (max-width: 800px) 100vw, 800px\" \/><\/a><\/p>\n<p>Ein B\u00e4r im Kornfeld!!!!<\/p>\n<p>Erst bestaunte er die H\u00f6he der \u00c4hren, aber dann entdeckte er, dass man darin sogar Trockenschwimmen kann:<\/p>\n<p><a rel=\"attachment wp-att-669\" href=\"https:\/\/www.marvinchen.de\/olgas_welt\/blog\/2011\/07\/kinderfrei\/img_0023a\/\"><img loading=\"lazy\" decoding=\"async\" class=\"aligncenter size-full wp-image-669\" src=\"https:\/\/www.marvinchen.de\/olgas_welt\/blog\/wp-content\/uploads\/2011\/07\/IMG_0023a.jpg\" alt=\"\" width=\"800\" height=\"533\" srcset=\"https:\/\/www.marvinchen.de\/olgas_welt\/blog\/wp-content\/uploads\/2011\/07\/IMG_0023a.jpg 800w, https:\/\/www.marvinchen.de\/olgas_welt\/blog\/wp-content\/uploads\/2011\/07\/IMG_0023a-300x199.jpg 300w\" sizes=\"auto, (max-width: 800px) 100vw, 800px\" \/><\/a><\/p>\n<p>Irgendwie haben die Kornfelder auf die Teddyb\u00e4ren einen besonderen Einfluss, denn darin scheinen sie erfolgreich der Erdanziehungskraft trotzen zu k\u00f6nnen:<\/p>\n<p><a rel=\"attachment wp-att-670\" href=\"https:\/\/www.marvinchen.de\/olgas_welt\/blog\/2011\/07\/kinderfrei\/img_0030a-2\/\"><img loading=\"lazy\" decoding=\"async\" class=\"aligncenter size-full wp-image-670\" src=\"https:\/\/www.marvinchen.de\/olgas_welt\/blog\/wp-content\/uploads\/2011\/07\/IMG_0030a1.jpg\" alt=\"\" width=\"800\" height=\"533\" srcset=\"https:\/\/www.marvinchen.de\/olgas_welt\/blog\/wp-content\/uploads\/2011\/07\/IMG_0030a1.jpg 800w, https:\/\/www.marvinchen.de\/olgas_welt\/blog\/wp-content\/uploads\/2011\/07\/IMG_0030a1-300x199.jpg 300w\" sizes=\"auto, (max-width: 800px) 100vw, 800px\" \/><\/a><\/p>\n<p>Irre, nicht wahr?\u00a0\u00a0\u00a0 \ud83d\ude09<\/p>\n","protected":false},"excerpt":{"rendered":"<p>Es war eine sch\u00f6ne, sommerliche Woche und da sich auch unsere M\u00e4dels\u00a0Urlaub von uns g\u00f6nnen, fiel es mir nicht schwer, mich nach dem Feierabend so richtig zu erholen: Carsten und ich haben uns sowohl getrennt als auch gemeinsam mit eingen Bekannten zum entspannten Schwatz getroffen, wir haben die etwas verregneten Tage dazu genutzt, um unsere [&hellip;]<\/p>\n","protected":false},"author":3,"featured_media":0,"comment_status":"open","ping_status":"closed","sticky":false,"template":"","format":"standard","meta":{"ngg_post_thumbnail":0,"footnotes":""},"categories":[3,478,5,12,7,8,1],"tags":[60,14,260,237,709,13,244],"class_list":["post-666","post","type-post","status-publish","format-standard","hentry","category-ausfluege-und-reisen","category-bariges-leben","category-essen-und-trinken","category-film-und-fernsehen","category-freunde-und-co","category-hoeren-und-lesen","category-olca-und-stan","tag-buch","tag-carsten","tag-essen","tag-freunde","tag-kinderlos","tag-olga","tag-teddybaren"],"_links":{"self":[{"href":"https:\/\/www.marvinchen.de\/olgas_welt\/blog\/wp-json\/wp\/v2\/posts\/666","targetHints":{"allow":["GET"]}}],"collection":[{"href":"https:\/\/www.marvinchen.de\/olgas_welt\/blog\/wp-json\/wp\/v2\/posts"}],"about":[{"href":"https:\/\/www.marvinchen.de\/olgas_welt\/blog\/wp-json\/wp\/v2\/types\/post"}],"author":[{"embeddable":true,"href":"https:\/\/www.marvinchen.de\/olgas_welt\/blog\/wp-json\/wp\/v2\/users\/3"}],"replies":[{"embeddable":true,"href":"https:\/\/www.marvinchen.de\/olgas_welt\/blog\/wp-json\/wp\/v2\/comments?post=666"}],"version-history":[{"count":0,"href":"https:\/\/www.marvinchen.de\/olgas_welt\/blog\/wp-json\/wp\/v2\/posts\/666\/revisions"}],"wp:attachment":[{"href":"https:\/\/www.marvinchen.de\/olgas_welt\/blog\/wp-json\/wp\/v2\/media?parent=666"}],"wp:term":[{"taxonomy":"category","embeddable":true,"href":"https:\/\/www.marvinchen.de\/olgas_welt\/blog\/wp-json\/wp\/v2\/categories?post=666"},{"taxonomy":"post_tag","embeddable":true,"href":"https:\/\/www.marvinchen.de\/olgas_welt\/blog\/wp-json\/wp\/v2\/tags?post=666"}],"curies":[{"name":"wp","href":"https:\/\/api.w.org\/{rel}","templated":true}]}}