{"id":6708,"date":"2019-07-14T20:15:38","date_gmt":"2019-07-14T18:15:38","guid":{"rendered":"http:\/\/www.marvinchen.de\/olgas_welt\/blog\/?p=6708"},"modified":"2019-07-14T20:22:38","modified_gmt":"2019-07-14T18:22:38","slug":"das-kreisen-in-der-thermik-der-tage","status":"publish","type":"post","link":"https:\/\/www.marvinchen.de\/olgas_welt\/blog\/2019\/07\/das-kreisen-in-der-thermik-der-tage\/","title":{"rendered":"Das Kreisen in der Thermik der Tage"},"content":{"rendered":"<p>In meinem Leben passieren mal wieder jede Menge interessanter Dinge, die mir in dem derzeit recht anstrengendem Arbeitsalltag (aufgrund Urlaubsvertretung) immer wieder&nbsp;<a href=\"https:\/\/de.wikipedia.org\/wiki\/Thermik\" target=\"_blank\" rel=\"noopener\">Aufwind<\/a> geben.<\/p>\n<p>Als erstes m\u00f6chte ich nat\u00fcrlich davon berichten, was mich \u00fcberhaupt auf diesen etwas ungew\u00f6hnlichen Vergleich gebracht hat. Wie letztes Jahr wurde vom Sportstudio unseres Arbeitgebers auch in diesem Sommer als Spezialevent <a href=\"https:\/\/www.marvinchen.de\/olgas_welt\/blog\/2018\/07\/dem-himmel-so-nah\/\" target=\"_blank\" rel=\"noopener\">Fl\u00fcge mit einem Segelflieger<\/a>&nbsp;angeboten. Zwar ohne Carsten, aber daf\u00fcr mit meiner besten Freundin Anna, war ich deshalb erneut mal wieder auf dem <a href=\"https:\/\/www.fcbronkow.de\/\" target=\"_blank\" rel=\"noopener\">Flugplatz des Fliegerclubs in Bronkow<\/a> &#8230; da kannte ich mich also inzwischen schon ein wenig aus.<\/p>\n<p style=\"text-align: center;\"><img loading=\"lazy\" decoding=\"async\" class=\"aligncenter size-full wp-image-6710\" src=\"https:\/\/www.marvinchen.de\/olgas_welt\/blog\/wp-content\/uploads\/2019\/07\/01.jpg\" alt=\"\" width=\"560\" height=\"420\" srcset=\"https:\/\/www.marvinchen.de\/olgas_welt\/blog\/wp-content\/uploads\/2019\/07\/01.jpg 560w, https:\/\/www.marvinchen.de\/olgas_welt\/blog\/wp-content\/uploads\/2019\/07\/01-300x225.jpg 300w\" sizes=\"auto, (max-width: 560px) 100vw, 560px\" \/><\/p>\n<p>Anna wollte es diesmal eben auch ausprobieren und zum Gl\u00fcck hatte sie vorher Geburtstag und somit fiel meine Entscheidung f\u00fcr ein geeignetes Geschenk sehr schnell: ein Gutschein f\u00fcr zwei Fl\u00fcge &nbsp; &nbsp;\ud83d\ude09<br \/>\nSo wie es aussieht, ist sie jetzt wohl ebenfalls (wie wir) auf den Geschmack gekommen&nbsp; &nbsp; \ud83d\ude42<\/p>\n<p style=\"text-align: center;\"><img loading=\"lazy\" decoding=\"async\" class=\"aligncenter size-full wp-image-6709\" src=\"https:\/\/www.marvinchen.de\/olgas_welt\/blog\/wp-content\/uploads\/2019\/07\/03-1.jpg\" alt=\"\" width=\"420\" height=\"560\" srcset=\"https:\/\/www.marvinchen.de\/olgas_welt\/blog\/wp-content\/uploads\/2019\/07\/03-1.jpg 420w, https:\/\/www.marvinchen.de\/olgas_welt\/blog\/wp-content\/uploads\/2019\/07\/03-1-300x400.jpg 300w\" sizes=\"auto, (max-width: 420px) 100vw, 420px\" \/><\/p>\n<p>Ich bin nat\u00fcrlich auch zweimal mit einem erfahrenen Piloten geflogen. Beim ersten Mal hatten wir sehr viel Gl\u00fcck mit der Thermik und konnten kreisend immer mehr an H\u00f6he gewinnen, beim zweiten Flug hat das leider nicht mehr so geklappt, weshalb es nur eine schnelle Nummer wurde &#8211; aber sch\u00f6n war es trotzdem!&nbsp;Die Jungs des Fliegervereins k\u00fcmmern sich au\u00dferdem immer \u00e4u\u00dferst r\u00fchrend um ihre Flugg\u00e4ste! Nur das Catering an Bord l\u00e4\u00dft bedauerlich sehr zu w\u00fcnschen \u00fcbrig &nbsp; &nbsp;\ud83d\ude00<\/p>\n<p style=\"text-align: center;\"><img loading=\"lazy\" decoding=\"async\" class=\"aligncenter size-full wp-image-6712\" src=\"https:\/\/www.marvinchen.de\/olgas_welt\/blog\/wp-content\/uploads\/2019\/07\/02-1.jpg\" alt=\"\" width=\"420\" height=\"560\" srcset=\"https:\/\/www.marvinchen.de\/olgas_welt\/blog\/wp-content\/uploads\/2019\/07\/02-1.jpg 420w, https:\/\/www.marvinchen.de\/olgas_welt\/blog\/wp-content\/uploads\/2019\/07\/02-1-300x400.jpg 300w\" sizes=\"auto, (max-width: 420px) 100vw, 420px\" \/><\/p>\n<p>Im Gegenzug k\u00fcmmerten Anna und ich uns dann freiwillig und mit viel Herz um Max &#8230; ein schwarzer Hund, den der Pilot Manfred mit zum Flugplatz gebracht hat:<\/p>\n<p style=\"text-align: center;\"><img loading=\"lazy\" decoding=\"async\" class=\"aligncenter size-full wp-image-6713\" src=\"https:\/\/www.marvinchen.de\/olgas_welt\/blog\/wp-content\/uploads\/2019\/07\/04-1.jpg\" alt=\"\" width=\"560\" height=\"420\" srcset=\"https:\/\/www.marvinchen.de\/olgas_welt\/blog\/wp-content\/uploads\/2019\/07\/04-1.jpg 560w, https:\/\/www.marvinchen.de\/olgas_welt\/blog\/wp-content\/uploads\/2019\/07\/04-1-300x225.jpg 300w\" sizes=\"auto, (max-width: 560px) 100vw, 560px\" \/><\/p>\n<p>Es war aber auch ein so lieber, der Max &#8230; Manfred nat\u00fcrlich auch&nbsp; &nbsp; \ud83d\ude42<\/p>\n<p>Wir hatten jedenfalls alle einen sehr tollen Freitagnachmittag und damit einen absolut hervorragenden Start ins Wochenende. Und dieses hatte f\u00fcr mich noch weitere Highlights im Angebot.<\/p>\n<p>Zum einen konnte ich zwei ganz bezaubernde Models fotografieren, die ein gro\u00dfes Faible f\u00fcrs Mittelalter haben &#8211; zumindest in Bezug auf die Kleidung. Ich pr\u00e4sentiere euch an dieser Stelle &#8222;<a style=\"line-height: 1.5;\" href=\"https:\/\/de.wikipedia.org\/wiki\/Schneewei%C3%9Fchen_und_Rosenrot\" target=\"_blank\" rel=\"noopener\">Schneewei\u00dfchen und Rosenrot<\/a>&#8220; a.k.a. Romy und Julia:<\/p>\n<p style=\"text-align: center;\"><img loading=\"lazy\" decoding=\"async\" class=\"aligncenter size-full wp-image-6714\" src=\"https:\/\/www.marvinchen.de\/olgas_welt\/blog\/wp-content\/uploads\/2019\/07\/04-1-1.jpg\" alt=\"\" width=\"560\" height=\"373\" srcset=\"https:\/\/www.marvinchen.de\/olgas_welt\/blog\/wp-content\/uploads\/2019\/07\/04-1-1.jpg 560w, https:\/\/www.marvinchen.de\/olgas_welt\/blog\/wp-content\/uploads\/2019\/07\/04-1-1-300x200.jpg 300w\" sizes=\"auto, (max-width: 560px) 100vw, 560px\" \/><\/p>\n<p>Es sind sehr viele sch\u00f6ne und lebendige Bilder entstanden. Vielleicht komme ich irgendwann mal zeitlich dazu, hier in meinem Blog in altbekannter Manier eine Geschichte damit zu &#8222;basteln&#8220; &nbsp; &nbsp;\ud83d\ude09<br \/>\nRomy ist allerdings nicht nur vom Mittelalter angetan, sondern hat au\u00dferdem noch eine Vorliebe f\u00fcr das Universum der Elfen, was man auf diesem Bild sicherlich unschwer erkennen kann:<\/p>\n<p style=\"text-align: center;\"><img loading=\"lazy\" decoding=\"async\" class=\"aligncenter size-full wp-image-6715\" src=\"https:\/\/www.marvinchen.de\/olgas_welt\/blog\/wp-content\/uploads\/2019\/07\/IMG_0521.jpg\" alt=\"\" width=\"420\" height=\"630\" srcset=\"https:\/\/www.marvinchen.de\/olgas_welt\/blog\/wp-content\/uploads\/2019\/07\/IMG_0521.jpg 420w, https:\/\/www.marvinchen.de\/olgas_welt\/blog\/wp-content\/uploads\/2019\/07\/IMG_0521-300x450.jpg 300w\" sizes=\"auto, (max-width: 420px) 100vw, 420px\" \/><\/p>\n<p>An dem Wochenende konnten Carsten und ich zudem noch unser Interessen in Bezug auf Dresdner Geschichten auf einen weiteren bislang unbekannten Bereich richten: bei der Igeltour &#8222;<a href=\"http:\/\/www.igeltour-dresden.de\/index.php\/igeltouren\/kunst-literatur-architektur\" target=\"_blank\" rel=\"noopener\">Dresdens zweite Gartenstadt &#8211; die Eigenheimsiedlung in Briesnitz<\/a>&#8220; . Daf\u00fcr mussten wir nur ganz in die N\u00e4he unseres ehemaligen Wohnsitzes fahren und konnten dort beim Gang durch die Strassen am Rande des Zschonergrundes in die liebevoll erz\u00e4hlten Geschichten aus den vergangenen Jahrhunderten eintauchen.<\/p>\n<p style=\"text-align: center;\"><img loading=\"lazy\" decoding=\"async\" class=\"aligncenter size-full wp-image-6716\" src=\"https:\/\/www.marvinchen.de\/olgas_welt\/blog\/wp-content\/uploads\/2019\/07\/05.jpg\" alt=\"\" width=\"560\" height=\"420\" srcset=\"https:\/\/www.marvinchen.de\/olgas_welt\/blog\/wp-content\/uploads\/2019\/07\/05.jpg 560w, https:\/\/www.marvinchen.de\/olgas_welt\/blog\/wp-content\/uploads\/2019\/07\/05-300x225.jpg 300w\" sizes=\"auto, (max-width: 560px) 100vw, 560px\" \/><\/p>\n<p>Am Ende dieser Tour haben wir noch einen kleinen Abstecher zur ehemaligen Grundschule unserer Kinder gemacht, da diese quasi auf dem R\u00fcckweg lag. Wir waren beide sehr \u00fcberrascht, wie pr\u00e4chtig sich die 2006 eigenh\u00e4ndig von uns als Abschlussgeschenk gepflanzte H\u00e4ngebirke inzwischen entwickelt hat:<\/p>\n<p style=\"text-align: center;\"><img loading=\"lazy\" decoding=\"async\" class=\"aligncenter size-full wp-image-6717\" src=\"https:\/\/www.marvinchen.de\/olgas_welt\/blog\/wp-content\/uploads\/2019\/07\/06-1.jpg\" alt=\"\" width=\"420\" height=\"560\" srcset=\"https:\/\/www.marvinchen.de\/olgas_welt\/blog\/wp-content\/uploads\/2019\/07\/06-1.jpg 420w, https:\/\/www.marvinchen.de\/olgas_welt\/blog\/wp-content\/uploads\/2019\/07\/06-1-300x400.jpg 300w\" sizes=\"auto, (max-width: 420px) 100vw, 420px\" \/><\/p>\n<p>Hier ist das Vergleichsbild &#8211; so sah das Birkchen aus, als es in die karge und steinige Erde am Rande des Schulhofs eingebuddelt wurde:<\/p>\n<p style=\"text-align: center;\"><img loading=\"lazy\" decoding=\"async\" class=\"aligncenter size-full wp-image-6718\" src=\"https:\/\/www.marvinchen.de\/olgas_welt\/blog\/wp-content\/uploads\/2019\/07\/07-1.jpg\" alt=\"\" width=\"420\" height=\"560\" srcset=\"https:\/\/www.marvinchen.de\/olgas_welt\/blog\/wp-content\/uploads\/2019\/07\/07-1.jpg 420w, https:\/\/www.marvinchen.de\/olgas_welt\/blog\/wp-content\/uploads\/2019\/07\/07-1-300x400.jpg 300w\" sizes=\"auto, (max-width: 420px) 100vw, 420px\" \/><\/p>\n<p>Was die vergangenen 13 Jahre doch ausmachen, nicht wahr?<\/p>\n<p>Am Montag haben Carsten und ich dann relativ spontan beschlossen, abends mal wieder ins Kino zu gehen.<\/p>\n<p style=\"text-align: center;\"><img loading=\"lazy\" decoding=\"async\" class=\"aligncenter size-full wp-image-6719\" src=\"https:\/\/www.marvinchen.de\/olgas_welt\/blog\/wp-content\/uploads\/2019\/07\/08-1.jpg\" alt=\"\" width=\"560\" height=\"373\" srcset=\"https:\/\/www.marvinchen.de\/olgas_welt\/blog\/wp-content\/uploads\/2019\/07\/08-1.jpg 560w, https:\/\/www.marvinchen.de\/olgas_welt\/blog\/wp-content\/uploads\/2019\/07\/08-1-300x200.jpg 300w\" sizes=\"auto, (max-width: 560px) 100vw, 560px\" \/><\/p>\n<p>Wir sahen vor einiger Zeit den Trailer zur Doku &#8222;<a href=\"https:\/\/www.youtube.com\/watch?v=UfDTM4JxHl8\" target=\"_blank\" rel=\"noopener\">Unsere gro\u00dfe kleine Farm<\/a>&#8220; und diese Vorschau hat uns so neugierig auf den Film gemacht, dass wir gleich die M\u00f6glichkeit der Preview genutzt haben &#8211; seit dem 11. Juli (Donnerstag) kann man ihn dann ganz regul\u00e4r im Kino sehen &#8230; sehr wahrscheinlich aber auch nur in ausgew\u00e4hlten Programmkinos.<\/p>\n<p>Wir k\u00f6nnen ihn wirklich sehr empfehlen, denn die darin agierenden Leute, die aus einem unwirtlichen, ausgebeuteten und vernachl\u00e4ssigten St\u00fcck Land bei Los Angeles im Einklang mit den Gesetzen der Natur ein gr\u00fcnes und bl\u00fchendes Paradies erschaffen haben, erz\u00e4hlen ihre Geschichte so pers\u00f6nlich, dass es einen einfach nur ber\u00fchren kann. Und die Tiere, welche in diesem Film definitiv den gr\u00f6\u00dften Platz einnehmen, sind einfach nur goldig &#8211; wenn auch nicht immer artig&nbsp; &nbsp; \ud83d\ude09<\/p>\n<p>Mit meinen Arbeitskolleginnen aus den Patientenaufnahmen habe ich dann am Donnerstag einen sehr sch\u00f6nen Abend im Biergarten &#8222;<a href=\"https:\/\/www.paul-rackwitz.de\/\" target=\"_blank\" rel=\"noopener\">Paul Rackwitz<\/a>&#8220; verbracht, denn im Alltagsgeschehen kommt man ja eher selten dazu, ausgiebig (\u00fcber private Dinge) zu schwatzen.<\/p>\n<p style=\"text-align: center;\"><img loading=\"lazy\" decoding=\"async\" class=\"aligncenter size-full wp-image-6720\" src=\"https:\/\/www.marvinchen.de\/olgas_welt\/blog\/wp-content\/uploads\/2019\/07\/09-1.jpg\" alt=\"\" width=\"560\" height=\"373\" srcset=\"https:\/\/www.marvinchen.de\/olgas_welt\/blog\/wp-content\/uploads\/2019\/07\/09-1.jpg 560w, https:\/\/www.marvinchen.de\/olgas_welt\/blog\/wp-content\/uploads\/2019\/07\/09-1-300x200.jpg 300w\" sizes=\"auto, (max-width: 560px) 100vw, 560px\" \/><\/p>\n<p>Wir verstehen uns alle recht gut und da war ein entspannter Abend zum Schnattern bei einem Bierchen bzw. Weinchen ein sch\u00f6ner Ausklang nach getaner Arbeit. Ich bin an dieser Stelle den Mitarbeitern des Biergartens zudem sehr dankbar, dass sie nach nur einer kurzen Reservierung per Email am Vormittag extra f\u00fcr uns zw\u00f6lf Personen eine gro\u00dfe Tafel vorbereitet haben, die wir dann um 18 Uhr ganz f\u00fcr uns alleine hatten. In einem Biergarten eher selten, oder nicht?<\/p>\n<p>Dieses Wochenende war wieder nahezu ein sehr ruhiges, denn wir mussten nicht gro\u00df raus oder waren zeitlich an irgendetwas gebunden. Carsten hat zwar seinem Arbeitskollegen versprochen, sich von Freitag bis Montag um dessen Stubentiger zu k\u00fcmmern &#8230;<\/p>\n<p style=\"text-align: center;\"><img loading=\"lazy\" decoding=\"async\" class=\"aligncenter size-full wp-image-6721\" src=\"https:\/\/www.marvinchen.de\/olgas_welt\/blog\/wp-content\/uploads\/2019\/07\/11-1.jpg\" alt=\"\" width=\"560\" height=\"522\" srcset=\"https:\/\/www.marvinchen.de\/olgas_welt\/blog\/wp-content\/uploads\/2019\/07\/11-1.jpg 560w, https:\/\/www.marvinchen.de\/olgas_welt\/blog\/wp-content\/uploads\/2019\/07\/11-1-300x280.jpg 300w\" sizes=\"auto, (max-width: 560px) 100vw, 560px\" \/><\/p>\n<p>&#8230; aber die jeweils kleinen, ca. 10 min langen Spazierg\u00e4nge schoben wir irgendwann mal nachmittags zwischen das allgemein recht gro\u00dfe Faulenzen. War aber auch kein gro\u00dfer Akt, denn wir \u00fcbernahmen schon ab und zu mal diesen Dosen\u00f6ffnerdienst, nur bei den vorherigen F\u00fctterungsbesuchen hat sich die Katze immer nur in einer gesch\u00fctzten Ecke hinter der Couch im Wohnzimmer versteckt. Erstaunlicherweise blieb sie jetzt trotz unserer Anwesenheit doch mal auf ihrem Beobachtungsposten:<\/p>\n<p style=\"text-align: center;\"><img loading=\"lazy\" decoding=\"async\" class=\"aligncenter size-full wp-image-6722\" src=\"https:\/\/www.marvinchen.de\/olgas_welt\/blog\/wp-content\/uploads\/2019\/07\/10-1.jpg\" alt=\"\" width=\"420\" height=\"630\" srcset=\"https:\/\/www.marvinchen.de\/olgas_welt\/blog\/wp-content\/uploads\/2019\/07\/10-1.jpg 420w, https:\/\/www.marvinchen.de\/olgas_welt\/blog\/wp-content\/uploads\/2019\/07\/10-1-300x450.jpg 300w\" sizes=\"auto, (max-width: 420px) 100vw, 420px\" \/><\/p>\n<p>Man beachte ihre Schwanzposition&nbsp; &nbsp; \ud83d\ude09 &nbsp; &nbsp;wir haben uns auf jeden Fall dar\u00fcber gefreut, dass sie jetzt nicht mehr so ver\u00e4ngstigt ist. Allerdings konnten wir des Halters Wunsch nicht nachkommen, dem Tier auch noch eine Tablette zu verabreichen, denn so nah lie\u00df sie uns dann doch nicht an sich heran. Wir haben es beim ersten Besuch kurz versucht, aber ihre Z\u00e4hne und Krallen sind nicht zu verachten &#8230;<\/p>\n<p>Was vergessen? Ach ja, wir bekamen auch mal wieder f\u00fcr ein paar Tage Besuch von Stephanie. Diesmal hatte sie allerdings im Vorfeld ihres Dresdenbesuchs ziemlich viele Verabredungen mit ihren Freunden ausgemacht und daher haben wir nicht so oft zusammenhocken k\u00f6nnen. Aber das holen wir dann w\u00e4hrend unseres vierw\u00f6chigen Urlaubs in Kanada nach &#8230; in etwas mehr als eine Monat ist es n\u00e4mlich endlich soweit und wir werden mit ihr 30 Tage in einem Wohnwagen irgendwo zwischen Vancouver und Calgary verbringen.<\/p>\n","protected":false},"excerpt":{"rendered":"<p>In meinem Leben passieren mal wieder jede Menge interessanter Dinge, die mir in dem derzeit recht anstrengendem Arbeitsalltag (aufgrund Urlaubsvertretung) immer wieder&nbsp;Aufwind geben. Als erstes m\u00f6chte ich nat\u00fcrlich davon berichten, was mich \u00fcberhaupt auf diesen etwas ungew\u00f6hnlichen Vergleich gebracht hat. Wie letztes Jahr wurde vom Sportstudio unseres Arbeitgebers auch in diesem Sommer als Spezialevent Fl\u00fcge [&hellip;]<\/p>\n","protected":false},"author":3,"featured_media":0,"comment_status":"open","ping_status":"closed","sticky":false,"template":"","format":"standard","meta":{"ngg_post_thumbnail":0,"footnotes":""},"categories":[3,5,12,822,4,7,1],"tags":[56,1006,1765,1791,14,2026,52,716,1541,830,925,1423,318,354,826,159,2028,13,1990,1431,760,2025,15,2027,400],"class_list":["post-6708","post","type-post","status-publish","format-standard","hentry","category-ausfluege-und-reisen","category-essen-und-trinken","category-film-und-fernsehen","category-fotografie-und-photoshop","category-freud-und-leid","category-freunde-und-co","category-olca-und-stan","tag-anna","tag-biergarten","tag-birke","tag-bronkow","tag-carsten","tag-doku","tag-film","tag-fotografieren","tag-gordon","tag-hund","tag-igeltour","tag-julia","tag-katze","tag-kino","tag-kinofilm","tag-kollegen","tag-mittelalter","tag-olga","tag-paul-rackwitz","tag-romy","tag-schauburg","tag-segelflieger","tag-stephanie","tag-vergliech","tag-zeit"],"_links":{"self":[{"href":"https:\/\/www.marvinchen.de\/olgas_welt\/blog\/wp-json\/wp\/v2\/posts\/6708","targetHints":{"allow":["GET"]}}],"collection":[{"href":"https:\/\/www.marvinchen.de\/olgas_welt\/blog\/wp-json\/wp\/v2\/posts"}],"about":[{"href":"https:\/\/www.marvinchen.de\/olgas_welt\/blog\/wp-json\/wp\/v2\/types\/post"}],"author":[{"embeddable":true,"href":"https:\/\/www.marvinchen.de\/olgas_welt\/blog\/wp-json\/wp\/v2\/users\/3"}],"replies":[{"embeddable":true,"href":"https:\/\/www.marvinchen.de\/olgas_welt\/blog\/wp-json\/wp\/v2\/comments?post=6708"}],"version-history":[{"count":0,"href":"https:\/\/www.marvinchen.de\/olgas_welt\/blog\/wp-json\/wp\/v2\/posts\/6708\/revisions"}],"wp:attachment":[{"href":"https:\/\/www.marvinchen.de\/olgas_welt\/blog\/wp-json\/wp\/v2\/media?parent=6708"}],"wp:term":[{"taxonomy":"category","embeddable":true,"href":"https:\/\/www.marvinchen.de\/olgas_welt\/blog\/wp-json\/wp\/v2\/categories?post=6708"},{"taxonomy":"post_tag","embeddable":true,"href":"https:\/\/www.marvinchen.de\/olgas_welt\/blog\/wp-json\/wp\/v2\/tags?post=6708"}],"curies":[{"name":"wp","href":"https:\/\/api.w.org\/{rel}","templated":true}]}}