{"id":6725,"date":"2019-07-20T19:24:07","date_gmt":"2019-07-20T17:24:07","guid":{"rendered":"http:\/\/www.marvinchen.de\/olgas_welt\/blog\/?p=6725"},"modified":"2019-07-20T19:24:07","modified_gmt":"2019-07-20T17:24:07","slug":"fotojahresplan-2018-vignetten","status":"publish","type":"post","link":"https:\/\/www.marvinchen.de\/olgas_welt\/blog\/2019\/07\/fotojahresplan-2018-vignetten\/","title":{"rendered":"Fotojahresplan 2018 &#8211; Vignetten"},"content":{"rendered":"<p>Das Wort <a href=\"https:\/\/de.wikipedia.org\/wiki\/Vignettierung\" target=\"_blank\" rel=\"noopener\">Vignette<\/a> kommt aus dem Franz\u00f6sischen und bedeutet Randverzierung. Bei Fotos benutzt man diesen Begriff, um einen Randlichtabfall, also eine Abdunkelung des Fotos von der Mitte zu den R\u00e4ndern zu beschreiben. Heutzutage kann man das Dank verschiedener Bildbearbeitungsprogramme schnell nachtr\u00e4glich hinzuf\u00fcgen. Mein Interesse lag aber eher darin, diesen Effekt bereits beim Fotografieren zu erzeugen. Im September, dem Monat in welchem ich dieses Thema eingeplant hatte, waren wir allerdings mehr als die H\u00e4lfte des Monats im Urlaub auf Hawaii, daher versuchte ich es unterwegs zun\u00e4chst eher mit ganz nat\u00fcrlichen Mitteln.<\/p>\n<p>Ein strahlendes und farbintensives Motiv war dort zum Gl\u00fcck so gut wie immer verf\u00fcgbar: die Sonne. Wenn sie durch die Bl\u00e4tter der B\u00e4ume schien, hatte ich ja bereits die gew\u00fcnschte Wirkung:<\/p>\n<p style=\"text-align: center;\"><img loading=\"lazy\" decoding=\"async\" class=\"aligncenter size-full wp-image-6726\" src=\"https:\/\/www.marvinchen.de\/olgas_welt\/blog\/wp-content\/uploads\/2019\/07\/IMG_0356.jpg\" alt=\"\" width=\"560\" height=\"420\" srcset=\"https:\/\/www.marvinchen.de\/olgas_welt\/blog\/wp-content\/uploads\/2019\/07\/IMG_0356.jpg 560w, https:\/\/www.marvinchen.de\/olgas_welt\/blog\/wp-content\/uploads\/2019\/07\/IMG_0356-300x225.jpg 300w\" sizes=\"auto, (max-width: 560px) 100vw, 560px\" \/><\/p>\n<p style=\"text-align: center;\"><img loading=\"lazy\" decoding=\"async\" class=\"aligncenter size-full wp-image-6727\" src=\"https:\/\/www.marvinchen.de\/olgas_welt\/blog\/wp-content\/uploads\/2019\/07\/IMG_0403.jpg\" alt=\"\" width=\"420\" height=\"560\" srcset=\"https:\/\/www.marvinchen.de\/olgas_welt\/blog\/wp-content\/uploads\/2019\/07\/IMG_0403.jpg 420w, https:\/\/www.marvinchen.de\/olgas_welt\/blog\/wp-content\/uploads\/2019\/07\/IMG_0403-300x400.jpg 300w\" sizes=\"auto, (max-width: 420px) 100vw, 420px\" \/><\/p>\n<p style=\"text-align: center;\"><img loading=\"lazy\" decoding=\"async\" class=\"aligncenter size-full wp-image-6728\" src=\"https:\/\/www.marvinchen.de\/olgas_welt\/blog\/wp-content\/uploads\/2019\/07\/IMG_0405.jpg\" alt=\"\" width=\"560\" height=\"420\" srcset=\"https:\/\/www.marvinchen.de\/olgas_welt\/blog\/wp-content\/uploads\/2019\/07\/IMG_0405.jpg 560w, https:\/\/www.marvinchen.de\/olgas_welt\/blog\/wp-content\/uploads\/2019\/07\/IMG_0405-300x225.jpg 300w\" sizes=\"auto, (max-width: 560px) 100vw, 560px\" \/><\/p>\n<p>Zuhause konnte ich dann meine Vorstellungen, die ich beim Festlegen des Projekts zu Jahresbeginn im Sinn hatte, aufgrund der wenigen Zeit bis zum Monatsende lediglich auf einen einzigen Nachmittag legen.<\/p>\n<p>Ich suchte in meinem Haushalt unterschiedliche Stoffe&nbsp;<span style=\"line-height: 1.5;\">zusammen<\/span><span style=\"line-height: 1.5;\">, &nbsp;wie z.B. Papiertaschentuch, Alufolie, Pergamentpapier, Mullbinde, durchsichtige Stofffetzen und einen Gummiring. Alle Hilfsmittel mussten nur so gro\u00df sein, dass ich damit m\u00fchelos das Objektiv meiner Kamera abdecken und sie darauf mit dem Gummiring festmachen konnte.<\/span><\/p>\n<p style=\"text-align: center;\"><img loading=\"lazy\" decoding=\"async\" class=\"aligncenter size-full wp-image-6729\" src=\"https:\/\/www.marvinchen.de\/olgas_welt\/blog\/wp-content\/uploads\/2019\/07\/IMG_0308.jpg\" alt=\"\" width=\"560\" height=\"373\" srcset=\"https:\/\/www.marvinchen.de\/olgas_welt\/blog\/wp-content\/uploads\/2019\/07\/IMG_0308.jpg 560w, https:\/\/www.marvinchen.de\/olgas_welt\/blog\/wp-content\/uploads\/2019\/07\/IMG_0308-300x200.jpg 300w\" sizes=\"auto, (max-width: 560px) 100vw, 560px\" \/><\/p>\n<p>Die L\u00f6cher darin hatten eine direkte Auswirkung darauf, wie&nbsp;<span style=\"line-height: 1.5;\">letzten Endes<\/span><span style=\"line-height: 1.5;\">&nbsp;<\/span><span style=\"line-height: 1.5;\">das Bildmotiv (hierbei habe ich mich f\u00fcr f\u00fcr eine brennende Kerze entschieden) auf den Betrachter wirkt.<\/span><\/p>\n<p>Beispiel Nummer 1 der etwas l\u00e4nglich geratene Durchblick beim Papiertaschentuch:<\/p>\n<p style=\"text-align: center;\"><img loading=\"lazy\" decoding=\"async\" class=\"aligncenter size-full wp-image-6730\" src=\"https:\/\/www.marvinchen.de\/olgas_welt\/blog\/wp-content\/uploads\/2019\/07\/IMG_0251.jpg\" alt=\"\" width=\"420\" height=\"630\" srcset=\"https:\/\/www.marvinchen.de\/olgas_welt\/blog\/wp-content\/uploads\/2019\/07\/IMG_0251.jpg 420w, https:\/\/www.marvinchen.de\/olgas_welt\/blog\/wp-content\/uploads\/2019\/07\/IMG_0251-300x450.jpg 300w\" sizes=\"auto, (max-width: 420px) 100vw, 420px\" \/><\/p>\n<p>Die Alufolie hat erwartungsgem\u00e4\u00df einen ziemlich klaren und dadurch etwas h\u00e4rteren Rand erzeugt:<\/p>\n<p style=\"text-align: center;\"><img loading=\"lazy\" decoding=\"async\" class=\"aligncenter size-full wp-image-6731\" src=\"https:\/\/www.marvinchen.de\/olgas_welt\/blog\/wp-content\/uploads\/2019\/07\/IMG_0297.jpg\" alt=\"\" width=\"420\" height=\"630\" srcset=\"https:\/\/www.marvinchen.de\/olgas_welt\/blog\/wp-content\/uploads\/2019\/07\/IMG_0297.jpg 420w, https:\/\/www.marvinchen.de\/olgas_welt\/blog\/wp-content\/uploads\/2019\/07\/IMG_0297-300x450.jpg 300w\" sizes=\"auto, (max-width: 420px) 100vw, 420px\" \/><\/p>\n<p>Ich habe danach den Ausschnitt etwas vergr\u00f6\u00dfert und da die Folie dadurch mehr auf den Rand des Bilder verschoben wurde, hat man eben auch mehr von der Kerze gesehen:<\/p>\n<p style=\"text-align: center;\"><img loading=\"lazy\" decoding=\"async\" class=\"aligncenter size-full wp-image-6732\" src=\"https:\/\/www.marvinchen.de\/olgas_welt\/blog\/wp-content\/uploads\/2019\/07\/IMG_0304.jpg\" alt=\"\" width=\"420\" height=\"630\" srcset=\"https:\/\/www.marvinchen.de\/olgas_welt\/blog\/wp-content\/uploads\/2019\/07\/IMG_0304.jpg 420w, https:\/\/www.marvinchen.de\/olgas_welt\/blog\/wp-content\/uploads\/2019\/07\/IMG_0304-300x450.jpg 300w\" sizes=\"auto, (max-width: 420px) 100vw, 420px\" \/><\/p>\n<p>Das Butterbrotpapier lie\u00df&nbsp;<span style=\"line-height: 1.5;\">am Rande<\/span><span style=\"line-height: 1.5;\">&nbsp;leider&nbsp;<\/span><span style=\"line-height: 1.5;\">auch nicht so viel Licht durch, aber ich finde, das gesamte Bild wirkt schon etwas weicher als beim Versuch mit der Alufolie:<\/span><\/p>\n<p style=\"text-align: center;\"><img loading=\"lazy\" decoding=\"async\" class=\"aligncenter size-full wp-image-6733\" src=\"https:\/\/www.marvinchen.de\/olgas_welt\/blog\/wp-content\/uploads\/2019\/07\/IMG_0289.jpg\" alt=\"\" width=\"420\" height=\"630\" srcset=\"https:\/\/www.marvinchen.de\/olgas_welt\/blog\/wp-content\/uploads\/2019\/07\/IMG_0289.jpg 420w, https:\/\/www.marvinchen.de\/olgas_welt\/blog\/wp-content\/uploads\/2019\/07\/IMG_0289-300x450.jpg 300w\" sizes=\"auto, (max-width: 420px) 100vw, 420px\" \/><\/p>\n<p>Das Schleifenband aus zart gr\u00fcnen Organza war zu schmal f\u00fcr mein Vorhaben, aber ich wolle es trotzdem nutzen. Deshalb habe ich es in drei St\u00fccke geschnitten und mit dem Gummi in Form eines Dreiecks an meinem Objektiv fest gemacht. Mit dem Ergebnis war ich durchaus zufrieden:<\/p>\n<p style=\"text-align: center;\"><img loading=\"lazy\" decoding=\"async\" class=\"aligncenter size-full wp-image-6734\" src=\"https:\/\/www.marvinchen.de\/olgas_welt\/blog\/wp-content\/uploads\/2019\/07\/IMG_0276.jpg\" alt=\"\" width=\"420\" height=\"630\" srcset=\"https:\/\/www.marvinchen.de\/olgas_welt\/blog\/wp-content\/uploads\/2019\/07\/IMG_0276.jpg 420w, https:\/\/www.marvinchen.de\/olgas_welt\/blog\/wp-content\/uploads\/2019\/07\/IMG_0276-300x450.jpg 300w\" sizes=\"auto, (max-width: 420px) 100vw, 420px\" \/><\/p>\n<p>Dichtere Stoffe decken nat\u00fcrlich auch etwas mehr ab. Es spielt dabei allerdings auch noch eine Rolle, ob der Stoff wei\u00df &#8230;<\/p>\n<p style=\"text-align: center;\"><img loading=\"lazy\" decoding=\"async\" class=\"aligncenter size-full wp-image-6735\" src=\"https:\/\/www.marvinchen.de\/olgas_welt\/blog\/wp-content\/uploads\/2019\/07\/IMG_0290.jpg\" alt=\"\" width=\"420\" height=\"630\" srcset=\"https:\/\/www.marvinchen.de\/olgas_welt\/blog\/wp-content\/uploads\/2019\/07\/IMG_0290.jpg 420w, https:\/\/www.marvinchen.de\/olgas_welt\/blog\/wp-content\/uploads\/2019\/07\/IMG_0290-300x450.jpg 300w\" sizes=\"auto, (max-width: 420px) 100vw, 420px\" \/><\/p>\n<p>&#8230; oder schwarz ist:<\/p>\n<p style=\"text-align: center;\"><img loading=\"lazy\" decoding=\"async\" class=\"aligncenter size-full wp-image-6736\" src=\"https:\/\/www.marvinchen.de\/olgas_welt\/blog\/wp-content\/uploads\/2019\/07\/IMG_0285.jpg\" alt=\"\" width=\"420\" height=\"630\" srcset=\"https:\/\/www.marvinchen.de\/olgas_welt\/blog\/wp-content\/uploads\/2019\/07\/IMG_0285.jpg 420w, https:\/\/www.marvinchen.de\/olgas_welt\/blog\/wp-content\/uploads\/2019\/07\/IMG_0285-300x450.jpg 300w\" sizes=\"auto, (max-width: 420px) 100vw, 420px\" \/><\/p>\n<p>Wie schon am Anfang gesagt, waren diesmal leider nicht so viele Versuche m\u00f6glich, da die Zeit f\u00fcr meine Ideen am Ende nicht vollst\u00e4ndig ausgereicht hat. Ich f\u00fcr meinen Teil habe dennoch einige neue Erkenntnisse gewonnen und kann nun auch auf die Schnelle und mit einfachen Mitteln einen weichen Randabfall bei meinen Bildern herzaubern. Vielleicht habt ihr hier ja jetzt auch die eine oder andere Inspiration f\u00fcr euch entdeckt?<\/p>\n","protected":false},"excerpt":{"rendered":"<p>Das Wort Vignette kommt aus dem Franz\u00f6sischen und bedeutet Randverzierung. Bei Fotos benutzt man diesen Begriff, um einen Randlichtabfall, also eine Abdunkelung des Fotos von der Mitte zu den R\u00e4ndern zu beschreiben. Heutzutage kann man das Dank verschiedener Bildbearbeitungsprogramme schnell nachtr\u00e4glich hinzuf\u00fcgen. Mein Interesse lag aber eher darin, diesen Effekt bereits beim Fotografieren zu erzeugen. [&hellip;]<\/p>\n","protected":false},"author":3,"featured_media":0,"comment_status":"open","ping_status":"closed","sticky":false,"template":"","format":"standard","meta":{"ngg_post_thumbnail":0,"footnotes":""},"categories":[3,822,4,1],"tags":[2032,587,716,955,1833,1031,13,245,2031,2029,2030,400,2033],"class_list":["post-6725","post","type-post","status-publish","format-standard","hentry","category-ausfluege-und-reisen","category-fotografie-und-photoshop","category-freud-und-leid","category-olca-und-stan","tag-effekt","tag-foto","tag-fotografieren","tag-fotohjaresplan","tag-hawaii","tag-kerze","tag-olga","tag-sonne","tag-stoff","tag-vignette","tag-vignettieren","tag-zeit","tag-zeitdruck"],"_links":{"self":[{"href":"https:\/\/www.marvinchen.de\/olgas_welt\/blog\/wp-json\/wp\/v2\/posts\/6725","targetHints":{"allow":["GET"]}}],"collection":[{"href":"https:\/\/www.marvinchen.de\/olgas_welt\/blog\/wp-json\/wp\/v2\/posts"}],"about":[{"href":"https:\/\/www.marvinchen.de\/olgas_welt\/blog\/wp-json\/wp\/v2\/types\/post"}],"author":[{"embeddable":true,"href":"https:\/\/www.marvinchen.de\/olgas_welt\/blog\/wp-json\/wp\/v2\/users\/3"}],"replies":[{"embeddable":true,"href":"https:\/\/www.marvinchen.de\/olgas_welt\/blog\/wp-json\/wp\/v2\/comments?post=6725"}],"version-history":[{"count":0,"href":"https:\/\/www.marvinchen.de\/olgas_welt\/blog\/wp-json\/wp\/v2\/posts\/6725\/revisions"}],"wp:attachment":[{"href":"https:\/\/www.marvinchen.de\/olgas_welt\/blog\/wp-json\/wp\/v2\/media?parent=6725"}],"wp:term":[{"taxonomy":"category","embeddable":true,"href":"https:\/\/www.marvinchen.de\/olgas_welt\/blog\/wp-json\/wp\/v2\/categories?post=6725"},{"taxonomy":"post_tag","embeddable":true,"href":"https:\/\/www.marvinchen.de\/olgas_welt\/blog\/wp-json\/wp\/v2\/tags?post=6725"}],"curies":[{"name":"wp","href":"https:\/\/api.w.org\/{rel}","templated":true}]}}