{"id":6851,"date":"2019-11-03T12:48:37","date_gmt":"2019-11-03T11:48:37","guid":{"rendered":"http:\/\/www.marvinchen.de\/olgas_welt\/blog\/?p=6851"},"modified":"2019-11-03T14:59:47","modified_gmt":"2019-11-03T13:59:47","slug":"vom-alten-neuen-und-dem-herbst","status":"publish","type":"post","link":"https:\/\/www.marvinchen.de\/olgas_welt\/blog\/2019\/11\/vom-alten-neuen-und-dem-herbst\/","title":{"rendered":"Vom Alten, Neuen und dem Herbst"},"content":{"rendered":"<p>Ich stelle mal wieder mit Schrecken fest, dass ich mich beim Schreiben hier\u00a0erneut rar gemacht habe. Nun versuche ich euch mal ganz schnell in all das einzuweihen, was Carsten und ich in den letzten Tagen so erleben konnten.<\/p>\n<p>Vor genau zwei Wochen beschlossen wir beide, einen schon etwas l\u00e4nger an unserer Pinnwand h\u00e4ngenden Gutschein einzul\u00f6sen. Diesen hatte ich\u00a0<span style=\"line-height: 1.5\">schon vor knapp einem Jahr<\/span><span style=\"line-height: 1.5\">\u00a0<\/span><span style=\"line-height: 1.5\">von Lisa und Kathrin als Dankesch\u00f6n f\u00fcr meine Russisch-Nachhilfe erhalten. Jetzt waren wir reif daf\u00fcr, mal wieder so richtig sch\u00f6n brunchen zu gehen und da kam uns dieses Geschenk von den beiden M\u00e4dels nat\u00fcrlich gerade recht. Wir haben bislang noch nie im <\/span><a style=\"line-height: 1.5\" href=\"https:\/\/www.rosengarten-erleben.de\/\" target=\"_blank\" rel=\"noopener\">Rosengarten<\/a><span style=\"line-height: 1.5\">\u00a0gegessen und waren dementsprechend sehr gespannt. Trotz Nieselregens entschieden wir uns vom Apartamento OLCA bis dort zu Fu\u00df zu gehen, denn wir konnten auf der Altst\u00e4dter Seite gem\u00fctlich entlang der Elbe schlendern, einen Blick auf den heute stattfindenden Flohmarkt werfen, musste dann nur noch den Flu\u00df via Albertbr\u00fccke \u00fcberqueren und liefen sogar erst noch durch den f\u00fcr dieses Lokal namensgebenden Rosengarten. Es gab auch noch vereinzelt ein paar Bl\u00fctenst\u00e4nde &#8230;<\/span><\/p>\n<p style=\"text-align: center\"><img loading=\"lazy\" decoding=\"async\" class=\"aligncenter size-full wp-image-6852\" src=\"https:\/\/www.marvinchen.de\/olgas_welt\/blog\/wp-content\/uploads\/2019\/11\/04.jpg\" alt=\"\" width=\"420\" height=\"560\" srcset=\"https:\/\/www.marvinchen.de\/olgas_welt\/blog\/wp-content\/uploads\/2019\/11\/04.jpg 420w, https:\/\/www.marvinchen.de\/olgas_welt\/blog\/wp-content\/uploads\/2019\/11\/04-300x400.jpg 300w\" sizes=\"auto, (max-width: 420px) 100vw, 420px\" \/><\/p>\n<p>Die gesamte Umgebung machte selbst bei diesem etwas ungem\u00fctlichen Herbstwetter einen sehr netten Eindruck als man auf das Restaurant zuging:<\/p>\n<p style=\"text-align: center\"><img loading=\"lazy\" decoding=\"async\" class=\"aligncenter size-full wp-image-6853\" src=\"https:\/\/www.marvinchen.de\/olgas_welt\/blog\/wp-content\/uploads\/2019\/11\/01.jpg\" alt=\"\" width=\"560\" height=\"420\" srcset=\"https:\/\/www.marvinchen.de\/olgas_welt\/blog\/wp-content\/uploads\/2019\/11\/01.jpg 560w, https:\/\/www.marvinchen.de\/olgas_welt\/blog\/wp-content\/uploads\/2019\/11\/01-300x225.jpg 300w\" sizes=\"auto, (max-width: 560px) 100vw, 560px\" \/><\/p>\n<p>Das Ganze sieht im Sommer bestimmt noch sehr viel besser aus! Nur den Gedanken, eventuell drau\u00dfen sitzen zu k\u00f6nnen, haben wir \u00e4u\u00dferst schnell verworfen:<\/p>\n<p style=\"text-align: center\"><img loading=\"lazy\" decoding=\"async\" class=\"aligncenter size-full wp-image-6854\" src=\"https:\/\/www.marvinchen.de\/olgas_welt\/blog\/wp-content\/uploads\/2019\/11\/03.jpg\" alt=\"\" width=\"420\" height=\"560\" srcset=\"https:\/\/www.marvinchen.de\/olgas_welt\/blog\/wp-content\/uploads\/2019\/11\/03.jpg 420w, https:\/\/www.marvinchen.de\/olgas_welt\/blog\/wp-content\/uploads\/2019\/11\/03-300x400.jpg 300w\" sizes=\"auto, (max-width: 420px) 100vw, 420px\" \/><\/p>\n<p>Im Herbst bleibt man doch lieber in \u00fcberdachten und beheizten R\u00e4umen sitzen, um das melancholisch anmutende Wetter nur durch ein sch\u00fctzendes Fenster zu beobachten. Der Brunch richtete sich ganz nach italienischem Geschmack und auch die Musik, welche im Hintergrund lief, kam aus Italien: Eros Ramazotti schmachtete mehrere Lieder lang aus den Lautsprechern. Wir fanden das Angebot auf dem Buffet sehr ansprechend, das Personal sehr entspannt und hilfsbereit und haben unsere Zeit mit mehrg\u00e4ngigem Herumnaschen zusammen mit Reden \u00fcber alles m\u00f6gliche, was uns gerade durch den Kopf ging, sehr genossen.<\/p>\n<p>In die gro\u00dfe Uhr \u00fcber dem Buffet haben wir uns auch verliebt, denn wir beide finden, dass diese auf der Klinkerwand einfach spitzenm\u00e4\u00dfig aussieht! W\u00fcrden wir sofort kaufen wollen, aber uns fehlt einfach eine entsprechende Wand daf\u00fcr &#8230;<\/p>\n<p style=\"text-align: center\"><img loading=\"lazy\" decoding=\"async\" class=\"aligncenter size-full wp-image-6855\" src=\"https:\/\/www.marvinchen.de\/olgas_welt\/blog\/wp-content\/uploads\/2019\/11\/02.jpg\" alt=\"\" width=\"560\" height=\"420\" srcset=\"https:\/\/www.marvinchen.de\/olgas_welt\/blog\/wp-content\/uploads\/2019\/11\/02.jpg 560w, https:\/\/www.marvinchen.de\/olgas_welt\/blog\/wp-content\/uploads\/2019\/11\/02-300x225.jpg 300w\" sizes=\"auto, (max-width: 560px) 100vw, 560px\" \/><\/p>\n<p>An dieser Stelle nochmals ein riesengro\u00dfes Dankesch\u00f6n an Kathrin und Lisa &#8211; ohne euch h\u00e4tten wir dieses Kleinod der Dresdner Gastronomie h\u00f6chstwahrscheinlich nie entdeckt!<\/p>\n<p>Als wir dann mit vollen B\u00e4uchen durch den <a href=\"https:\/\/de.wikipedia.org\/wiki\/Rosengarten_(Dresden)\" target=\"_blank\" rel=\"noopener\">Rosengarten<\/a> zur\u00fcck zur Innenstadt liefen, entdeckten wir durch Zufall noch etwas ganz Besonderes!<\/p>\n<p style=\"text-align: center\"><img loading=\"lazy\" decoding=\"async\" class=\"aligncenter size-full wp-image-6856\" src=\"https:\/\/www.marvinchen.de\/olgas_welt\/blog\/wp-content\/uploads\/2019\/11\/05.jpg\" alt=\"\" width=\"420\" height=\"560\" srcset=\"https:\/\/www.marvinchen.de\/olgas_welt\/blog\/wp-content\/uploads\/2019\/11\/05.jpg 420w, https:\/\/www.marvinchen.de\/olgas_welt\/blog\/wp-content\/uploads\/2019\/11\/05-300x400.jpg 300w\" sizes=\"auto, (max-width: 420px) 100vw, 420px\" \/><\/p>\n<p>Dieser <a href=\"http:\/\/www.rosengarten-dresden.de\/index.php?id=203\" target=\"_blank\" rel=\"noopener\">B\u00e4r von Rudolf L\u00f6hner<\/a> ist wirklich zum Schreien liebensw\u00fcrdig!<\/p>\n<p>Wir gingen nach dem Essen \u00fcbrigens nicht nach Hause, sondern mal wieder zu einer Igeltour. Diesmal war es eine F\u00fchrung, welche durch die Innenstadt f\u00fchrte und das Thema &#8222;Der 9. November \u2013 (K)ein deutscher Schicksalstag in Dresden?&#8220; behandelte. Gemeint sind nat\u00fcrlich die Jahre 1918 (Novemberrevolution), 1938 (Brand der Synagoge) und nat\u00fcrlich 1989 (Wende).\u00a0 Wir konnten mal wieder einiges aus einem anderen Blickwinkel sehen und nun habe ich auch eine genaue Vorstellung dar\u00fcber, wie die Dresdner Synagoge vor dem Brand aussah und was dabei passierte. Das neu errichtete Nachfolgegeb\u00e4ude fand ich noch nie sonderlich h\u00fcbsch &#8211; es erinnert mich eher an eine Burg mit Schie\u00dfscharten. Jetzt kenne ich sogar auch das alte Aussehen und finde die neue Version bei weitem nicht so attraktiv wie das urspr\u00fcngliche Werk von Gottfried Semper &#8211; Architekt der ber\u00fchmten Semperoper:<\/p>\n<p style=\"text-align: center\"><img loading=\"lazy\" decoding=\"async\" class=\"aligncenter size-full wp-image-6857\" src=\"https:\/\/www.marvinchen.de\/olgas_welt\/blog\/wp-content\/uploads\/2019\/11\/07.jpg\" alt=\"\" width=\"560\" height=\"420\" srcset=\"https:\/\/www.marvinchen.de\/olgas_welt\/blog\/wp-content\/uploads\/2019\/11\/07.jpg 560w, https:\/\/www.marvinchen.de\/olgas_welt\/blog\/wp-content\/uploads\/2019\/11\/07-300x225.jpg 300w\" sizes=\"auto, (max-width: 560px) 100vw, 560px\" \/><\/p>\n<p>Am darauffolgenden Sonntag war das Wetter wesentlich besser und wir folgten nur allzu gern einer Einladung von Kerstin, mit ihr und ein paar ihrer Freunde durch den Rabenauer Grund zu wandern.<\/p>\n<p style=\"text-align: center\"><img loading=\"lazy\" decoding=\"async\" class=\"aligncenter size-full wp-image-6859\" src=\"https:\/\/www.marvinchen.de\/olgas_welt\/blog\/wp-content\/uploads\/2019\/11\/14.jpg\" alt=\"\" width=\"420\" height=\"630\" srcset=\"https:\/\/www.marvinchen.de\/olgas_welt\/blog\/wp-content\/uploads\/2019\/11\/14.jpg 420w, https:\/\/www.marvinchen.de\/olgas_welt\/blog\/wp-content\/uploads\/2019\/11\/14-300x450.jpg 300w\" sizes=\"auto, (max-width: 420px) 100vw, 420px\" \/><\/p>\n<p>Dies war nicht unsere erste Laufrunde in dieser Gegend, denn wir waren schon einmal mit Ines und Torsten dort unterwegs und ein weiteres Mal zu einer gef\u00fchrten Wanderung mit einem Trainer aus dem Fitnessstudios unseres Arbeitgebers. Aber selbst bei diesem dritten Mal entdeckten wir wieder etwas komplett Neues, wie zum Beispiel die Somsdorfer Klamm (steil bergauf) und die Himmelsleiter (steil bergab) &#8230; beides war obgleich der vielen Stufen und der rutschigen Bl\u00e4tter definitiv nicht meine Lieblingsabschnitte dieser Ganztagswanderung! Ich liebe eben ein entspanntes Laufen und Umhergucken, doch diese beiden Strecken erforderten jegliche Aufmerksamkeit und gro\u00dfe Konzentration von einem. Ansonsten war es ein wundersch\u00f6ner, sonniger Herbsttag und man hatte viele netten Menschen um sich, mit den man \u00fcber Gott und die Welt plaudern konnte.<\/p>\n<p>Jetzt, wo wir schon mal im Entdeckermodus waren, trauten wir uns gerne an die n\u00e4chste neue Erfahrung: Ich war schon mal vor 2 Jahren zu einem Gesch\u00e4ftsessen im vegetarischen Restaurant &#8222;<a href=\"https:\/\/www.brennnessel-dresden.com\/\" target=\"_blank\" rel=\"noopener\">brennNessel<\/a>&#8220; und damals sehr von der gem\u00fctlichen Atmosph\u00e4re und den leckeren Gerichten angetan. Schon damals konnte ich mit meiner Schw\u00e4rmerei auch Carstens Neugier wecken, aber als spontaner Besucher hat man so gut wie nie eine Chance, einen Tisch zu bekommen und wir hatten es leider immer wieder verpasst, vorab zu reservieren. Also planten wir unseren Besuch nun sehr zeitig und bekamen auch erfolgreich einen Tisch am Dienstagabend. Der Laden war tats\u00e4chlich auch an dem Tag (mitten in der Woche!) rappelvoll! Das Essen schmeckte erneut superlecker. Ich hatte einen Polenta-Spinat-Auflauf und dies war Carstens Sp\u00e4tzle-Lauch-Zucchini-Auflauf mit Brie:<\/p>\n<p style=\"text-align: center\"><img loading=\"lazy\" decoding=\"async\" class=\"aligncenter size-full wp-image-6858\" src=\"https:\/\/www.marvinchen.de\/olgas_welt\/blog\/wp-content\/uploads\/2019\/11\/09.jpg\" alt=\"\" width=\"420\" height=\"630\" srcset=\"https:\/\/www.marvinchen.de\/olgas_welt\/blog\/wp-content\/uploads\/2019\/11\/09.jpg 420w, https:\/\/www.marvinchen.de\/olgas_welt\/blog\/wp-content\/uploads\/2019\/11\/09-300x450.jpg 300w\" sizes=\"auto, (max-width: 420px) 100vw, 420px\" \/><\/p>\n<p>Auch wenn das f\u00fcr die meisten unserer Freunde und Bekannte v\u00f6llig unglaubw\u00fcrdig klingt, aber mein Mann fand das vegetarische Essen tats\u00e4chlich sehr lecker und hat alles ganz brav aufgegessen! Danach kehrten wir noch bei McDonalds ein &#8230; nein, Scherz! \u00a0 \u00a0\ud83d\ude09<\/p>\n<p>Der Abend des darauffolgenden Mittwochs n\u00e4hrte mich mit geistiger Nahrung, denn in der Dresdner Hauptbibliothek wurde das neue Buch der inzwischen sehr angesagten russischen Autorin <a href=\"https:\/\/de.wikipedia.org\/wiki\/Gusel_Jachina\" target=\"_blank\" rel=\"noopener\">Gusel Jachina<\/a> vorgestellt und ich bin Anna sehr dankbar, dass sie an mich gedacht und mich mitgenommen hat. Ich habe mal von einer Freundin ihr erstes Buch als Geschenk bekommen &#8211; nat\u00fcrlich in der Originalsprache. Dieses Buch ist inzwischen in 34 Sprachen \u00fcbersetzt: auf deutsch &#8222;<a href=\"https:\/\/www.srf.ch\/sendungen\/52-beste-buecher\/suleika-oeffnet-die-augen-von-gusel-jachina\" target=\"_blank\" rel=\"noopener\">Suleika \u00f6ffnet die Augen<\/a>&#8220; . Wer ernste Literatur mag und keine Probleme damit hat, sich mit dem traurigen Kapitel der russischen Geschichte zur Zeit Stalins zu befassen, dem kann ich das Buch nur w\u00e4rmstens empfehlen! Ich konnte es beim Lesen einfach nicht zur Seite legen! Diesmal wurde ihr neues Buch &#8222;Wolgakinder&#8220; vorgestellt. Es geht darin um die Geschichte der deutschen Familien, welche einst einer Einladung Katharina der Gro\u00dfen folgten, sich an der Wolga ansiedelten und nun den Wirrungen und Katastrophen der Zeiten nach der Oktoberrevolution ausgeliefert waren. Leider wurde es vor Ort nur in deutscher \u00dcbersetzung verkauft.\u00a0Zum Gl\u00fcck hat die Autorin auch mitgebrachte B\u00fccher signiert:<\/p>\n<p style=\"text-align: center\"><img loading=\"lazy\" decoding=\"async\" class=\"aligncenter size-full wp-image-6861\" src=\"https:\/\/www.marvinchen.de\/olgas_welt\/blog\/wp-content\/uploads\/2019\/11\/10.jpg\" alt=\"\" width=\"420\" height=\"560\" srcset=\"https:\/\/www.marvinchen.de\/olgas_welt\/blog\/wp-content\/uploads\/2019\/11\/10.jpg 420w, https:\/\/www.marvinchen.de\/olgas_welt\/blog\/wp-content\/uploads\/2019\/11\/10-300x400.jpg 300w\" sizes=\"auto, (max-width: 420px) 100vw, 420px\" \/><\/p>\n<p>Das neue Buch habe ich mir nun in russischer Sprache \u00fcber einen Online-Buchversand bestellt, es ist gerade geliefert worden. Ich sch\u00e4tze, dass ich f\u00fcr die knapp 490 Seiten auch diesmal nicht zu viel Zeit ben\u00f6tigen werde, weil ich es hintereinander weg lesen will.<\/p>\n<p>Zum Thema B\u00fccher und Neuentdeckungen habe ich noch etwas anderes zu erz\u00e4hlen. Ich st\u00f6berte mal wieder dem <a href=\"http:\/\/www.vorwerkpodemus.de\/service\/impressum.html\" target=\"_blank\" rel=\"noopener\">Bioladen an der UKD<\/a>\u00a0und enteckte dabei neben vielen sehr leckeren Sachen auch einen Jahresplaner von <a href=\"https:\/\/www.matabooks.de\/\" target=\"_blank\" rel=\"noopener\">Matabooks<\/a>: diese werden aus Graspapier gefertigt und ich fand sie nicht nur wegen des Materials und der Haptik oder auch weil es ein Unternehmen aus Dresden ist, echt klasse:<\/p>\n<p style=\"text-align: center\"><img loading=\"lazy\" decoding=\"async\" class=\"aligncenter size-full wp-image-6862\" src=\"https:\/\/www.marvinchen.de\/olgas_welt\/blog\/wp-content\/uploads\/2019\/11\/15.jpg\" alt=\"\" width=\"420\" height=\"630\" srcset=\"https:\/\/www.marvinchen.de\/olgas_welt\/blog\/wp-content\/uploads\/2019\/11\/15.jpg 420w, https:\/\/www.marvinchen.de\/olgas_welt\/blog\/wp-content\/uploads\/2019\/11\/15-300x450.jpg 300w\" sizes=\"auto, (max-width: 420px) 100vw, 420px\" \/><\/p>\n<p>Der Jahresplaner mit dem Elefanten auf dem Buchdeckel wurde von <a href=\"https:\/\/www.matabooks.de\/team\/#sophie\" target=\"_blank\" rel=\"noopener\">Sophie Thiele<\/a>, der Tochter von ganz lieben Freunden, gestaltet und unsere ganze Familie ist schon seit Jahren ein echter Bewunderer ihres Talents! Wir durften schlie\u00dflich auch schon ihre gro\u00dffl\u00e4chigeren Werke bestaunen und haben bei so manchem Besuch auch den Schritt der Entstehung gesehen. Nat\u00fcrlich habe ich gleich zwei Kalender mitgenommen &#8211; Weihnachten ist ja schlie\u00dflich nicht mehr weit und unsere Kinder freuen sich schon \u00a0 \u00a0\ud83d\ude09<\/p>\n<p>Den Reformationstag, welcher mittlerweile gleichzeitig auch als Halloween Einzug in die deutsche Kultur h\u00e4lt, haben Carsten und ich diesmal nicht in den eigenen vier W\u00e4nden verbracht und wir konnten somit auch keine S\u00fc\u00dfigkeiten verteilen. Ich habe aber stilecht das T-Shirt angezogen, welches ich quasi nur einmal im Jahr trage kann:<\/p>\n<p style=\"text-align: center\"><img loading=\"lazy\" decoding=\"async\" class=\"aligncenter size-full wp-image-6863\" src=\"https:\/\/www.marvinchen.de\/olgas_welt\/blog\/wp-content\/uploads\/2019\/11\/16.jpg\" alt=\"\" width=\"560\" height=\"373\" srcset=\"https:\/\/www.marvinchen.de\/olgas_welt\/blog\/wp-content\/uploads\/2019\/11\/16.jpg 560w, https:\/\/www.marvinchen.de\/olgas_welt\/blog\/wp-content\/uploads\/2019\/11\/16-300x200.jpg 300w\" sizes=\"auto, (max-width: 560px) 100vw, 560px\" \/><\/p>\n<p>Damit ging es f\u00fcr uns beide zuerst ins Restaurant &#8222;<a href=\"https:\/\/www.steak-royal.de\/\" target=\"_blank\" rel=\"noopener\">Steak Royal<\/a>&#8220; , wo der Name nat\u00fcrlich sehr f\u00fcr die vorhandene Essensauswahl steht &#8211; Steaks in allen Variationen:<\/p>\n<p style=\"text-align: center\"><img loading=\"lazy\" decoding=\"async\" class=\"aligncenter size-full wp-image-6864\" src=\"https:\/\/www.marvinchen.de\/olgas_welt\/blog\/wp-content\/uploads\/2019\/11\/17.jpg\" alt=\"\" width=\"420\" height=\"630\" srcset=\"https:\/\/www.marvinchen.de\/olgas_welt\/blog\/wp-content\/uploads\/2019\/11\/17.jpg 420w, https:\/\/www.marvinchen.de\/olgas_welt\/blog\/wp-content\/uploads\/2019\/11\/17-300x450.jpg 300w\" sizes=\"auto, (max-width: 420px) 100vw, 420px\" \/><\/p>\n<p>Ich sch\u00e4tze, nach der modernen Kategorisierung von Essgewohnheiten, kann man uns getrost als &#8222;Flexitarier&#8220; bezeichnen, denn einen Begriff f\u00fcr die Menschen, welche einfach abwechselnd so ziemlich alles essen, habe ich sonst bislang nicht entdeckt\u00a0 \u00a0 \ud83d\ude42 \u00a0 \u00a0unsere Steaks (Carsten hatte ein\u00a0argentinisches Roastbeef mit Fettrand und ich ein\u00a0argentinisches Rinderh\u00fcftsteak) waren \u00fcbrigens sehr gut, auf den gew\u00fcnschten Punkt gegart und \u00e4u\u00dferst lecker!<\/p>\n<p>Nach dem fleischigen Mittagessen gingen wir nach langer Abstinenz mal wieder ins Kino:<\/p>\n<p style=\"text-align: center\"><img loading=\"lazy\" decoding=\"async\" class=\"aligncenter size-full wp-image-6865\" src=\"https:\/\/www.marvinchen.de\/olgas_welt\/blog\/wp-content\/uploads\/2019\/11\/18.jpg\" alt=\"\" width=\"420\" height=\"630\" srcset=\"https:\/\/www.marvinchen.de\/olgas_welt\/blog\/wp-content\/uploads\/2019\/11\/18.jpg 420w, https:\/\/www.marvinchen.de\/olgas_welt\/blog\/wp-content\/uploads\/2019\/11\/18-300x450.jpg 300w\" sizes=\"auto, (max-width: 420px) 100vw, 420px\" \/><\/p>\n<p>Wir haben bis jetzt noch keinen einzigen Terminator-Film verpasst und nun kam eine Woche zuvor Teil Nr. 6 in die deutschen Kinos: &#8222;<a href=\"https:\/\/www.youtube.com\/watch?v=a_9eooEHWNg\" target=\"_blank\" rel=\"noopener\">Terminator: Dark Fate<\/a>&#8220; . Nachdem wir den f\u00fcnften Film der Reihe etwas verworren und die Story relativ nichtssagend fanden, hatten wir trotz recht guter Bewertungen, z.B. bei <a href=\"https:\/\/www.n-joy.de\/film\/Kino-Check-Terminator-Dark-Fate,terminator190.html\" target=\"_blank\" rel=\"noopener\">N-JOY<\/a> (&#8222;Nette Action mit starken weiblichen Hauptrollen. Leider wird das Rollenbild nicht ganz zu Ende gedacht, daf\u00fcr ist der Film aber wirklich sehr witzig, selbstironisch und echt kurzweilig. 4 von 5 Sterne&#8220;) nicht allzu hohe Erwartungen gehabt. Um so gr\u00f6\u00dfer war die \u00dcberraschung \u00fcber eine frische Geschichte, \u00fcber die coolen Spr\u00fcche, \u00fcber knallige Actionszenen und \u00fcber das Wiedersehen mit (einem deutlich gealterten) Arnold Schwarzenegger und (einer noch \u00e4lter und verbraucht wirkenden) Linda Hamilton. Nicht zuletzt fand speziell ich die starken Rolle der Frauen in einem Film wie diesen einfach gro\u00dfartig &#8211; die M\u00e4nner werden den Film aber auch m\u00f6gen, da bin ich mir ziemlich sicher. Die ca. 130 Minuten waren viel zu schnell vorbei &#8230;<\/p>\n<p>So, nun seid ihr ganz gut \u00fcber unsere letzten Freizeit- und OLCA-Aktivit\u00e4ten im Bilde. Ich hoffe, ihr genie\u00dft wie wir die vielen sch\u00f6nen Seiten dieses Herbstes!<\/p>\n","protected":false},"excerpt":{"rendered":"<p>Ich stelle mal wieder mit Schrecken fest, dass ich mich beim Schreiben hier\u00a0erneut rar gemacht habe. Nun versuche ich euch mal ganz schnell in all das einzuweihen, was Carsten und ich in den letzten Tagen so erleben konnten. Vor genau zwei Wochen beschlossen wir beide, einen schon etwas l\u00e4nger an unserer Pinnwand h\u00e4ngenden Gutschein einzul\u00f6sen. [&hellip;]<\/p>\n","protected":false},"author":3,"featured_media":0,"comment_status":"open","ping_status":"closed","sticky":false,"template":"","format":"standard","meta":{"ngg_post_thumbnail":0,"footnotes":""},"categories":[3,478,5,12,4,7,8,17,1],"tags":[56,320,91,521,60,14,260,2064,2061,443,925,1805,206,354,518,2070,2066,13,2062,2060,33,2067,2068,2069,2063,248],"class_list":["post-6851","post","type-post","status-publish","format-standard","hentry","category-ausfluege-und-reisen","category-bariges-leben","category-essen-und-trinken","category-film-und-fernsehen","category-freud-und-leid","category-freunde-und-co","category-hoeren-und-lesen","category-kauderwelsch-und-muttersprache","category-olca-und-stan","tag-anna","tag-bar","tag-bibliothek","tag-brunch","tag-buch","tag-carsten","tag-essen","tag-gusel-jachina","tag-gutschein","tag-halloween","tag-igeltour","tag-kathrin-und-lisa","tag-kerstin","tag-kino","tag-lesung","tag-linda-hamilton","tag-matabooks","tag-olga","tag-rabenauer-grund","tag-rosengarten","tag-russisch","tag-sophie-thiele","tag-steak-royal","tag-terminator","tag-vegetarischen-brennessel","tag-wandern"],"_links":{"self":[{"href":"https:\/\/www.marvinchen.de\/olgas_welt\/blog\/wp-json\/wp\/v2\/posts\/6851","targetHints":{"allow":["GET"]}}],"collection":[{"href":"https:\/\/www.marvinchen.de\/olgas_welt\/blog\/wp-json\/wp\/v2\/posts"}],"about":[{"href":"https:\/\/www.marvinchen.de\/olgas_welt\/blog\/wp-json\/wp\/v2\/types\/post"}],"author":[{"embeddable":true,"href":"https:\/\/www.marvinchen.de\/olgas_welt\/blog\/wp-json\/wp\/v2\/users\/3"}],"replies":[{"embeddable":true,"href":"https:\/\/www.marvinchen.de\/olgas_welt\/blog\/wp-json\/wp\/v2\/comments?post=6851"}],"version-history":[{"count":0,"href":"https:\/\/www.marvinchen.de\/olgas_welt\/blog\/wp-json\/wp\/v2\/posts\/6851\/revisions"}],"wp:attachment":[{"href":"https:\/\/www.marvinchen.de\/olgas_welt\/blog\/wp-json\/wp\/v2\/media?parent=6851"}],"wp:term":[{"taxonomy":"category","embeddable":true,"href":"https:\/\/www.marvinchen.de\/olgas_welt\/blog\/wp-json\/wp\/v2\/categories?post=6851"},{"taxonomy":"post_tag","embeddable":true,"href":"https:\/\/www.marvinchen.de\/olgas_welt\/blog\/wp-json\/wp\/v2\/tags?post=6851"}],"curies":[{"name":"wp","href":"https:\/\/api.w.org\/{rel}","templated":true}]}}