{"id":6896,"date":"2019-11-21T15:30:02","date_gmt":"2019-11-21T14:30:02","guid":{"rendered":"http:\/\/www.marvinchen.de\/olgas_welt\/blog\/?p=6896"},"modified":"2019-11-21T15:37:51","modified_gmt":"2019-11-21T14:37:51","slug":"ein-verspaeteter-jahresrueckblick","status":"publish","type":"post","link":"https:\/\/www.marvinchen.de\/olgas_welt\/blog\/2019\/11\/ein-verspaeteter-jahresrueckblick\/","title":{"rendered":"Ein versp\u00e4teter Jahresr\u00fcckblick"},"content":{"rendered":"<p>Eigentlich sind wir inzwischen ja schon in der zweiten Novemberh\u00e4lfte angekommen und sollten schon probehalber einen R\u00fcckblick auf das Jahr 2019 werfen, aber unsere Familie hat es bis dato einfach noch nicht geschafft,&nbsp;den Jahresbericht f\u00fcr das Jahr davor fertigzustellen&nbsp;&nbsp;&nbsp; \ud83d\ude42&nbsp;&nbsp;&nbsp; das aktuelle Jahr hat sich als \u00e4u\u00dferst turbulent gezeigt und&nbsp;wir fanden zwischenzeitlich&nbsp;irgendwie nicht die n\u00f6tige Ruhe, um das Vergangene zu verarbeiten und abzuspeichern.<\/p>\n<p>Nun&nbsp;ist das Schriftst\u00fcck mit vielen Erinnerungen fertig und sogar bereit, sich der \u00d6ffentlichkeit zu pr\u00e4sentieren. Einfach auf <a href=\"https:\/\/www.marvinchen.de\/\" target=\"_blank\" rel=\"noopener\">www.marvinchen.de<\/a>&nbsp;gehen und auf dem Klingelbrett in der linken Reihe die zweite Klingel von oben bet\u00e4tigen. Diese ist extra rot eingef\u00e4rbt und mit dem Schriftzug &#8222;neu&#8220; gekennzeichnet.<\/p>\n<p>Wir w\u00fcnschen euch ganz viel Spa\u00df beim Lesen!<\/p>\n<p><img loading=\"lazy\" decoding=\"async\" width=\"560\" height=\"420\" class=\"aligncenter size-full wp-image-6897\" alt=\"\" src=\"https:\/\/www.marvinchen.de\/olgas_welt\/blog\/wp-content\/uploads\/2019\/11\/versp\u00e4teter-Jahresr\u00fcckblick-web.jpg\" srcset=\"https:\/\/www.marvinchen.de\/olgas_welt\/blog\/wp-content\/uploads\/2019\/11\/versp\u00e4teter-Jahresr\u00fcckblick-web.jpg 560w, https:\/\/www.marvinchen.de\/olgas_welt\/blog\/wp-content\/uploads\/2019\/11\/versp\u00e4teter-Jahresr\u00fcckblick-web-300x225.jpg 300w\" sizes=\"auto, (max-width: 560px) 100vw, 560px\" \/><\/p>\n","protected":false},"excerpt":{"rendered":"<p>Eigentlich sind wir inzwischen ja schon in der zweiten Novemberh\u00e4lfte angekommen und sollten schon probehalber einen R\u00fcckblick auf das Jahr 2019 werfen, aber unsere Familie hat es bis dato einfach noch nicht geschafft,&nbsp;den Jahresbericht f\u00fcr das Jahr davor fertigzustellen&nbsp;&nbsp;&nbsp; \ud83d\ude42&nbsp;&nbsp;&nbsp; das aktuelle Jahr hat sich als \u00e4u\u00dferst turbulent gezeigt und&nbsp;wir fanden zwischenzeitlich&nbsp;irgendwie nicht die n\u00f6tige [&hellip;]<\/p>\n","protected":false},"author":3,"featured_media":0,"comment_status":"open","ping_status":"closed","sticky":false,"template":"","format":"standard","meta":{"ngg_post_thumbnail":0,"footnotes":""},"categories":[7,8,1],"tags":[1631,14,597,430,151,1195,295,13,913],"class_list":["post-6896","post","type-post","status-publish","format-standard","hentry","category-freunde-und-co","category-hoeren-und-lesen","category-olca-und-stan","tag-1631","tag-carsten","tag-erinnerungen","tag-familie","tag-jahresbericht","tag-jahresrueckblick","tag-marvinchende","tag-olga","tag-rueckblick"],"_links":{"self":[{"href":"https:\/\/www.marvinchen.de\/olgas_welt\/blog\/wp-json\/wp\/v2\/posts\/6896","targetHints":{"allow":["GET"]}}],"collection":[{"href":"https:\/\/www.marvinchen.de\/olgas_welt\/blog\/wp-json\/wp\/v2\/posts"}],"about":[{"href":"https:\/\/www.marvinchen.de\/olgas_welt\/blog\/wp-json\/wp\/v2\/types\/post"}],"author":[{"embeddable":true,"href":"https:\/\/www.marvinchen.de\/olgas_welt\/blog\/wp-json\/wp\/v2\/users\/3"}],"replies":[{"embeddable":true,"href":"https:\/\/www.marvinchen.de\/olgas_welt\/blog\/wp-json\/wp\/v2\/comments?post=6896"}],"version-history":[{"count":0,"href":"https:\/\/www.marvinchen.de\/olgas_welt\/blog\/wp-json\/wp\/v2\/posts\/6896\/revisions"}],"wp:attachment":[{"href":"https:\/\/www.marvinchen.de\/olgas_welt\/blog\/wp-json\/wp\/v2\/media?parent=6896"}],"wp:term":[{"taxonomy":"category","embeddable":true,"href":"https:\/\/www.marvinchen.de\/olgas_welt\/blog\/wp-json\/wp\/v2\/categories?post=6896"},{"taxonomy":"post_tag","embeddable":true,"href":"https:\/\/www.marvinchen.de\/olgas_welt\/blog\/wp-json\/wp\/v2\/tags?post=6896"}],"curies":[{"name":"wp","href":"https:\/\/api.w.org\/{rel}","templated":true}]}}