{"id":6898,"date":"2019-11-24T11:33:55","date_gmt":"2019-11-24T10:33:55","guid":{"rendered":"http:\/\/www.marvinchen.de\/olgas_welt\/blog\/?p=6898"},"modified":"2019-11-24T11:46:03","modified_gmt":"2019-11-24T10:46:03","slug":"fotojahresplan-2018-jahresprojekt","status":"publish","type":"post","link":"https:\/\/www.marvinchen.de\/olgas_welt\/blog\/2019\/11\/fotojahresplan-2018-jahresprojekt\/","title":{"rendered":"Fotojahresplan 2018 &#8211; Jahresprojekt"},"content":{"rendered":"<p>Um meinen Fotojahresplan f\u00fcr 2018 nun endg\u00fcltig zum Abschlu\u00df zu bringen, m\u00f6chte ich euch zeigen, wie unsere Versorgung mit den Vitaminen einen Jahr lang Monat f\u00fcr Monat geklappt hat.<\/p>\n<p><strong>Januar:<\/strong> Neues Jahr, neues Gl\u00fcck, aber die Kilos sind noch vom letzten Jahr drauf. Ergo man gibt sich viel M\u00fche, mehr Gem\u00fcse zu essen. Etwas Obst passt sich farblich perfekt an und schafft es so auch noch mit auf den Teller:<\/p>\n<p style=\"text-align: center;\"><img loading=\"lazy\" decoding=\"async\" class=\"aligncenter size-full wp-image-6901\" src=\"https:\/\/www.marvinchen.de\/olgas_welt\/blog\/wp-content\/uploads\/2019\/11\/01-22.jpg\" alt=\"\" width=\"560\" height=\"373\" srcset=\"https:\/\/www.marvinchen.de\/olgas_welt\/blog\/wp-content\/uploads\/2019\/11\/01-22.jpg 560w, https:\/\/www.marvinchen.de\/olgas_welt\/blog\/wp-content\/uploads\/2019\/11\/01-22-300x200.jpg 300w\" sizes=\"auto, (max-width: 560px) 100vw, 560px\" \/><\/p>\n<p><strong>Februar:<\/strong> Das Ziel unseres Hochzeitstagsurlaubs ist diesmal Florida. Zwei Wochen ohne l\u00e4stige Winterklamotten, daf\u00fcr aber mit einer M\u00f6glichkeit, kurz\u00e4rmelig drau\u00dfen in der Sonne zu fr\u00fchst\u00fccken und dabei Obst aus dem gleichen Bundesstaat zu genie\u00dfen:<\/p>\n<p style=\"text-align: center;\"><img loading=\"lazy\" decoding=\"async\" class=\"aligncenter size-full wp-image-6902\" src=\"https:\/\/www.marvinchen.de\/olgas_welt\/blog\/wp-content\/uploads\/2019\/11\/02-04.jpg\" alt=\"\" width=\"560\" height=\"420\" srcset=\"https:\/\/www.marvinchen.de\/olgas_welt\/blog\/wp-content\/uploads\/2019\/11\/02-04.jpg 560w, https:\/\/www.marvinchen.de\/olgas_welt\/blog\/wp-content\/uploads\/2019\/11\/02-04-300x225.jpg 300w\" sizes=\"auto, (max-width: 560px) 100vw, 560px\" \/><\/p>\n<p><strong>M\u00e4rz:<\/strong> Da es im Urlaub nicht nur Obst gab, was uns unsere Waage am Ende leider beweisen konnte, griffen wir in diesem Monat erneut verst\u00e4rkt auf Gem\u00fcse zur\u00fcck. Man lernt schnell, daraus tolle Salate und Eint\u00f6pfe zusammenschustern:<\/p>\n<p style=\"text-align: center;\"><img loading=\"lazy\" decoding=\"async\" class=\"aligncenter size-full wp-image-6903\" src=\"https:\/\/www.marvinchen.de\/olgas_welt\/blog\/wp-content\/uploads\/2019\/11\/03-05.jpg\" alt=\"\" width=\"560\" height=\"373\" srcset=\"https:\/\/www.marvinchen.de\/olgas_welt\/blog\/wp-content\/uploads\/2019\/11\/03-05.jpg 560w, https:\/\/www.marvinchen.de\/olgas_welt\/blog\/wp-content\/uploads\/2019\/11\/03-05-300x200.jpg 300w\" sizes=\"auto, (max-width: 560px) 100vw, 560px\" \/><\/p>\n<p><strong>April:<\/strong> Seit der Kindheit ist f\u00fcr mich ein Salat aus Radieschen, Gurken, Fr\u00fchlingszwiebeln und mit Saurere Sahne angemacht ein sicheres Zeichen des Fr\u00fchlings. Daf\u00fcr warte ich auch gern, bis die kleinen Schwestern des Rettichs aus Deutschland und nicht von woanders her kommen:<\/p>\n<p style=\"text-align: center;\"><img loading=\"lazy\" decoding=\"async\" class=\"aligncenter size-full wp-image-6904\" src=\"https:\/\/www.marvinchen.de\/olgas_welt\/blog\/wp-content\/uploads\/2019\/11\/04-07.jpg\" alt=\"\" width=\"560\" height=\"373\" srcset=\"https:\/\/www.marvinchen.de\/olgas_welt\/blog\/wp-content\/uploads\/2019\/11\/04-07.jpg 560w, https:\/\/www.marvinchen.de\/olgas_welt\/blog\/wp-content\/uploads\/2019\/11\/04-07-300x200.jpg 300w\" sizes=\"auto, (max-width: 560px) 100vw, 560px\" \/><\/p>\n<p><strong>Mai:<\/strong> Ach, was soll&#8217;s! Ein wenig Exotik wird schon nicht schaden und so peppen ein paar Beeren und auch S\u00fcdfr\u00fcchte aus fernen L\u00e4ndern unsere gesunde Speisekarte auf. Dass der Spargel jetzt ebenfalls dazu geh\u00f6rt, versteht sich quasi von selber:<\/p>\n<p style=\"text-align: center;\"><img loading=\"lazy\" decoding=\"async\" class=\"aligncenter size-full wp-image-6905\" src=\"https:\/\/www.marvinchen.de\/olgas_welt\/blog\/wp-content\/uploads\/2019\/11\/05-10.jpg\" alt=\"\" width=\"560\" height=\"373\" srcset=\"https:\/\/www.marvinchen.de\/olgas_welt\/blog\/wp-content\/uploads\/2019\/11\/05-10.jpg 560w, https:\/\/www.marvinchen.de\/olgas_welt\/blog\/wp-content\/uploads\/2019\/11\/05-10-300x200.jpg 300w\" sizes=\"auto, (max-width: 560px) 100vw, 560px\" \/><\/p>\n<p><strong>Juni:<\/strong> Man kann S\u00fc\u00dfkirschen und Erdbeeren jetzt schon selber im Freien pfl\u00fccken. Da nimmt man nur zu gern von allem eine Handvoll zu sich:<\/p>\n<p style=\"text-align: center;\"><img loading=\"lazy\" decoding=\"async\" class=\"aligncenter size-full wp-image-6906\" src=\"https:\/\/www.marvinchen.de\/olgas_welt\/blog\/wp-content\/uploads\/2019\/11\/06-16.jpg\" alt=\"\" width=\"560\" height=\"373\" srcset=\"https:\/\/www.marvinchen.de\/olgas_welt\/blog\/wp-content\/uploads\/2019\/11\/06-16.jpg 560w, https:\/\/www.marvinchen.de\/olgas_welt\/blog\/wp-content\/uploads\/2019\/11\/06-16-300x200.jpg 300w\" sizes=\"auto, (max-width: 560px) 100vw, 560px\" \/><\/p>\n<p><strong>Juli:<\/strong> Die farbenfrohe Vielfalt von Beeren und Steinobst wird durch Wassermelonen abgerundet &#8211; das Leben schmeckt&nbsp;in diesem Monat so herrlich bunt !<\/p>\n<p style=\"text-align: center;\"><img loading=\"lazy\" decoding=\"async\" class=\"aligncenter size-full wp-image-6907\" src=\"https:\/\/www.marvinchen.de\/olgas_welt\/blog\/wp-content\/uploads\/2019\/11\/07-13.jpg\" alt=\"\" width=\"560\" height=\"373\" srcset=\"https:\/\/www.marvinchen.de\/olgas_welt\/blog\/wp-content\/uploads\/2019\/11\/07-13.jpg 560w, https:\/\/www.marvinchen.de\/olgas_welt\/blog\/wp-content\/uploads\/2019\/11\/07-13-300x200.jpg 300w\" sizes=\"auto, (max-width: 560px) 100vw, 560px\" \/><\/p>\n<p><strong>August:<\/strong> Unser Urlaub auf Hawaii verw\u00f6hnt die Geschmacksknospen mit all den Obstsorten, welche hier exotisch, dort aber ganz normal sind. Im <a href=\"https:\/\/www.secretfallsretreat.com\/\" target=\"_blank\" rel=\"noopener\">Secret Falls Retreat<\/a>&nbsp;auf Kauai geh\u00f6rte so ein Obstteller zum allt\u00e4glichen Fr\u00fchst\u00fcck &#8211; das h\u00e4tte ich jetzt sehr gerne wieder so&nbsp; &nbsp; \ud83d\ude09 &nbsp; &nbsp;die Papayas waren \u00fcbrigens direkt aus dem Garten unserer lieben Gastgeber:<\/p>\n<p style=\"text-align: center;\"><img loading=\"lazy\" decoding=\"async\" class=\"aligncenter size-full wp-image-6908\" src=\"https:\/\/www.marvinchen.de\/olgas_welt\/blog\/wp-content\/uploads\/2019\/11\/08-04.jpg\" alt=\"\" width=\"560\" height=\"420\" srcset=\"https:\/\/www.marvinchen.de\/olgas_welt\/blog\/wp-content\/uploads\/2019\/11\/08-04.jpg 560w, https:\/\/www.marvinchen.de\/olgas_welt\/blog\/wp-content\/uploads\/2019\/11\/08-04-300x225.jpg 300w\" sizes=\"auto, (max-width: 560px) 100vw, 560px\" \/><\/p>\n<p><strong>September:<\/strong> Wir sind immer noch auf Hawaii unterwegs. Diese Fr\u00fcchte namens <a href=\"https:\/\/www.fitnessletter.de\/kalorien\/erdbeer-guave\/\" target=\"_blank\" rel=\"noopener\">Erdbeer-Guave<\/a> habe ich auf Big Island eigenh\u00e4ndig gesammelt. Ein <a href=\"https:\/\/mauiwine.com\/wines\/pineapple\/\" target=\"_blank\" rel=\"noopener\">Wei\u00dfwein von Maui<\/a>, hergestellt aus Ananas, passte hervorragend dazu:<\/p>\n<p style=\"text-align: center;\"><img loading=\"lazy\" decoding=\"async\" class=\"aligncenter size-full wp-image-6909\" src=\"https:\/\/www.marvinchen.de\/olgas_welt\/blog\/wp-content\/uploads\/2019\/11\/09-01.jpg\" alt=\"\" width=\"420\" height=\"560\" srcset=\"https:\/\/www.marvinchen.de\/olgas_welt\/blog\/wp-content\/uploads\/2019\/11\/09-01.jpg 420w, https:\/\/www.marvinchen.de\/olgas_welt\/blog\/wp-content\/uploads\/2019\/11\/09-01-300x400.jpg 300w\" sizes=\"auto, (max-width: 420px) 100vw, 420px\" \/><\/p>\n<p><strong>Oktober:<\/strong> Man greift zwar wieder vermehrt auf einheimische Herbstfr\u00fcchte zur\u00fcck, aber das Fernweh l\u00e4sst doch noch Mango und Papaya mit auf den Tisch kommen. Nat\u00fcrlich schmecken sie nicht genau so wie im Urlaub, aber wenn man Geschmack mit frischen Erinnerungen kombinieren kann, ist das immer noch ein Hochgenuss!<\/p>\n<p style=\"text-align: center;\"><img loading=\"lazy\" decoding=\"async\" class=\"aligncenter size-full wp-image-6910\" src=\"https:\/\/www.marvinchen.de\/olgas_welt\/blog\/wp-content\/uploads\/2019\/11\/10-19.jpg\" alt=\"\" width=\"560\" height=\"373\" srcset=\"https:\/\/www.marvinchen.de\/olgas_welt\/blog\/wp-content\/uploads\/2019\/11\/10-19.jpg 560w, https:\/\/www.marvinchen.de\/olgas_welt\/blog\/wp-content\/uploads\/2019\/11\/10-19-300x200.jpg 300w\" sizes=\"auto, (max-width: 560px) 100vw, 560px\" \/><\/p>\n<p><strong>November:<\/strong> Die Vitamine aus einheimischen Gem\u00fcsesorten gewinnen erneut an Bedeutung. Es wird allerdings weniger roh gegessen, sondern immer mehr im Backofen oder im Topf zubereitet:<\/p>\n<p style=\"text-align: center;\"><img loading=\"lazy\" decoding=\"async\" class=\"aligncenter size-full wp-image-6911\" src=\"https:\/\/www.marvinchen.de\/olgas_welt\/blog\/wp-content\/uploads\/2019\/11\/11-33.jpg\" alt=\"\" width=\"560\" height=\"373\" srcset=\"https:\/\/www.marvinchen.de\/olgas_welt\/blog\/wp-content\/uploads\/2019\/11\/11-33.jpg 560w, https:\/\/www.marvinchen.de\/olgas_welt\/blog\/wp-content\/uploads\/2019\/11\/11-33-300x200.jpg 300w\" sizes=\"auto, (max-width: 560px) 100vw, 560px\" \/><\/p>\n<p><strong>Dezember:<\/strong> Es ist die Zeit der Weihnachtsd\u00fcfte und das geht f\u00fcr mich gar nicht ohne Orangen und Mandarinen. Ohne diese w\u00fcrde ich \/ man&nbsp;in der dunklen Jahreszeit ja erst gar nicht in die richtige Stimmung f\u00fcr die Feiertage &nbsp;kommen, oder?<\/p>\n<p style=\"text-align: center;\"><img loading=\"lazy\" decoding=\"async\" class=\"aligncenter size-full wp-image-6912\" src=\"https:\/\/www.marvinchen.de\/olgas_welt\/blog\/wp-content\/uploads\/2019\/11\/12-16.jpg\" alt=\"\" width=\"560\" height=\"373\" srcset=\"https:\/\/www.marvinchen.de\/olgas_welt\/blog\/wp-content\/uploads\/2019\/11\/12-16.jpg 560w, https:\/\/www.marvinchen.de\/olgas_welt\/blog\/wp-content\/uploads\/2019\/11\/12-16-300x200.jpg 300w\" sizes=\"auto, (max-width: 560px) 100vw, 560px\" \/><\/p>\n<p>Somit ist mein Jahr 2018 nicht nur aus dem Blickwinkel der &#8222;Vitamine auf meinem Teller&#8220; sondern auch in Bezug auf meinen Fotojahresplan erfolgreich abgeschlossen&nbsp; &nbsp; \ud83d\ude42<\/p>\n<p>Im Jahr 2019 habe ich einfach mal eine kreative Pause gebraucht &#8211; deshalb auch diese lange Warte- und Aufbereitungszeit in Bezug auf die Nachreiche der ausstehenden 2018er Projekte. Aber nun schmiede ich \u00e4u\u00dferst sch\u00f6pferisch schon Pl\u00e4ne f\u00fcr das kommende Jahr&nbsp; &#8211; ihr d\u00fcrft gespannt bleiben&nbsp; &nbsp; \ud83d\ude42<\/p>\n","protected":false},"excerpt":{"rendered":"<p>Um meinen Fotojahresplan f\u00fcr 2018 nun endg\u00fcltig zum Abschlu\u00df zu bringen, m\u00f6chte ich euch zeigen, wie unsere Versorgung mit den Vitaminen einen Jahr lang Monat f\u00fcr Monat geklappt hat. Januar: Neues Jahr, neues Gl\u00fcck, aber die Kilos sind noch vom letzten Jahr drauf. Ergo man gibt sich viel M\u00fche, mehr Gem\u00fcse zu essen. Etwas Obst [&hellip;]<\/p>\n","protected":false},"author":3,"featured_media":0,"comment_status":"open","ping_status":"closed","sticky":false,"template":"","format":"standard","meta":{"ngg_post_thumbnail":0,"footnotes":""},"categories":[3,5,822,1],"tags":[1631,16,708,1836,716,847,1183,1425,1833,2079,1835,1837,874,2081,15,2082,2080],"class_list":["post-6898","post","type-post","status-publish","format-standard","hentry","category-ausfluege-und-reisen","category-essen-und-trinken","category-fotografie-und-photoshop","category-olca-und-stan","tag-1631","tag-andrea","tag-beeren","tag-big-island","tag-fotografieren","tag-fotojahresplan","tag-gemuese","tag-gesund","tag-hawaii","tag-jaresprojekt","tag-kauai","tag-maui","tag-obst","tag-steinobst","tag-stephanie","tag-vitamine","tag-vitamine-des-monats"],"_links":{"self":[{"href":"https:\/\/www.marvinchen.de\/olgas_welt\/blog\/wp-json\/wp\/v2\/posts\/6898","targetHints":{"allow":["GET"]}}],"collection":[{"href":"https:\/\/www.marvinchen.de\/olgas_welt\/blog\/wp-json\/wp\/v2\/posts"}],"about":[{"href":"https:\/\/www.marvinchen.de\/olgas_welt\/blog\/wp-json\/wp\/v2\/types\/post"}],"author":[{"embeddable":true,"href":"https:\/\/www.marvinchen.de\/olgas_welt\/blog\/wp-json\/wp\/v2\/users\/3"}],"replies":[{"embeddable":true,"href":"https:\/\/www.marvinchen.de\/olgas_welt\/blog\/wp-json\/wp\/v2\/comments?post=6898"}],"version-history":[{"count":0,"href":"https:\/\/www.marvinchen.de\/olgas_welt\/blog\/wp-json\/wp\/v2\/posts\/6898\/revisions"}],"wp:attachment":[{"href":"https:\/\/www.marvinchen.de\/olgas_welt\/blog\/wp-json\/wp\/v2\/media?parent=6898"}],"wp:term":[{"taxonomy":"category","embeddable":true,"href":"https:\/\/www.marvinchen.de\/olgas_welt\/blog\/wp-json\/wp\/v2\/categories?post=6898"},{"taxonomy":"post_tag","embeddable":true,"href":"https:\/\/www.marvinchen.de\/olgas_welt\/blog\/wp-json\/wp\/v2\/tags?post=6898"}],"curies":[{"name":"wp","href":"https:\/\/api.w.org\/{rel}","templated":true}]}}