{"id":690,"date":"2011-09-19T08:30:08","date_gmt":"2011-09-19T06:30:08","guid":{"rendered":"http:\/\/www.marvinchen.de\/olgas_welt\/blog\/?p=690"},"modified":"2011-09-19T11:49:48","modified_gmt":"2011-09-19T09:49:48","slug":"alles-fur-den-mann","status":"publish","type":"post","link":"https:\/\/www.marvinchen.de\/olgas_welt\/blog\/2011\/09\/alles-fur-den-mann\/","title":{"rendered":"Alles f\u00fcr den Mann&#8230;"},"content":{"rendered":"<p>Wenn der Geburtstag meines Mannes in die N\u00e4he r\u00fcckt, frage ich ihn jedes Jahr, wie er sich diesen besonderen Tag vorstellt. Irgendwie\u00a0hat dieses Datum f\u00fcr ihn aber eine geringere Priorit\u00e4t als f\u00fcr mich und oft genug\u00a0lautet seine Antwort: &#8222;Mit den \u00fcblichen Verd\u00e4chtigen&#8220;. Ich dagegen\u00a0bin eine begeisterte Geburtstagfeierin, denn\u00a0in meinen Augen\u00a0ist das immer eine gute M\u00f6glichkeit, die Leute wieder zusammen zu trommeln, welche\u00a0wir wirklich sehr gern m\u00f6gen und f\u00fcr die im Alltag leider nicht zu viel Zeit bleibt,\u00a0und diese dann gnadenlos\u00a0mit leckeren Sachen zu m\u00e4sten. Ja, wenn es um die G\u00e4ste geht, erwachen meine Koch- und\u00a0Backgeister!\u00a0\u00a0\u00a0 \ud83d\ude00\u00a0<\/p>\n<p>Da Carstens Geburtstag dieses Jahr auf einen Sonntag (n\u00e4mlich den gestrigen) fiel, habe ich die Leute zum Reinfeiern eingeladen. Jetzt weiss ich ganz genau, dass es eine geniale Idee war! Das Wetter am Samstagabend h\u00e4tte\u00a0nicht besser sein k\u00f6nnen! Wir sa\u00dfen von der Ankunft unserer Freunde um 17 Uhr\u00a0bis\u00a023 Uhr drau\u00dfen beim Kerzenschein und hatten uns wie immer \u00fcber alles M\u00f6gliche unterhalten. Leider konnten drei weitere &#8222;Parteien&#8220;, die wir gern noch am Tisch gesehen h\u00e4tten, nicht dabei sein, da Anna gerade nach Israel verschwunden ist, G\u00fcnter mit Barbara mal wieder Polen unsicher gemacht hat und Andreas und Kerstin in Brandenburg waren. \u00a0\u00a0\u00a0\ud83d\ude42\u00a0\u00a0\u00a0 So sa\u00dfen am Tisch 4 Familien,\u00a0die aber\u00a0eines gemeinsam hatten: ein Kind\u00a0machte\u00a0in diesem Jahr Abi. Die Themen k\u00f6nnt ihr euch ganz bestimmt vorstellen.\u00a0\u00a0\u00a0\u00a0\ud83d\ude09\u00a0<\/p>\n<p>Der Regen hat uns\u00a0dann um 23 Uhr ins Haus getrieben, wo wir bis Mitternacht gewartet haben, um auf meinen Schatz anzustossen und ihm &#8222;Happy Birthday to you!&#8220; entgegenzuschmettern. Danach durfte er seine\u00a0Geschenke auspacken. Ich habe alle Leute gebeten, ihm\u00a0&#8222;MacGyver&#8220;-Wo ist mein Taschenmesser&#8220;-Episoden-DVDs zu schenken. Diese fehlten uns noch und ich wusste, dass er diese Serie als Jugendlicher f\u00fcr sein Leben gern gesehen hat. Die Verpackung bei manchen war wirklich sehr kreativ ausgefallen:<\/p>\n<p>\u00a0<a rel=\"attachment wp-att-691\" href=\"https:\/\/www.marvinchen.de\/olgas_welt\/blog\/2011\/09\/alles-fur-den-mann\/geschenk\/\"><img loading=\"lazy\" decoding=\"async\" class=\"aligncenter size-full wp-image-691\" src=\"https:\/\/www.marvinchen.de\/olgas_welt\/blog\/wp-content\/uploads\/2011\/09\/Geschenk.jpg\" alt=\"\" width=\"637\" height=\"600\" srcset=\"https:\/\/www.marvinchen.de\/olgas_welt\/blog\/wp-content\/uploads\/2011\/09\/Geschenk.jpg 637w, https:\/\/www.marvinchen.de\/olgas_welt\/blog\/wp-content\/uploads\/2011\/09\/Geschenk-300x282.jpg 300w\" sizes=\"auto, (max-width: 637px) 100vw, 637px\" \/><\/a><\/p>\n<p>Die G\u00e4ste verabschiedeten sich etwa um 1 Uhr nachts und wir vier verbrachten noch eine weitere Stunde mit Aufr\u00e4umen, Sp\u00fclen, usw. &#8211; wie immer.\u00a0\u00a0\u00a0\u00a0\ud83d\ude42<\/p>\n<p>Aber das waren noch nicht alle \u00dcberraschungen, welche ich f\u00fcr Carsten vorbereitet habe. Zum einen kamen am Sonntag doch noch Kerstin und Andreas, welche wir beim Spanischkurs kennengelernt und mit denen wir uns auf Anhieb richtig gut verstanden haben.\u00a0Mit\u00a0ihnen verging der Nachmittag wie im Fluge und auch unsere Kinder fanden\u00a0die beiden sehr sympatisch.\u00a0\u00a0\u00a0\u00a0\ud83d\ude42<\/p>\n<p>Das absolte i-T\u00fcpfelchen war f\u00fcr meinen Schatz jedoch ein Anruf am sp\u00e4ten Abend.\u00a0Mir war nach langen und m\u00fchsamen Recherchen doch tats\u00e4chlich gelungen, einen guten Kumpel aus seiner Jugendzeit zu finden. Eigentlich habe ich ihn zu uns eingeladen. Aber wegen seiner Arbeit und der nicht zu untersch\u00e4tzenden Entfernung zwischen Bochum und Dresden konnte er doch nicht kommen. Sein Anruf war aber schon eine echte \u00dcberraschung f\u00fcr\u00a0Carsten und danach hat er mich definitiv f\u00fcr ein verr\u00fccktes Huhn erkl\u00e4rt und gesagt, dass\u00a0er mich eben daf\u00fcr so doll liebt. Also habe ich genau das erreicht, was ich wollte.\u00a0\u00a0\u00a0 \ud83d\ude09\u00a0\u00a0\u00a0 Ich wollte einen gl\u00fccklichen Mann plus einer Liebeserkl\u00e4rung und ich habe beides bekommen!\u00a0\u00a0\u00a0\u00a0\ud83d\ude0e<\/p>\n","protected":false},"excerpt":{"rendered":"<p>Wenn der Geburtstag meines Mannes in die N\u00e4he r\u00fcckt, frage ich ihn jedes Jahr, wie er sich diesen besonderen Tag vorstellt. Irgendwie\u00a0hat dieses Datum f\u00fcr ihn aber eine geringere Priorit\u00e4t als f\u00fcr mich und oft genug\u00a0lautet seine Antwort: &#8222;Mit den \u00fcblichen Verd\u00e4chtigen&#8220;. Ich dagegen\u00a0bin eine begeisterte Geburtstagfeierin, denn\u00a0in meinen Augen\u00a0ist das immer eine gute M\u00f6glichkeit, [&hellip;]<\/p>\n","protected":false},"author":3,"featured_media":0,"comment_status":"open","ping_status":"closed","sticky":false,"template":"","format":"standard","meta":{"ngg_post_thumbnail":0,"footnotes":""},"categories":[5,4,7,1],"tags":[14,293,237,53,13,718],"class_list":["post-690","post","type-post","status-publish","format-standard","hentry","category-essen-und-trinken","category-freud-und-leid","category-freunde-und-co","category-olca-und-stan","tag-carsten","tag-feier","tag-freunde","tag-geburtstag","tag-olga","tag-serie"],"_links":{"self":[{"href":"https:\/\/www.marvinchen.de\/olgas_welt\/blog\/wp-json\/wp\/v2\/posts\/690","targetHints":{"allow":["GET"]}}],"collection":[{"href":"https:\/\/www.marvinchen.de\/olgas_welt\/blog\/wp-json\/wp\/v2\/posts"}],"about":[{"href":"https:\/\/www.marvinchen.de\/olgas_welt\/blog\/wp-json\/wp\/v2\/types\/post"}],"author":[{"embeddable":true,"href":"https:\/\/www.marvinchen.de\/olgas_welt\/blog\/wp-json\/wp\/v2\/users\/3"}],"replies":[{"embeddable":true,"href":"https:\/\/www.marvinchen.de\/olgas_welt\/blog\/wp-json\/wp\/v2\/comments?post=690"}],"version-history":[{"count":0,"href":"https:\/\/www.marvinchen.de\/olgas_welt\/blog\/wp-json\/wp\/v2\/posts\/690\/revisions"}],"wp:attachment":[{"href":"https:\/\/www.marvinchen.de\/olgas_welt\/blog\/wp-json\/wp\/v2\/media?parent=690"}],"wp:term":[{"taxonomy":"category","embeddable":true,"href":"https:\/\/www.marvinchen.de\/olgas_welt\/blog\/wp-json\/wp\/v2\/categories?post=690"},{"taxonomy":"post_tag","embeddable":true,"href":"https:\/\/www.marvinchen.de\/olgas_welt\/blog\/wp-json\/wp\/v2\/tags?post=690"}],"curies":[{"name":"wp","href":"https:\/\/api.w.org\/{rel}","templated":true}]}}