{"id":6914,"date":"2019-11-29T19:18:48","date_gmt":"2019-11-29T18:18:48","guid":{"rendered":"http:\/\/www.marvinchen.de\/olgas_welt\/blog\/?p=6914"},"modified":"2019-11-29T19:18:48","modified_gmt":"2019-11-29T18:18:48","slug":"meine-letzte-vier","status":"publish","type":"post","link":"https:\/\/www.marvinchen.de\/olgas_welt\/blog\/2019\/11\/meine-letzte-vier\/","title":{"rendered":"Meine letzte VIER"},"content":{"rendered":"<p>Ich pers\u00f6nlich finde es wirklich schwierig, die Frage nach meinem Alter richtig zu beantworten. Die Zahl \u00e4ndert sich ja auch jedes Jahr aufs Neue! &nbsp; &nbsp;\ud83d\ude09<br \/>\nAm vergangenen Dienstag war wieder mal der n\u00e4chste Zahlenwechsel dran und zum letzten Mal in diesem Leben habe ich nun eine Zahl mit einer Vier als erste Ziffer &#8230; 400 werde ich ja sicherlich nicht mehr werden &nbsp; &nbsp;\ud83d\ude42<\/p>\n<p>Da die 49 im gesellschaftlichen Sinne kein besonderer Geburtstag ist, wurde dieser ganz einfach gehalten und nur im kleinen Familienkreis gefeiert. Andrea reiste dazu schon am Vorabend aus \u00d6sterreich an, so hatten wir sogar noch genug Zeit, vorher einen sch\u00f6nen Mutter-Tochter-Tag zu verbringen. Noch bevor wir aus dem Haus gingen, kamen Barbara und Anna vorbei, um mir pers\u00f6nlich zu gratulieren und nat\u00fcrlich trudelten auch von Fr\u00fch bis Sp\u00e4t Gl\u00fcckw\u00fcnsche von anderen Freunden aus Nah und Fern auf diversen Kommunikationskan\u00e4len der modernen Zeit ein. Ich war wirklich ger\u00fchrt &#8230;<\/p>\n<p>Aber definitiv als Erster hat mir mein Mann alles Gute gew\u00fcnscht (beim allt\u00e4glichen Aufstehen um 5:30 Uhr) und kurz danach rief auch schon Stephanie an, die gerade ihren Nachtdienst als Wetterbeobachterin beendete. Sie durfte sich auf m\u00fctterlichen Gehei\u00df noch f\u00fcr ein paar Stunden ins eigene Bett verziehen, bevor sie sich dann aber schon auf den Weg zu uns nach Dresden machte. Auch Andrea war schon beizeiten wach geworden und fl\u00fcsterte mir bei einer herzlichen Umarmung jede Menge guter W\u00fcnsche zu.<\/p>\n<p>Als sich dann am Nachmittag die gesamte Familie unter einem Dach versammelte, fuhren wir nach Mei\u00dfen, denn mein Wunsch f\u00fcr MEINEN Abend war der gemeinsame Besuch eines Weihnachtsmarktes, aber in Dresden machten sie leider erst einen Tag sp\u00e4ter auf. Da die Mei\u00dfner schon seit Montag er\u00f6ffnet haben, war das eben der entscheidende Grund f\u00fcr unseren Ausflug in die Domstadt.<\/p>\n<p style=\"text-align: center;\"><img loading=\"lazy\" decoding=\"async\" class=\"aligncenter size-full wp-image-6915\" src=\"https:\/\/www.marvinchen.de\/olgas_welt\/blog\/wp-content\/uploads\/2019\/11\/web.jpg\" alt=\"\" width=\"560\" height=\"420\" srcset=\"https:\/\/www.marvinchen.de\/olgas_welt\/blog\/wp-content\/uploads\/2019\/11\/web.jpg 560w, https:\/\/www.marvinchen.de\/olgas_welt\/blog\/wp-content\/uploads\/2019\/11\/web-300x225.jpg 300w\" sizes=\"auto, (max-width: 560px) 100vw, 560px\" \/><\/p>\n<p>Und was macht man vornehmlich auf einem Weihnachtsmarkt? Nat\u00fcrlich, man trinkt Gl\u00fchwein, bei\u00dft in eine Bratwurst rein, knuspert frisch gebrannte Mandeln und traut sich so wie wir vielleicht auch an einen Langos oder ein Knoblauchbrot ran. Das Wetter war sehr nett zu uns, denn es war weder sehr kalt, noch hat es geregnet &#8211; also: &#8222;Schmecken lassen!&#8220;<\/p>\n<p style=\"text-align: center;\"><img loading=\"lazy\" decoding=\"async\" class=\"aligncenter size-full wp-image-6918\" src=\"https:\/\/www.marvinchen.de\/olgas_welt\/blog\/wp-content\/uploads\/2019\/11\/IMG_0015web.jpg\" alt=\"\" width=\"560\" height=\"420\" srcset=\"https:\/\/www.marvinchen.de\/olgas_welt\/blog\/wp-content\/uploads\/2019\/11\/IMG_0015web.jpg 560w, https:\/\/www.marvinchen.de\/olgas_welt\/blog\/wp-content\/uploads\/2019\/11\/IMG_0015web-300x225.jpg 300w\" sizes=\"auto, (max-width: 560px) 100vw, 560px\" \/><\/p>\n<p>Erst als es 20 Uhr wurde und die Verk\u00e4ufer kurz davor waren, Feierabend zu machen, fuhren auch wir wieder nach Hause. Allerdings nicht ohne 10 Minuten vor Ladenschluss im Schweinsgalopp zum Stand mit den&nbsp;<a href=\"https:\/\/www.pfefferkuchen-pulsnitz.com\/gefuellte-pfefferkuchen.html\" target=\"_blank\" rel=\"noopener\">Pulsnitzer gef\u00fcllten Spitzen<\/a> zu rennen, denn frisch schmecken diese einfach umwerfend! Carsten und Stephanie waren wie \u00fcblich schneller als Andrea und ich, dennoch standen sie schon vor heruntergelassenen Rolladen am Stand. H\u00e4h ?!?! Die Entt\u00e4uschung war gro\u00df! Aber pl\u00f6tzlich bewegte sich die Jalousie wieder nach oben &#8230; die Verk\u00e4uferin war zum Gl\u00fcck nur mal kurz weg, um die Bestellung f\u00fcr den n\u00e4chsten Tag aufzugeben. So konnten wir unser Vorhaben doch noch umsetzen und unseren Vorrat an diesen Leckereien gro\u00dfz\u00fcgig auff\u00fcllen &nbsp; &nbsp;\ud83d\ude42<\/p>\n<p style=\"text-align: center;\"><img loading=\"lazy\" decoding=\"async\" class=\"aligncenter size-full wp-image-6919\" src=\"https:\/\/www.marvinchen.de\/olgas_welt\/blog\/wp-content\/uploads\/2019\/11\/IMG_0047-web.jpg\" alt=\"\" width=\"560\" height=\"420\" srcset=\"https:\/\/www.marvinchen.de\/olgas_welt\/blog\/wp-content\/uploads\/2019\/11\/IMG_0047-web.jpg 560w, https:\/\/www.marvinchen.de\/olgas_welt\/blog\/wp-content\/uploads\/2019\/11\/IMG_0047-web-300x225.jpg 300w\" sizes=\"auto, (max-width: 560px) 100vw, 560px\" \/><\/p>\n<p>Zu Hause hockten wir noch eine ganze Weile beisammen und quatschten \u00fcber dies und das. Wir bleiben zwar dank der heutigen M\u00f6glichkeiten via Messenger, Email, Telefon oder Skype in recht engem Kontakt, aber bei einem pers\u00f6nlichen Gespr\u00e4ch, ggf. auch mit Kuscheleinheiten auf dem Sofa, erz\u00e4hlt man einfach noch viel mehr aus dem Leben.<\/p>\n<p style=\"text-align: center;\"><img loading=\"lazy\" decoding=\"async\" class=\"aligncenter size-full wp-image-6916\" src=\"https:\/\/www.marvinchen.de\/olgas_welt\/blog\/wp-content\/uploads\/2019\/11\/02-web.jpg\" alt=\"\" width=\"420\" height=\"560\" srcset=\"https:\/\/www.marvinchen.de\/olgas_welt\/blog\/wp-content\/uploads\/2019\/11\/02-web.jpg 420w, https:\/\/www.marvinchen.de\/olgas_welt\/blog\/wp-content\/uploads\/2019\/11\/02-web-300x400.jpg 300w\" sizes=\"auto, (max-width: 420px) 100vw, 420px\" \/><\/p>\n<p>F\u00fcr mich war das ein ganz wunderbarer, lustiger und gleichzeitig sehr gem\u00fctlicher Geburtstag! Mal schauen, wie ich in 366 Tagen den gro\u00dfen Wechsel von der 49 auf die 50 feiern werde&nbsp; &nbsp; \ud83d\ude09 &nbsp; &nbsp;zum Gl\u00fcck habe ich ja noch ein knappes Jahr, um mir dar\u00fcber mehr Gedanken zu machen &nbsp; &nbsp;\ud83d\ude42<\/p>\n","protected":false},"excerpt":{"rendered":"<p>Ich pers\u00f6nlich finde es wirklich schwierig, die Frage nach meinem Alter richtig zu beantworten. Die Zahl \u00e4ndert sich ja auch jedes Jahr aufs Neue! &nbsp; &nbsp;\ud83d\ude09 Am vergangenen Dienstag war wieder mal der n\u00e4chste Zahlenwechsel dran und zum letzten Mal in diesem Leben habe ich nun eine Zahl mit einer Vier als erste Ziffer &#8230; [&hellip;]<\/p>\n","protected":false},"author":3,"featured_media":0,"comment_status":"open","ping_status":"closed","sticky":false,"template":"","format":"standard","meta":{"ngg_post_thumbnail":0,"footnotes":""},"categories":[3,5,4,7,1],"tags":[16,56,208,14,53,13,15,303,114],"class_list":["post-6914","post","type-post","status-publish","format-standard","hentry","category-ausfluege-und-reisen","category-essen-und-trinken","category-freud-und-leid","category-freunde-und-co","category-olca-und-stan","tag-andrea","tag-anna","tag-barbara","tag-carsten","tag-geburtstag","tag-olga","tag-stephanie","tag-weihnachten","tag-weihnachtsmarkt"],"_links":{"self":[{"href":"https:\/\/www.marvinchen.de\/olgas_welt\/blog\/wp-json\/wp\/v2\/posts\/6914","targetHints":{"allow":["GET"]}}],"collection":[{"href":"https:\/\/www.marvinchen.de\/olgas_welt\/blog\/wp-json\/wp\/v2\/posts"}],"about":[{"href":"https:\/\/www.marvinchen.de\/olgas_welt\/blog\/wp-json\/wp\/v2\/types\/post"}],"author":[{"embeddable":true,"href":"https:\/\/www.marvinchen.de\/olgas_welt\/blog\/wp-json\/wp\/v2\/users\/3"}],"replies":[{"embeddable":true,"href":"https:\/\/www.marvinchen.de\/olgas_welt\/blog\/wp-json\/wp\/v2\/comments?post=6914"}],"version-history":[{"count":0,"href":"https:\/\/www.marvinchen.de\/olgas_welt\/blog\/wp-json\/wp\/v2\/posts\/6914\/revisions"}],"wp:attachment":[{"href":"https:\/\/www.marvinchen.de\/olgas_welt\/blog\/wp-json\/wp\/v2\/media?parent=6914"}],"wp:term":[{"taxonomy":"category","embeddable":true,"href":"https:\/\/www.marvinchen.de\/olgas_welt\/blog\/wp-json\/wp\/v2\/categories?post=6914"},{"taxonomy":"post_tag","embeddable":true,"href":"https:\/\/www.marvinchen.de\/olgas_welt\/blog\/wp-json\/wp\/v2\/tags?post=6914"}],"curies":[{"name":"wp","href":"https:\/\/api.w.org\/{rel}","templated":true}]}}