{"id":693,"date":"2011-10-01T19:27:50","date_gmt":"2011-10-01T17:27:50","guid":{"rendered":"http:\/\/www.marvinchen.de\/olgas_welt\/blog\/?p=693"},"modified":"2011-10-01T19:27:50","modified_gmt":"2011-10-01T17:27:50","slug":"ein-altbekanntes-klagelied","status":"publish","type":"post","link":"https:\/\/www.marvinchen.de\/olgas_welt\/blog\/2011\/10\/ein-altbekanntes-klagelied\/","title":{"rendered":"Ein altbekanntes Klagelied"},"content":{"rendered":"<p>Refrain: Die Zeit zum Blogschreiben ist rar, denn das echte Leben l\u00e4uft wunderbar!\u00a0 \u00a0 \ud83d\ude09<\/p>\n<p>Auf jeden Fall schafft die olle Langweile es nicht, bei uns einzuziehen und unser Familienplaner bekommt stattdessen jeden Tag neues Terminfutter.\u00a0\u00a0\u00a0 \ud83d\ude42<\/p>\n<p>Aber ich will mich ja nicht beklagen, denn es passieren so viele sch\u00f6ne oder einfach nur spannende Dinge in meinem Leben. Ich habe z.B. mein Bewerbungsgespr\u00e4ch bei der VHS gut \u00fcberstanden und werde f\u00fcr den &#8222;Reaktivierungskurs Russisch&#8220; f\u00fcrs n\u00e4chste Semester eingeplant. Falls also noch jemand in Dresden\u00a0seine Russisch-Kenntnisse auffrischen m\u00f6chte &#8211; ich freue mich auch \u00fcber bekannte Gesichter im Kurs.\u00a0\u00a0 \ud83d\ude42<\/p>\n<p>Au\u00dferdem haben Carsten und ich das wundervolle Herbstwetter f\u00fcr viele Taten in unserem Garten genutzt. Die Blase von der Gartenschere auf meinem rechten Daumen ist inzwischen nahezu komplett verheilt. Wir haben es wirklich geschafft, zwei alte eckige Regentonnen aus unserem Garten, die leider mit der Zeit arg spr\u00f6de und deshalb reif f\u00fcr die Kippe\u00a0geworden sind, rappelvoll mit verschiedenstem kleingeschnittenen\u00a0Ge\u00e4st zu f\u00fcllen. Die Fahrt zur\u00a0Abfallwirtschaft war daher ein kleines Abenteuer, aber wozu habe ich schlie\u00dflich ein so\u00a0gro\u00dfes Auto!\u00a0\u00a0 \ud83d\ude09\u00a0\u00a0\u00a0<\/p>\n<p>Wir haben\u00a0ebenfalls einige neue Filme angesehen und\u00a0die Abenteuer von Herrn MacGyver sind mir inzwischen auch zum Teil bekannt. Die M\u00e4nner in meinem Leben sollen echt froh sein, dass ich diese Serie\u00a0nicht schon fr\u00fcher gekannt habe, denn das h\u00e4tte meine Ma\u00dfst\u00e4be bei der Auswahl des Lebensgef\u00e4hrten arg ver\u00e4ndert und wom\u00f6glich w\u00e4re ich immer noch auf der Suche nach einem charmanten Gentleman, der in jeder Situation eine kreative L\u00f6sung findet und sie mithilfe\u00a0eines Schweizer Messers auch umsetzen kann, nett zur Kindern ist und keine Feuerwaffen benutzt, um all die B\u00f6sewichte zu bestrafen. Gl\u00fccklichwerweise\u00a0war Carsten\u00a0als Jugendlicher\u00a0gro\u00dfer\u00a0Fan von ihm (wie schon im vorherigen Eintrag berichtet)\u00a0und er hat einiges davon \u00fcbernommen. Wir haben z.B.\u00a0 nach wie vor keine Feuerwaffen im Haus, er besitzt ein (aus meiner Sicht\u00a0\u00a0 \ud83d\ude09\u00a0\u00a0\u00a0 ) nettes L\u00e4cheln und er ist in der Lage, auch sehr kreative handwerkliche L\u00f6sungen zu finden, welche im Alltag mit Bravour ihre Tauglichkeit beweisen k\u00f6nnen.\u00a0\u00a0\u00a0 :verliebt:\u00a0<\/p>\n<p>Aber das Leben hat nicht nur H\u00f6hepunkte im Programm.\u00a0Aktuell kann ich mein Wissen als diplomierte Krankenschwester der Zivilverteidigung bei meiner Gro\u00dfen anwenden. Sie hat eine Entz\u00fcndung am Fuss\u00a0verschleppt und nun muss\u00a0sie nicht nur jede Menge Medikamente schlucken und sich mit Kr\u00fccken anfreunden,\u00a0sondern es muss auch ihr Verband gewechselt werden &#8230; da komme ich ins Spiel. Gelernt ist gelernt.\u00a0Hoffentlich f\u00fchlt sie sich am Dienstag wieder fit, denn dann beginnt n\u00e4mlich schon ihr erstes Semester. Ich bitte also ganz doll um Daumendr\u00fccken!<\/p>\n","protected":false},"excerpt":{"rendered":"<p>Refrain: Die Zeit zum Blogschreiben ist rar, denn das echte Leben l\u00e4uft wunderbar!\u00a0 \u00a0 \ud83d\ude09 Auf jeden Fall schafft die olle Langweile es nicht, bei uns einzuziehen und unser Familienplaner bekommt stattdessen jeden Tag neues Terminfutter.\u00a0\u00a0\u00a0 \ud83d\ude42 Aber ich will mich ja nicht beklagen, denn es passieren so viele sch\u00f6ne oder einfach nur spannende Dinge [&hellip;]<\/p>\n","protected":false},"author":3,"featured_media":0,"comment_status":"open","ping_status":"closed","sticky":false,"template":"","format":"standard","meta":{"ngg_post_thumbnail":0,"footnotes":""},"categories":[6,12,4,1],"tags":[16,14,241,270,606,719,13,564,400],"class_list":["post-693","post","type-post","status-publish","format-standard","hentry","category-ackern-und-werkeln","category-film-und-fernsehen","category-freud-und-leid","category-olca-und-stan","tag-andrea","tag-carsten","tag-garten","tag-herbst","tag-krankheit","tag-macgyver","tag-olga","tag-vhs","tag-zeit"],"_links":{"self":[{"href":"https:\/\/www.marvinchen.de\/olgas_welt\/blog\/wp-json\/wp\/v2\/posts\/693","targetHints":{"allow":["GET"]}}],"collection":[{"href":"https:\/\/www.marvinchen.de\/olgas_welt\/blog\/wp-json\/wp\/v2\/posts"}],"about":[{"href":"https:\/\/www.marvinchen.de\/olgas_welt\/blog\/wp-json\/wp\/v2\/types\/post"}],"author":[{"embeddable":true,"href":"https:\/\/www.marvinchen.de\/olgas_welt\/blog\/wp-json\/wp\/v2\/users\/3"}],"replies":[{"embeddable":true,"href":"https:\/\/www.marvinchen.de\/olgas_welt\/blog\/wp-json\/wp\/v2\/comments?post=693"}],"version-history":[{"count":0,"href":"https:\/\/www.marvinchen.de\/olgas_welt\/blog\/wp-json\/wp\/v2\/posts\/693\/revisions"}],"wp:attachment":[{"href":"https:\/\/www.marvinchen.de\/olgas_welt\/blog\/wp-json\/wp\/v2\/media?parent=693"}],"wp:term":[{"taxonomy":"category","embeddable":true,"href":"https:\/\/www.marvinchen.de\/olgas_welt\/blog\/wp-json\/wp\/v2\/categories?post=693"},{"taxonomy":"post_tag","embeddable":true,"href":"https:\/\/www.marvinchen.de\/olgas_welt\/blog\/wp-json\/wp\/v2\/tags?post=693"}],"curies":[{"name":"wp","href":"https:\/\/api.w.org\/{rel}","templated":true}]}}