{"id":694,"date":"2011-10-03T21:10:05","date_gmt":"2011-10-03T19:10:05","guid":{"rendered":"http:\/\/www.marvinchen.de\/olgas_welt\/blog\/?p=694"},"modified":"2011-10-03T21:16:50","modified_gmt":"2011-10-03T19:16:50","slug":"ausflug-unter-beschus","status":"publish","type":"post","link":"https:\/\/www.marvinchen.de\/olgas_welt\/blog\/2011\/10\/ausflug-unter-beschus\/","title":{"rendered":"Ausflug unter Beschu\u00df"},"content":{"rendered":"<p>Da das Wetter einfach m\u00e4rchenhaft war und\u00a0die Kinder sich mit ihren Kumpels verabredet hatten, entschieden wir, also Carsten und ich, uns einen sch\u00f6nen Herbstspaziergang zu g\u00f6nnen. Mich zog es\u00a0nach langer Zeit mal wieder nach Wachwitz. Das\u00a0letzte Mal waren wir dort mit\u00a0einer befreundeten Familie\u00a0im Jahre 2003!\u00a0<\/p>\n<p>Ohne Kinder und bei strahlendem Sonnenschein packten wir in unseren K\u00fchlrucksack einige Flaschen Wasser, eine kleine Stange Salami und eine Packung Gummitiere. Schon die Fahrt zum Ziel\u00a0mit dem Cabrio hat wie immer viel Spa\u00df gemacht!<\/p>\n<p>Im Wald war es echt idyllisch, naja eigentlich fast idyllisch. Die Bl\u00e4tter haben noch weitgehend ihre sommerlich gr\u00fcne Farbe behalten, aber andere Anzeichen von Herbst\u00a0waren kaum zu \u00fcberh\u00f6ren. Wir hatten das Gef\u00fchl, mitten in einem Baumkrieg geraten zu sein! Von nah und fern h\u00f6rten wir immerzu das Fallen von Eicheln, Kastanien, Bucherckern\u00a0oder Maronen und haben nur noch darauf gewartet, dass eines\u00a0dieser Wurfgeschosse auf unseren K\u00f6pfen landet. Aber gl\u00fccklicherweise sind wir heile von unserem Rundgang zur\u00fcckgekommen. Wir haben uns unterwegs sogar mit lecker Essen\u00a0eindecken k\u00f6nnen, denn einige Maronen sind mit in den Rucksack gekommen und landen in ein paar Tagen im Ofen.<\/p>\n<p>Carsten hat sich zudem sehr\u00a0viel M\u00fche gegeben, aus unserem &#8222;normalen&#8220; Spaziergang eine Abenteuerwanderung zu machen!\u00a0Nachdem wir\u00a0ca.\u00a0\u00a0anderthalb Stunden in der Natur\u00a0gewandert waren, in der Sonne auf einer Bank gesessen, unsere Vorr\u00e4te\u00a0 gemampft und auf den nahen Dresdner Fernsehturm geschaut haben, suchte er einen besonderen Trampelpfad aus. Dieser f\u00fchrte an einem Maschendrahtzaun entlang und sah so aus, dass er uns auch zur\u00fcck zum Auto f\u00fchren k\u00f6nnte,\u00a0aber dieses Gef\u00fchl hatten wir\u00a0nur solange, bis wir direkt vor einem Zaun am Abgrund standen, keinen Weg mehr vor\u00a0uns hatten\u00a0und zwangsl\u00e4ufig umkehren mussten. Das tat der Sache aber kein Abbruch und wir versuchten eine weitere Abzweigung zu erlaufen.<\/p>\n<p>Ich f\u00fchlte mich auf dem schr\u00e4gen Hang, \u00fcber welchen der ausgesuchte Pfad sich schl\u00e4ngelte, ziemlich unsicher. Das Problem waren die\u00a0unz\u00e4hligen Eicheln, welche fast den gesamten Weg bedeckten und so einen fast spiegelglatten Untergrund bildeten. Ich hatte ziemlich viel Angst\u00a0einen falschen Schritt\u00a0zu machen und daraufhin mit einem Karacho in den Abgrund hinab zu rutschen\u00a0\u00a0\u00a0 \ud83d\ude09\u00a0\u00a0\u00a0 eine wilde Rutschpartie auf einem steilen Hang mit anschlie\u00dfenden Blessuren\u00a0habe ich schon vor knapp 2 Jahren gemacht und war auf eine Wiederholung nicht sonderlich scharf .\u00a0\u00a0<\/p>\n<p>Wie es sich bald herausstellte, f\u00fchrte\u00a0uns auch der zweite\u00a0Weg\u00a0in eine gemeine Sackgasse, wo wir vor der Entscheidung standen, ob wir weiterhin den Zaun anstarren, den steilen Hang ins Unsgewisse auf unseren vier Buchstaben herunter rutschen oder umkehren und uns endlich an die offizellen\u00a0Wanderwege halten. Die Vernunft hat gesiegt und zur\u00fcck zum richtigen Weg\u00a0balancierte ich erneut auf den glatten Eichelboden und hielt mich an allem auf der Erde fest, was\u00a0Wurzeln zu haben schien.<\/p>\n<p>Wir haben Gl\u00fcck gehabt und kamen unbeschadet nach kurzer Zeit wieder bei unserem Wagen an.\u00a0 Jetzt ist OLCAs Erinnerungsschatz um einen weiteren lustigen Wandertag reicher geworden!<\/p>\n<p><a rel=\"attachment wp-att-697\" href=\"https:\/\/www.marvinchen.de\/olgas_welt\/blog\/2011\/10\/ausflug-unter-beschus\/picnik-collage-wachwitz\/\"><img loading=\"lazy\" decoding=\"async\" class=\"aligncenter size-full wp-image-697\" src=\"https:\/\/www.marvinchen.de\/olgas_welt\/blog\/wp-content\/uploads\/2011\/10\/Picnik-Collage-Wachwitz.jpg\" alt=\"\" width=\"630\" height=\"341\" srcset=\"https:\/\/www.marvinchen.de\/olgas_welt\/blog\/wp-content\/uploads\/2011\/10\/Picnik-Collage-Wachwitz.jpg 630w, https:\/\/www.marvinchen.de\/olgas_welt\/blog\/wp-content\/uploads\/2011\/10\/Picnik-Collage-Wachwitz-300x162.jpg 300w\" sizes=\"auto, (max-width: 630px) 100vw, 630px\" \/><\/a><a rel=\"attachment wp-att-695\" href=\"https:\/\/www.marvinchen.de\/olgas_welt\/blog\/2011\/10\/ausflug-unter-beschus\/picnik-collage\/\"><\/a><\/p>\n","protected":false},"excerpt":{"rendered":"<p>Da das Wetter einfach m\u00e4rchenhaft war und\u00a0die Kinder sich mit ihren Kumpels verabredet hatten, entschieden wir, also Carsten und ich, uns einen sch\u00f6nen Herbstspaziergang zu g\u00f6nnen. Mich zog es\u00a0nach langer Zeit mal wieder nach Wachwitz. Das\u00a0letzte Mal waren wir dort mit\u00a0einer befreundeten Familie\u00a0im Jahre 2003!\u00a0 Ohne Kinder und bei strahlendem Sonnenschein packten wir in unseren [&hellip;]<\/p>\n","protected":false},"author":3,"featured_media":0,"comment_status":"open","ping_status":"closed","sticky":false,"template":"","format":"standard","meta":{"ngg_post_thumbnail":0,"footnotes":""},"categories":[3,5,4,1],"tags":[523,14,270,13,481,720],"class_list":["post-694","post","type-post","status-publish","format-standard","hentry","category-ausfluege-und-reisen","category-essen-und-trinken","category-freud-und-leid","category-olca-und-stan","tag-ausflug","tag-carsten","tag-herbst","tag-olga","tag-spaziergang","tag-wald"],"_links":{"self":[{"href":"https:\/\/www.marvinchen.de\/olgas_welt\/blog\/wp-json\/wp\/v2\/posts\/694","targetHints":{"allow":["GET"]}}],"collection":[{"href":"https:\/\/www.marvinchen.de\/olgas_welt\/blog\/wp-json\/wp\/v2\/posts"}],"about":[{"href":"https:\/\/www.marvinchen.de\/olgas_welt\/blog\/wp-json\/wp\/v2\/types\/post"}],"author":[{"embeddable":true,"href":"https:\/\/www.marvinchen.de\/olgas_welt\/blog\/wp-json\/wp\/v2\/users\/3"}],"replies":[{"embeddable":true,"href":"https:\/\/www.marvinchen.de\/olgas_welt\/blog\/wp-json\/wp\/v2\/comments?post=694"}],"version-history":[{"count":0,"href":"https:\/\/www.marvinchen.de\/olgas_welt\/blog\/wp-json\/wp\/v2\/posts\/694\/revisions"}],"wp:attachment":[{"href":"https:\/\/www.marvinchen.de\/olgas_welt\/blog\/wp-json\/wp\/v2\/media?parent=694"}],"wp:term":[{"taxonomy":"category","embeddable":true,"href":"https:\/\/www.marvinchen.de\/olgas_welt\/blog\/wp-json\/wp\/v2\/categories?post=694"},{"taxonomy":"post_tag","embeddable":true,"href":"https:\/\/www.marvinchen.de\/olgas_welt\/blog\/wp-json\/wp\/v2\/tags?post=694"}],"curies":[{"name":"wp","href":"https:\/\/api.w.org\/{rel}","templated":true}]}}