{"id":698,"date":"2011-10-07T16:39:18","date_gmt":"2011-10-07T14:39:18","guid":{"rendered":"http:\/\/www.marvinchen.de\/olgas_welt\/blog\/2011\/10\/freizeit-ist-das-was-man-draus-macht\/"},"modified":"2011-10-07T16:54:06","modified_gmt":"2011-10-07T14:54:06","slug":"freizeit-ist-das-was-man-draus-macht","status":"publish","type":"post","link":"https:\/\/www.marvinchen.de\/olgas_welt\/blog\/2011\/10\/freizeit-ist-das-was-man-draus-macht\/","title":{"rendered":"Freizeit ist das, was man draus macht"},"content":{"rendered":"<p>Meine Freizeit ist meistens nicht wirklich frei. Nach dem wohlverdienten Feierabend ist bei mir selten Schluss mit\u00a0zeitraubenden Aktivit\u00e4ten. Im Gegensatz, ich\u00a0neige\u00a0stark dazu, meine Spalte im Familienplaner recht gnadenlos vollzuschreiben. Aber was soll ich\u00a0machen, wenn das Leben so vielseitig ist und ich schon immer so wissbegierig (bzw. neugierig) bin?<\/p>\n<p>Auf jeden Fall begann meine (deutsche) Kurzwoche am Dienstag zuerst mit\u00a0Sp\u00e4tdienst. An dem Tag haben sich die Termine diesmal sogar \u00fcberlagert und ich konnte nicht gleichzeitig auf dem Stuhl im B\u00fcro\u00a0und auf dem im Gymnasium sitzen. Deshalb begleitete Carsten ganz allein Stephanie zu einer Infoveranstalung f\u00fcr alle k\u00fcnftigen Austauschsch\u00fcler. So wie es derzeit aussieht, f\u00e4hrt unsere Kleine im November wohl tats\u00e4chlich f\u00fcr einige Tage nach Italien!<\/p>\n<p>Apropos unsere Kleine. Im Grossen und Ganzen hat sie dann auch am Mittwoch den Zeitrahmen bestimmt. Ihr Gymnasium feierte in dieser Woche ihr 100-j\u00e4hriges Jubil\u00e4um und aus diesem Anlass organisierte man einen Ball in der ca. 40 Autominuten entfernten B\u00f6rse Coswig. Unser verantwortungsbewusstes Kind hat sich freiwillig als Garderobenm\u00e4dchen gemeldet. Da Coswig f\u00fcr\u00a0Dresdner ziemlich am Ende der Welt liegt und die \u00f6ffentlichen Verkehrsmitteln nachts nur alle Jubelstunden kommen, versprachen wir Stephanie, dass wir sie dort um 23 Uhr abholen. Die Zeit bis\u00a0dahin haben wir mit Katja und Gerd verbracht, die eigentlich nur\u00a0unsere Fotos von Waldbad Weixdorf ansehen wollten, welche ich mal an drei verschiedenen Tagen im Sommer gemacht habe. Danach hatten Carsten und ich eigentlich PC-Zeit geplant. Aber man kennt das ja: zusammen essen, Wein\/Bier\/Cola trinken, quatschen und schon vergingen die drei Stunden wie im Fluge!<\/p>\n<p>Gestern jagte bei mir schon wieder ein Termin den anderen. Im Gymmi war als weiterer Jubil\u00e4umsprogrammpunkt ein Kabarettauftritt von Schaller Sr. und Schaller Jr. angeboten worden. Das konnte ich mir nat\u00fcrlich nicht entgehen lassen, zumal man\u00a0keinen Eintritt zahlen musste! Die Lesung hat nicht nur mir, sondern auch Stephanie\u00a0sehr gut gefallen. Danach mussten wir allerdings mit Carstens Hilfe noch die Frage &#8222;Wer ist Achim Menzel?&#8220; kl\u00e4ren (der kam ein paar Male in dem St\u00fcck vor).<br \/>\nNach einer sehr am\u00fcsanten Stunde flitzte ich mit meinem Kind schnell nach Hause, bastelte mir eine Schnitte, k\u00fcsste meinen Man gleichzeitig zur Begr\u00fcssung und zum Abschied und hetzte in die VHS. In der heutigen &#8222;Kreatives Schreiben&#8220;- Stunde war\u00a0zudem noch\u00a0meine eigene Textpassage dran. Ich hatte schlicht und einfach Lampenfieber. Aber am Ende kam ich strahlend wie ein Honigkuchenpferd nach Hause, weil zwei Leute mir direkt gesagt haben, dass sie es interessant fanden. Das tollste f\u00fcr mich war dabei, dass eine Person unsere Dozentin war, welche selber Krimis schreibt und ver\u00f6ffentlicht.<br \/>\nSo einen tollen Abend rundeten Carsten und ich dann noch zusammen mit dem Film &#8222;Russland &#8211; Im Reich der Tiger, B\u00e4ren und Vulkane&#8220; im Fernsehraum ab. Wer gut gemachte Naturfilme mag, wird genau so viel Spass bei diesem Streifen haben wie wir. Es gab nicht nur faszinierende Landschaftsaufnahmen, sondern auch witzige und sehr beeindruckende Tiergeschichten zu sehen. Vor allen Dingen stellten wir beide fest, dass es Tieraten gibt, von\u00a0denen wir bislang sogar noch nie etwas geh\u00f6rt oder gesehen haben. Dabei sehen sie so putzig aus!<\/p>\n<p>Heute steht\u00a0erneut was Tolles auf dem Plan, denn unser Wochenende beginnt zun\u00e4chst mit dem nahezu obligatorischen Freitagsd\u00f6ner und anschliessend fahren wir in die Neustadt zum\u00a0Couchsurfing-Monatstreffen in der Canape-Bar. Ich freue mich!<\/p>\n","protected":false},"excerpt":{"rendered":"<p>Meine Freizeit ist meistens nicht wirklich frei. Nach dem wohlverdienten Feierabend ist bei mir selten Schluss mit\u00a0zeitraubenden Aktivit\u00e4ten. Im Gegensatz, ich\u00a0neige\u00a0stark dazu, meine Spalte im Familienplaner recht gnadenlos vollzuschreiben. Aber was soll ich\u00a0machen, wenn das Leben so vielseitig ist und ich schon immer so wissbegierig (bzw. neugierig) bin? Auf jeden Fall begann meine (deutsche) Kurzwoche [&hellip;]<\/p>\n","protected":false},"author":3,"featured_media":0,"comment_status":"open","ping_status":"closed","sticky":false,"template":"","format":"standard","meta":{"ngg_post_thumbnail":0,"footnotes":""},"categories":[5,12,4,7,1],"tags":[14,52,627,20,653,13,15,564],"class_list":["post-698","post","type-post","status-publish","format-standard","hentry","category-essen-und-trinken","category-film-und-fernsehen","category-freud-und-leid","category-freunde-und-co","category-olca-und-stan","tag-carsten","tag-film","tag-freizeit","tag-gymnasium","tag-kabarett","tag-olga","tag-stephanie","tag-vhs"],"_links":{"self":[{"href":"https:\/\/www.marvinchen.de\/olgas_welt\/blog\/wp-json\/wp\/v2\/posts\/698","targetHints":{"allow":["GET"]}}],"collection":[{"href":"https:\/\/www.marvinchen.de\/olgas_welt\/blog\/wp-json\/wp\/v2\/posts"}],"about":[{"href":"https:\/\/www.marvinchen.de\/olgas_welt\/blog\/wp-json\/wp\/v2\/types\/post"}],"author":[{"embeddable":true,"href":"https:\/\/www.marvinchen.de\/olgas_welt\/blog\/wp-json\/wp\/v2\/users\/3"}],"replies":[{"embeddable":true,"href":"https:\/\/www.marvinchen.de\/olgas_welt\/blog\/wp-json\/wp\/v2\/comments?post=698"}],"version-history":[{"count":0,"href":"https:\/\/www.marvinchen.de\/olgas_welt\/blog\/wp-json\/wp\/v2\/posts\/698\/revisions"}],"wp:attachment":[{"href":"https:\/\/www.marvinchen.de\/olgas_welt\/blog\/wp-json\/wp\/v2\/media?parent=698"}],"wp:term":[{"taxonomy":"category","embeddable":true,"href":"https:\/\/www.marvinchen.de\/olgas_welt\/blog\/wp-json\/wp\/v2\/categories?post=698"},{"taxonomy":"post_tag","embeddable":true,"href":"https:\/\/www.marvinchen.de\/olgas_welt\/blog\/wp-json\/wp\/v2\/tags?post=698"}],"curies":[{"name":"wp","href":"https:\/\/api.w.org\/{rel}","templated":true}]}}