{"id":704,"date":"2011-10-09T21:59:20","date_gmt":"2011-10-09T19:59:20","guid":{"rendered":"http:\/\/www.marvinchen.de\/olgas_welt\/blog\/?p=704"},"modified":"2011-10-09T21:59:20","modified_gmt":"2011-10-09T19:59:20","slug":"beine-hoch","status":"publish","type":"post","link":"https:\/\/www.marvinchen.de\/olgas_welt\/blog\/2011\/10\/beine-hoch\/","title":{"rendered":"Beine hoch!"},"content":{"rendered":"<p>Nachdem die Woche derart ereignisreich war, habe ich viel Wert darauf gelegt, mir am Wochenende etwas mehr Freizeit zu g\u00f6nnen. Dennoch konnte ich es mir nicht entgehen lassen, am Samstag die Schule unserer Kinder zu besuchen. Es sollte ja schlie\u00dflich der letzte Tag der <a href=\"https:\/\/www.marvinchen.de\/olgas_welt\/blog\/2011\/10\/freizeit-ist-das-was-man-draus-macht\/\" target=\"_blank\">Feierwoche<\/a> sein.<\/p>\n<p>Stephanie wurde gleich nach dem Fr\u00fchst\u00fcck von Carsten zum Gymmi gebracht, weil es just in dem Augenblick begonnen hat, wie aus den Eimern zu sch\u00fctten! Eigentlich war es geplant, dass sie wie immer zu Fu\u00df l\u00e4uft, aber bei dieser Wetterlage wollten wir unsere Maus doch nicht im Regen stehen lassen. \u00a0\u00a0 \ud83d\ude09<\/p>\n<p>Als wir uns ein paar Stunden sp\u00e4ter\u00a0selbst auf den Weg machten, schien die Sonne so unschuldig, als ob sie bereits den ganzen Vormittags da gewesen w\u00e4re!\u00a0 Den Wetterlaunen nach\u00a0sollte der gestrige\u00a0Samstag definitiv\u00a0statt Oktober\u00a0in April umbenannt werden.\u00a0\u00a0\u00a0 \ud83d\ude09<\/p>\n<p>Das Gel\u00e4nde das Gymnasiums war recht gut besucht, allerdings verringerte sich der Anteil der Menschen in der G\u00e4ngen von Etage zu Etage. Da Stephanie ihren Dienst unterm Dach schob, hatte sie\u00a0und ihre Kumpels\u00a0nicht sonderlich viel zu tun.\u00a0 Es verirrten sich nur wenige\u00a0 Besucher\u00a0dorthin,\u00a0die meisten\u00a0blieben bei diversen St\u00e4nden im Erdgescho\u00df bzw. im 1. Stock h\u00e4ngen.\u00a0<\/p>\n<p>Carsten und ich schafften es unter anderem, einen Teil\u00a0des gro\u00dfen Showprogramms der Sch\u00fcler mitzuerleben und ich stellte fest, dass ich inzwischen so sentimental geworden bin, dass mich nicht nur die Auftritte meiner M\u00e4dels, sondern eigentlich aller\u00a0Kinder zur Tr\u00e4nen r\u00fchren kann.\u00a0\u00a0\u00a0\u00a0:erroeten:<\/p>\n<p>Nach dem Schulfestbesuch fuhren wir kurz zu einem relativ kleinen Shoppingscenter in der N\u00e4he, wo wir unser Mittagessen organisierten und ich im Anschlu\u00df noch ein paar Kleinigkeiten f\u00fcr meien Garderobe\u00a0in\u00a0zwei L\u00e4den besorgen konnte.<\/p>\n<p>Und das war&#8217;s mit unseren au\u00dferh\u00e4uslichen Aktivit\u00e4ten. Der Rest ist schnell beschrieben: essen, lesen, schlafen, viel Zeit am Rechner verbringen (ich war schon ewig nicht mehr einige Stunden am St\u00fcck dran), miteinander quatschen, bl\u00f6deln und einfach die Beine in der H\u00e4ngematte hochlegen,\u00a0in den H\u00e4nden eine Fotozeitschrift haltend.<\/p>\n<p>Ich glaube, jetzt habe ich genug Kraft, um die n\u00e4chste Woche zu wuppen.\u00a0\u00a0\u00a0 \ud83d\ude00<\/p>\n","protected":false},"excerpt":{"rendered":"<p>Nachdem die Woche derart ereignisreich war, habe ich viel Wert darauf gelegt, mir am Wochenende etwas mehr Freizeit zu g\u00f6nnen. Dennoch konnte ich es mir nicht entgehen lassen, am Samstag die Schule unserer Kinder zu besuchen. Es sollte ja schlie\u00dflich der letzte Tag der Feierwoche sein. Stephanie wurde gleich nach dem Fr\u00fchst\u00fcck von Carsten zum [&hellip;]<\/p>\n","protected":false},"author":3,"featured_media":0,"comment_status":"open","ping_status":"closed","sticky":false,"template":"","format":"standard","meta":{"ngg_post_thumbnail":0,"footnotes":""},"categories":[5,4,1],"tags":[14,722,721,627,20,13,87,15,251,352],"class_list":["post-704","post","type-post","status-publish","format-standard","hentry","category-essen-und-trinken","category-freud-und-leid","category-olca-und-stan","tag-carsten","tag-einkaufen","tag-fest","tag-freizeit","tag-gymnasium","tag-olga","tag-schule","tag-stephanie","tag-wetter","tag-wochenende"],"_links":{"self":[{"href":"https:\/\/www.marvinchen.de\/olgas_welt\/blog\/wp-json\/wp\/v2\/posts\/704","targetHints":{"allow":["GET"]}}],"collection":[{"href":"https:\/\/www.marvinchen.de\/olgas_welt\/blog\/wp-json\/wp\/v2\/posts"}],"about":[{"href":"https:\/\/www.marvinchen.de\/olgas_welt\/blog\/wp-json\/wp\/v2\/types\/post"}],"author":[{"embeddable":true,"href":"https:\/\/www.marvinchen.de\/olgas_welt\/blog\/wp-json\/wp\/v2\/users\/3"}],"replies":[{"embeddable":true,"href":"https:\/\/www.marvinchen.de\/olgas_welt\/blog\/wp-json\/wp\/v2\/comments?post=704"}],"version-history":[{"count":0,"href":"https:\/\/www.marvinchen.de\/olgas_welt\/blog\/wp-json\/wp\/v2\/posts\/704\/revisions"}],"wp:attachment":[{"href":"https:\/\/www.marvinchen.de\/olgas_welt\/blog\/wp-json\/wp\/v2\/media?parent=704"}],"wp:term":[{"taxonomy":"category","embeddable":true,"href":"https:\/\/www.marvinchen.de\/olgas_welt\/blog\/wp-json\/wp\/v2\/categories?post=704"},{"taxonomy":"post_tag","embeddable":true,"href":"https:\/\/www.marvinchen.de\/olgas_welt\/blog\/wp-json\/wp\/v2\/tags?post=704"}],"curies":[{"name":"wp","href":"https:\/\/api.w.org\/{rel}","templated":true}]}}