{"id":7203,"date":"2020-07-26T19:39:14","date_gmt":"2020-07-26T17:39:14","guid":{"rendered":"http:\/\/www.marvinchen.de\/olgas_welt\/blog\/?p=7203"},"modified":"2020-07-26T20:32:57","modified_gmt":"2020-07-26T18:32:57","slug":"neues-aus-der-residencia-olca","status":"publish","type":"post","link":"https:\/\/www.marvinchen.de\/olgas_welt\/blog\/2020\/07\/neues-aus-der-residencia-olca\/","title":{"rendered":"Neues aus der Residencia OLCA"},"content":{"rendered":"<p>Wenn ich eine l\u00e4ngere Schreibpause habe, dann deutet diese oft daraufhin, dass in meinen Leben einiges los ist. Zum Gl\u00fcck passiert dann aber auch \u00fcberwiegend etwas Positives\u00a0 \u00a0 \ud83d\ude09<\/p>\n<p>Also dann versuche ich mal kurz zu berichten, was bei uns in den vergangenen Tagen so passierte.<\/p>\n<p>Fangen wir damit an, dass Carsten und ich ein H\u00e4uschen gebaut haben. Wir haben an unserer Wohnung einen wirklich gro\u00dfen Balkon dran und inzwischen haben wir daf\u00fcr auch einige Gartenm\u00f6bel und einen Gasgrill zugelegt. Damit all diese Sachen nicht stets und st\u00e4ndig der Sonne, dem Wind, dem Regen usw. ausgesetzt werden, haben wir schon vor einer Weile ins Auge gefasst, daf\u00fcr mal einen passenden Schuppen zu suchen und aufzustellen. Vor einer Woche brachte ein Paketbote f\u00fcr dieses Bauvorhaben zwei gro\u00dfe Pakete mit vielen Einzelteilen zu unserer Wohnung. Carsten stellt sich solchen Herausforderungen nur all zu gern und so verbrachten wir fast den ganzen lieben Samstag damit, alles genau nach Anleitung zusammen zu bauen &#8211; zig Schrauben wollten verbaut werden:<\/p>\n<p style=\"text-align: center\"><img loading=\"lazy\" decoding=\"async\" class=\"aligncenter size-full wp-image-7204\" src=\"https:\/\/www.marvinchen.de\/olgas_welt\/blog\/wp-content\/uploads\/2020\/07\/01-1.jpg\" alt=\"\" width=\"420\" height=\"560\" srcset=\"https:\/\/www.marvinchen.de\/olgas_welt\/blog\/wp-content\/uploads\/2020\/07\/01-1.jpg 420w, https:\/\/www.marvinchen.de\/olgas_welt\/blog\/wp-content\/uploads\/2020\/07\/01-1-300x400.jpg 300w\" sizes=\"auto, (max-width: 420px) 100vw, 420px\" \/><\/p>\n<p>Bei solchen Projekten bin ich sooooo froh, einen derart handwerklich begabten Mann &#8222;mein Schatz&#8220; nennen zu d\u00fcrfen\u00a0 \u00a0 \ud83d\ude42 \u00a0 \u00a0 allein w\u00e4re ich damit schon beim Lesen der Anleitung gnadenlos \u00fcberfordert!<\/p>\n<p>Aber am Ende des Tages war alles g\u00e4nzlich aufgebaut und alle Drau\u00dfendinge fanden darin tats\u00e4chlich ihren Platz:<\/p>\n<p style=\"text-align: center\"><img loading=\"lazy\" decoding=\"async\" class=\"aligncenter size-full wp-image-7205\" src=\"https:\/\/www.marvinchen.de\/olgas_welt\/blog\/wp-content\/uploads\/2020\/07\/02-1.jpg\" alt=\"\" width=\"560\" height=\"420\" srcset=\"https:\/\/www.marvinchen.de\/olgas_welt\/blog\/wp-content\/uploads\/2020\/07\/02-1.jpg 560w, https:\/\/www.marvinchen.de\/olgas_welt\/blog\/wp-content\/uploads\/2020\/07\/02-1-300x225.jpg 300w\" sizes=\"auto, (max-width: 560px) 100vw, 560px\" \/><\/p>\n<p>Ich habe aber auch nicht nur zugeguckt, sondern \u00fcbernahm bereitwillig meine Lieblingsrolle: Helferlein. Wenigstens mit diesen beiden Werkzeugen kann ich inzwischen ein bisschen umgehen\u00a0 \u00a0 \ud83d\ude09<\/p>\n<p style=\"text-align: center\"><img loading=\"lazy\" decoding=\"async\" class=\"aligncenter size-full wp-image-7206\" src=\"https:\/\/www.marvinchen.de\/olgas_welt\/blog\/wp-content\/uploads\/2020\/07\/03-1.jpg\" alt=\"\" width=\"560\" height=\"420\" srcset=\"https:\/\/www.marvinchen.de\/olgas_welt\/blog\/wp-content\/uploads\/2020\/07\/03-1.jpg 560w, https:\/\/www.marvinchen.de\/olgas_welt\/blog\/wp-content\/uploads\/2020\/07\/03-1-300x225.jpg 300w\" sizes=\"auto, (max-width: 560px) 100vw, 560px\" \/><\/p>\n<p>Da unser letztes Wochenende sehr arbeitsreich geworden ist, g\u00f6nnten wir uns mal einen freien Tag w\u00e4hrend der Arbeitswoche. Zum Gl\u00fcck hatten wir genug \u00dcberstunden angesammelt, um uns diesen Luxus ohne gro\u00dfe Probleme leisten zu k\u00f6nnen.<\/p>\n<p>Deshalb ging es am Dienstag gleich nach dem Fr\u00fchsporteln, Duschen und Fr\u00fchst\u00fccken mit dem Smartie nach <a href=\"https:\/\/www.moelln.de\/die-eulenspiegelstadt\/kennenlernen\/rundgang-durch-die-stadt\" target=\"_blank\" rel=\"noopener\">M\u00f6lln<\/a>. Dieser Ort g\u00f6nnt sich den Beinamen &#8222;Eulenspiegelstadt&#8220; &#8211; denn der wohl ber\u00fchmteste Narr Deutschlands, <a href=\"https:\/\/de.wikipedia.org\/wiki\/Till_Eulenspiegel\" target=\"_blank\" rel=\"noopener\">Till Eulenspiegel<\/a>, ist in dieser Stadt gestorben. Das steht zumindest auf seinem <a href=\"https:\/\/www.moelln-tourismus.de\/a-eulenspiegel-gedenkstein\" target=\"_blank\" rel=\"noopener\">Gedenkstein<\/a> an der St. Nikolai-Kirche:<\/p>\n<p style=\"text-align: center\"><img loading=\"lazy\" decoding=\"async\" class=\"aligncenter size-full wp-image-7207\" src=\"https:\/\/www.marvinchen.de\/olgas_welt\/blog\/wp-content\/uploads\/2020\/07\/06-1.jpg\" alt=\"\" width=\"420\" height=\"560\" srcset=\"https:\/\/www.marvinchen.de\/olgas_welt\/blog\/wp-content\/uploads\/2020\/07\/06-1.jpg 420w, https:\/\/www.marvinchen.de\/olgas_welt\/blog\/wp-content\/uploads\/2020\/07\/06-1-300x400.jpg 300w\" sizes=\"auto, (max-width: 420px) 100vw, 420px\" \/><\/p>\n<p>Auf dem Marktplatz gibt es auch ein <a href=\"https:\/\/www.moelln-tourismus.de\/a-eulenspiegelmuseum\" target=\"_blank\" rel=\"noopener\">Eulenspiegelmuseum<\/a>\u00a0&#8211; es ist das linke, das kleinere Geb\u00e4ude auf dem Foto:<\/p>\n<p style=\"text-align: center\"><img loading=\"lazy\" decoding=\"async\" class=\"aligncenter size-full wp-image-7208\" src=\"https:\/\/www.marvinchen.de\/olgas_welt\/blog\/wp-content\/uploads\/2020\/07\/04-1.jpg\" alt=\"\" width=\"560\" height=\"420\" srcset=\"https:\/\/www.marvinchen.de\/olgas_welt\/blog\/wp-content\/uploads\/2020\/07\/04-1.jpg 560w, https:\/\/www.marvinchen.de\/olgas_welt\/blog\/wp-content\/uploads\/2020\/07\/04-1-300x225.jpg 300w\" sizes=\"auto, (max-width: 560px) 100vw, 560px\" \/><\/p>\n<p>Und nat\u00fcrlich gibt es auf dem gleichen Platz auch die passende <a href=\"https:\/\/www.moelln-tourismus.de\/a-eulenspiegel-brunnen\" target=\"_blank\" rel=\"noopener\">Figur am Brunnen<\/a>. Wenn man bei dieser gleichzeitig an der Fu\u00dfspitze und dem Daumen reibt und sich etwas w\u00fcnscht, dann soll man damit auch entsprechendes Gl\u00fcck haben. Und da man von Gl\u00fcck nie genug haben kann, packte ich nur zu gern die bereits von vielen Gl\u00fccksritterfingern gl\u00e4nzend polierten Teile der Figur ebenfalls an \u00a0 \u00a0\ud83d\ude42<\/p>\n<p style=\"text-align: center\"><img loading=\"lazy\" decoding=\"async\" class=\"aligncenter size-full wp-image-7209\" src=\"https:\/\/www.marvinchen.de\/olgas_welt\/blog\/wp-content\/uploads\/2020\/07\/05-1.jpg\" alt=\"\" width=\"420\" height=\"560\" srcset=\"https:\/\/www.marvinchen.de\/olgas_welt\/blog\/wp-content\/uploads\/2020\/07\/05-1.jpg 420w, https:\/\/www.marvinchen.de\/olgas_welt\/blog\/wp-content\/uploads\/2020\/07\/05-1-300x400.jpg 300w\" sizes=\"auto, (max-width: 420px) 100vw, 420px\" \/><\/p>\n<p>Es gab an diesem Dienstag nicht so viele Touristen in den M\u00f6llner Stra\u00dfen, sodass uns mache Stra\u00dfenz\u00fcge ganz allein\u00a0geh\u00f6rten:<\/p>\n<p style=\"text-align: center\"><img loading=\"lazy\" decoding=\"async\" class=\"aligncenter size-full wp-image-7210\" src=\"https:\/\/www.marvinchen.de\/olgas_welt\/blog\/wp-content\/uploads\/2020\/07\/09-1.jpg\" alt=\"\" width=\"420\" height=\"560\" srcset=\"https:\/\/www.marvinchen.de\/olgas_welt\/blog\/wp-content\/uploads\/2020\/07\/09-1.jpg 420w, https:\/\/www.marvinchen.de\/olgas_welt\/blog\/wp-content\/uploads\/2020\/07\/09-1-300x400.jpg 300w\" sizes=\"auto, (max-width: 420px) 100vw, 420px\" \/><\/p>\n<p>Nat\u00fcrlich findet man hier gef\u00fchlt an jeder Ecke entweder einen Narren &#8230;<\/p>\n<p style=\"text-align: center\"><img loading=\"lazy\" decoding=\"async\" class=\"aligncenter size-full wp-image-7211\" src=\"https:\/\/www.marvinchen.de\/olgas_welt\/blog\/wp-content\/uploads\/2020\/07\/08-1.jpg\" alt=\"\" width=\"560\" height=\"420\" srcset=\"https:\/\/www.marvinchen.de\/olgas_welt\/blog\/wp-content\/uploads\/2020\/07\/08-1.jpg 560w, https:\/\/www.marvinchen.de\/olgas_welt\/blog\/wp-content\/uploads\/2020\/07\/08-1-300x225.jpg 300w\" sizes=\"auto, (max-width: 560px) 100vw, 560px\" \/><\/p>\n<p>&#8230; oder eine Eule:<\/p>\n<p style=\"text-align: center\"><img loading=\"lazy\" decoding=\"async\" class=\"aligncenter size-full wp-image-7212\" src=\"https:\/\/www.marvinchen.de\/olgas_welt\/blog\/wp-content\/uploads\/2020\/07\/07-1.jpg\" alt=\"\" width=\"420\" height=\"560\" srcset=\"https:\/\/www.marvinchen.de\/olgas_welt\/blog\/wp-content\/uploads\/2020\/07\/07-1.jpg 420w, https:\/\/www.marvinchen.de\/olgas_welt\/blog\/wp-content\/uploads\/2020\/07\/07-1-300x400.jpg 300w\" sizes=\"auto, (max-width: 420px) 100vw, 420px\" \/><\/p>\n<p>An einer Stra\u00dfenecke war die heitere Stimmung leider kurz vorbei, denn hier erinnerte man an ein ziemlich dunkles Kapitel der M\u00f6llner Geschichte:<\/p>\n<p style=\"text-align: center\"><img loading=\"lazy\" decoding=\"async\" class=\"aligncenter size-full wp-image-7213\" src=\"https:\/\/www.marvinchen.de\/olgas_welt\/blog\/wp-content\/uploads\/2020\/07\/10-1.jpg\" alt=\"\" width=\"560\" height=\"420\" srcset=\"https:\/\/www.marvinchen.de\/olgas_welt\/blog\/wp-content\/uploads\/2020\/07\/10-1.jpg 560w, https:\/\/www.marvinchen.de\/olgas_welt\/blog\/wp-content\/uploads\/2020\/07\/10-1-300x225.jpg 300w\" sizes=\"auto, (max-width: 560px) 100vw, 560px\" \/><\/p>\n<p>Der <a href=\"https:\/\/de.wikipedia.org\/wiki\/Mordanschlag_von_M%C3%B6lln\" target=\"_blank\" rel=\"noopener\">Anschlag von M\u00f6lln<\/a> war damals in allen Medien sehr pr\u00e4sent, das habe sogar ich trotz meiner zu dem Zeitpunkt noch recht eingeschr\u00e4nkten Deutschkenntnissen verstanden &#8230;<\/p>\n<p>Wir erkundeten weiterhin die Stadt per pedes, schlenderten durch den Kurpark inklusive <a href=\"https:\/\/www.marvinchen.de\/webbibliothek\/_tagebuecher\/_olgaobsession\/obsession.htm\" target=\"_blank\" rel=\"noopener\">Kneipp-Areal<\/a>\u00a0(siehe ganz unten), stapften einen H\u00fcgel hoch zu einem markanten Wasserturm und landeten schon recht bald in einem Wildpark, welcher sogar ohne Eintritt zu besuchen war:<\/p>\n<p style=\"text-align: center\"><img loading=\"lazy\" decoding=\"async\" class=\"aligncenter size-full wp-image-7214\" src=\"https:\/\/www.marvinchen.de\/olgas_welt\/blog\/wp-content\/uploads\/2020\/07\/11-1.jpg\" alt=\"\" width=\"560\" height=\"420\" srcset=\"https:\/\/www.marvinchen.de\/olgas_welt\/blog\/wp-content\/uploads\/2020\/07\/11-1.jpg 560w, https:\/\/www.marvinchen.de\/olgas_welt\/blog\/wp-content\/uploads\/2020\/07\/11-1-300x225.jpg 300w\" sizes=\"auto, (max-width: 560px) 100vw, 560px\" \/><\/p>\n<p>Schon am Eingang h\u00f6rten wir Ger\u00e4usche, welche wir so nur von einer Passage aus Jurassic Park kannten. Das schrille, hocht\u00f6nige Quicken mit asthmatisch anmutenden Atemz\u00fcgen wurde hier allerdings von zwei Wildschweinkeilern erzeugt, welche wohl die Rangordnung untereinander kl\u00e4ren mussten. Das hat diese Hirsche nicht im geringsten gest\u00f6rt, denn sie erholten sich trotzdem in einem, f\u00fcr Besucher frei zug\u00e4nglichen Gehege und wirkten ganz entspannt hinter ihrer Zweigenbarriere:<\/p>\n<p style=\"text-align: center\"><img loading=\"lazy\" decoding=\"async\" class=\"aligncenter size-full wp-image-7215\" src=\"https:\/\/www.marvinchen.de\/olgas_welt\/blog\/wp-content\/uploads\/2020\/07\/12-1.jpg\" alt=\"\" width=\"560\" height=\"420\" srcset=\"https:\/\/www.marvinchen.de\/olgas_welt\/blog\/wp-content\/uploads\/2020\/07\/12-1.jpg 560w, https:\/\/www.marvinchen.de\/olgas_welt\/blog\/wp-content\/uploads\/2020\/07\/12-1-300x225.jpg 300w\" sizes=\"auto, (max-width: 560px) 100vw, 560px\" \/><\/p>\n<p>Da war dieser Waschb\u00e4r wesentlich hektischer unterwegs &#8230; immerzu auf der Suche nach etwas Fressbaren, allerdings zum Teil nur mit wenig Erfolg:<\/p>\n<p style=\"text-align: center\"><img loading=\"lazy\" decoding=\"async\" class=\"aligncenter size-full wp-image-7216\" src=\"https:\/\/www.marvinchen.de\/olgas_welt\/blog\/wp-content\/uploads\/2020\/07\/13-1.jpg\" alt=\"\" width=\"560\" height=\"420\" srcset=\"https:\/\/www.marvinchen.de\/olgas_welt\/blog\/wp-content\/uploads\/2020\/07\/13-1.jpg 560w, https:\/\/www.marvinchen.de\/olgas_welt\/blog\/wp-content\/uploads\/2020\/07\/13-1-300x225.jpg 300w\" sizes=\"auto, (max-width: 560px) 100vw, 560px\" \/><\/p>\n<p>Als wir uns urspr\u00fcnglich f\u00fcr M\u00f6lln als Ausflugsziel entscheiden haben, hatten wir unter anderem den Gedanken, dass, falls es regnen sollte, wir die Zeit in einem Laden oder im Museum \u00fcberbr\u00fccken k\u00f6nnten. Aber der Petrus hatte seine eigenen Pl\u00e4ne und lie\u00df den gro\u00dfen Regen erst dann auf die Erde los, als wir im Wildpark bzw. Wald und somit am weitesten vom st\u00e4dtischen Leben entfernt waren:<\/p>\n<p style=\"text-align: center\"><img loading=\"lazy\" decoding=\"async\" class=\"aligncenter size-full wp-image-7217\" src=\"https:\/\/www.marvinchen.de\/olgas_welt\/blog\/wp-content\/uploads\/2020\/07\/14-1.jpg\" alt=\"\" width=\"420\" height=\"560\" srcset=\"https:\/\/www.marvinchen.de\/olgas_welt\/blog\/wp-content\/uploads\/2020\/07\/14-1.jpg 420w, https:\/\/www.marvinchen.de\/olgas_welt\/blog\/wp-content\/uploads\/2020\/07\/14-1-300x400.jpg 300w\" sizes=\"auto, (max-width: 420px) 100vw, 420px\" \/><\/p>\n<p>Die mitunter heftigen Schauer sind derzeit aber nie von langer Dauer und wir hatten sogar das unendlich gro\u00dfe Gl\u00fcck, zugleich einen kleinen Unterstand mit Holzb\u00e4nkchen erreicht zu haben &#8211; so sehe ich einem Platzregen beim Prasseln auf die Bl\u00e4tter gern zu \u00a0 \u00a0\ud83d\ude42<\/p>\n<p>Am gestrigen Samstag machten wir uns in die Gro\u00dfstadt auf &#8211; es ging diesmal nach Hamburg. Genauer gesagt, wollten wir uns einen \u00dcberblick dar\u00fcber verschaffen, was man in der Fu\u00dfg\u00e4ngerzone von HH-Bergedorf so alles zu sehen bekommt. Ich fand, dass hier eine gute Mischung aus L\u00e4den und alten Geb\u00e4uden angeboten wird. Dies mal ein paar Impressionen unseres Einkaufs bzw. Ausflugs:<\/p>\n<p style=\"text-align: center\"><img loading=\"lazy\" decoding=\"async\" class=\"aligncenter size-full wp-image-7218\" src=\"https:\/\/www.marvinchen.de\/olgas_welt\/blog\/wp-content\/uploads\/2020\/07\/16-1.jpg\" alt=\"\" width=\"420\" height=\"630\" srcset=\"https:\/\/www.marvinchen.de\/olgas_welt\/blog\/wp-content\/uploads\/2020\/07\/16-1.jpg 420w, https:\/\/www.marvinchen.de\/olgas_welt\/blog\/wp-content\/uploads\/2020\/07\/16-1-300x450.jpg 300w\" sizes=\"auto, (max-width: 420px) 100vw, 420px\" \/><\/p>\n<p style=\"text-align: center\"><img loading=\"lazy\" decoding=\"async\" class=\"aligncenter size-full wp-image-7219\" src=\"https:\/\/www.marvinchen.de\/olgas_welt\/blog\/wp-content\/uploads\/2020\/07\/18.jpg\" alt=\"\" width=\"420\" height=\"630\" srcset=\"https:\/\/www.marvinchen.de\/olgas_welt\/blog\/wp-content\/uploads\/2020\/07\/18.jpg 420w, https:\/\/www.marvinchen.de\/olgas_welt\/blog\/wp-content\/uploads\/2020\/07\/18-300x450.jpg 300w\" sizes=\"auto, (max-width: 420px) 100vw, 420px\" \/><\/p>\n<p style=\"text-align: center\"><img loading=\"lazy\" decoding=\"async\" class=\"aligncenter size-full wp-image-7221\" src=\"https:\/\/www.marvinchen.de\/olgas_welt\/blog\/wp-content\/uploads\/2020\/07\/20.jpg\" alt=\"\" width=\"420\" height=\"630\" srcset=\"https:\/\/www.marvinchen.de\/olgas_welt\/blog\/wp-content\/uploads\/2020\/07\/20.jpg 420w, https:\/\/www.marvinchen.de\/olgas_welt\/blog\/wp-content\/uploads\/2020\/07\/20-300x450.jpg 300w\" sizes=\"auto, (max-width: 420px) 100vw, 420px\" \/><\/p>\n<p style=\"text-align: center\"><img loading=\"lazy\" decoding=\"async\" class=\"aligncenter size-full wp-image-7222\" src=\"https:\/\/www.marvinchen.de\/olgas_welt\/blog\/wp-content\/uploads\/2020\/07\/17.jpg\" alt=\"\" width=\"420\" height=\"630\" srcset=\"https:\/\/www.marvinchen.de\/olgas_welt\/blog\/wp-content\/uploads\/2020\/07\/17.jpg 420w, https:\/\/www.marvinchen.de\/olgas_welt\/blog\/wp-content\/uploads\/2020\/07\/17-300x450.jpg 300w\" sizes=\"auto, (max-width: 420px) 100vw, 420px\" \/><\/p>\n<p style=\"text-align: center\"><img loading=\"lazy\" decoding=\"async\" class=\"aligncenter size-full wp-image-7220\" src=\"https:\/\/www.marvinchen.de\/olgas_welt\/blog\/wp-content\/uploads\/2020\/07\/19.jpg\" alt=\"\" width=\"420\" height=\"630\" srcset=\"https:\/\/www.marvinchen.de\/olgas_welt\/blog\/wp-content\/uploads\/2020\/07\/19.jpg 420w, https:\/\/www.marvinchen.de\/olgas_welt\/blog\/wp-content\/uploads\/2020\/07\/19-300x450.jpg 300w\" sizes=\"auto, (max-width: 420px) 100vw, 420px\" \/><\/p>\n<p>Nat\u00fcrlich haben wir auch den einen oder anderen Laden besucht, eine Kleinigkeit gegessen, einem Stra\u00dfenmusiker zugeh\u00f6rt\u00a0 &#8211; eben das, was man bei einem Bummelnachmittag so macht &#8230; es ist ja schlie\u00dflich Wochenende.<\/p>\n<p>Eine Sache muss ich euch aber noch unbedingt berichten: unsere B\u00e4renfamilie hat v\u00f6llig unerwartet Zuwachs bekommen\u00a0 \u00a0 \ud83d\ude42 \u00a0 \u00a0dem Blick dieses kleinen B\u00e4ren konnten wir beide einfach nicht widerstehen\u00a0 \u00a0 \ud83d\ude09<\/p>\n<p style=\"text-align: center\"><img loading=\"lazy\" decoding=\"async\" class=\"aligncenter size-full wp-image-7223\" src=\"https:\/\/www.marvinchen.de\/olgas_welt\/blog\/wp-content\/uploads\/2020\/07\/21.jpg\" alt=\"\" width=\"420\" height=\"630\" srcset=\"https:\/\/www.marvinchen.de\/olgas_welt\/blog\/wp-content\/uploads\/2020\/07\/21.jpg 420w, https:\/\/www.marvinchen.de\/olgas_welt\/blog\/wp-content\/uploads\/2020\/07\/21-300x450.jpg 300w\" sizes=\"auto, (max-width: 420px) 100vw, 420px\" \/><\/p>\n<p>Darf ich vorstellen: B\u00e4rnie \u00a0 \u00a0\ud83d\ude42 \u00a0 \u00a0er wurde von den alteingesessenen B\u00e4ren schon mal sehr herzlich empfangen und liebevoll in ihren Kreis mit aufgenommen.<\/p>\n<p>So, das war es, was es von uns zu berichten gibt. Carsten und ich haben uns heute recht spontan einen L\u00e4mpeltag geg\u00f6nnt, d.h. nicht besonders produktiv, aber daf\u00fcr sehr sehr erholsam. Muss doch auch mal sein, nicht wahr? \u00a0 \u00a0\ud83d\ude09<\/p>\n","protected":false},"excerpt":{"rendered":"<p>Wenn ich eine l\u00e4ngere Schreibpause habe, dann deutet diese oft daraufhin, dass in meinen Leben einiges los ist. Zum Gl\u00fcck passiert dann aber auch \u00fcberwiegend etwas Positives\u00a0 \u00a0 \ud83d\ude09 Also dann versuche ich mal kurz zu berichten, was bei uns in den vergangenen Tagen so passierte. Fangen wir damit an, dass Carsten und ich ein [&hellip;]<\/p>\n","protected":false},"author":3,"featured_media":0,"comment_status":"open","ping_status":"closed","sticky":false,"template":"","format":"standard","meta":{"ngg_post_thumbnail":0,"footnotes":""},"categories":[6,3,478,4,1],"tags":[320,756,2184,2208,14,2212,627,2206,1138,2205,2211,13,2207,558,1056,2209,1526,2210],"class_list":["post-7203","post","type-post","status-publish","format-standard","hentry","category-ackern-und-werkeln","category-ausfluege-und-reisen","category-bariges-leben","category-freud-und-leid","category-olca-und-stan","tag-bar","tag-bauen","tag-bergedorf","tag-bummeln","tag-carsten","tag-eule","tag-freizeit","tag-gartenhaeuschen","tag-hamburg","tag-moelln","tag-narr","tag-olga","tag-schuppen","tag-shoppen","tag-tiere","tag-till-eulenspiegel","tag-waschbaer","tag-wildpark"],"_links":{"self":[{"href":"https:\/\/www.marvinchen.de\/olgas_welt\/blog\/wp-json\/wp\/v2\/posts\/7203","targetHints":{"allow":["GET"]}}],"collection":[{"href":"https:\/\/www.marvinchen.de\/olgas_welt\/blog\/wp-json\/wp\/v2\/posts"}],"about":[{"href":"https:\/\/www.marvinchen.de\/olgas_welt\/blog\/wp-json\/wp\/v2\/types\/post"}],"author":[{"embeddable":true,"href":"https:\/\/www.marvinchen.de\/olgas_welt\/blog\/wp-json\/wp\/v2\/users\/3"}],"replies":[{"embeddable":true,"href":"https:\/\/www.marvinchen.de\/olgas_welt\/blog\/wp-json\/wp\/v2\/comments?post=7203"}],"version-history":[{"count":0,"href":"https:\/\/www.marvinchen.de\/olgas_welt\/blog\/wp-json\/wp\/v2\/posts\/7203\/revisions"}],"wp:attachment":[{"href":"https:\/\/www.marvinchen.de\/olgas_welt\/blog\/wp-json\/wp\/v2\/media?parent=7203"}],"wp:term":[{"taxonomy":"category","embeddable":true,"href":"https:\/\/www.marvinchen.de\/olgas_welt\/blog\/wp-json\/wp\/v2\/categories?post=7203"},{"taxonomy":"post_tag","embeddable":true,"href":"https:\/\/www.marvinchen.de\/olgas_welt\/blog\/wp-json\/wp\/v2\/tags?post=7203"}],"curies":[{"name":"wp","href":"https:\/\/api.w.org\/{rel}","templated":true}]}}