{"id":7425,"date":"2021-02-07T20:38:49","date_gmt":"2021-02-07T19:38:49","guid":{"rendered":"http:\/\/www.marvinchen.de\/olgas_welt\/blog\/?p=7425"},"modified":"2021-02-14T18:24:10","modified_gmt":"2021-02-14T17:24:10","slug":"wie-geht-es-stephanie-fazit-der-achtzehnten-woche","status":"publish","type":"post","link":"https:\/\/www.marvinchen.de\/olgas_welt\/blog\/2021\/02\/wie-geht-es-stephanie-fazit-der-achtzehnten-woche\/","title":{"rendered":"Wie geht es Stephanie ? \u2026 Fazit der achtzehnten Woche"},"content":{"rendered":"<p>Am Samstag hatte Stephanie ihren Geburtstag, doch genau wie vor 25 Jahren hat sie diesen schlichtweg verschlafen!!! Vor allem, da sie&nbsp;laut Pflegepersonal in der Nacht davor wohl nicht so gut schlafen konnte &#8211; sie hat sich nicht wirklich schlecht gef\u00fchlt, war aber die ganze Zeit munter und meiner Meinung nach mit etwas gedanklich besch\u00e4ftigt bzw. musste etwas verarbeiten. Sowas r\u00e4chte sich nat\u00fcrlich am n\u00e4chsten Tag. Dabei war ich diesmal sogar mit extra viel Gep\u00e4ck unterm Arm gegen 14 Uhr angereist: mit Video- und Audiobotschaften sowie Gru\u00dfkarten und P\u00e4ckchen von Familie und Freunden. Als ich ihr dann auf dem mitgebrachten iPad die ganzen elektronischen Geburtstagsgr\u00fc\u00dfe und -videos vorgespielt habe, klimperte sie schlaftrunken und war zu mehr einfach nicht f\u00e4hig. Schon zuvor war sie beim Aufrichten (willig wie ein nasser Sack) und Sitzen an der Bettkante wie in Trance und selbst das Anlegen der&nbsp;Handorthesen hat sie diesmal nicht im geringsten gest\u00f6rt &#8230; das ist in der Tat eher selten der Fall!<\/p>\n<p>Also haben wir dann eben heute kurzerhand nachgefeiert &#8211; diesmal war sie auch wieder viel munterer. Sie freute sich nat\u00fcrlich sehr&nbsp;\u00fcber die Geburtstagskarten und die Geschenke, hat sehr aufmerksam den Sprachnachrichten gelauscht und die Videos betrachtet.<\/p>\n<p style=\"text-align: center;\"><img loading=\"lazy\" decoding=\"async\" class=\"aligncenter size-full wp-image-7444\" src=\"https:\/\/www.marvinchen.de\/olgas_welt\/blog\/wp-content\/uploads\/2021\/02\/Stephanie-Zuhoeren.jpg\" alt=\"\" width=\"560\" height=\"414\" srcset=\"https:\/\/www.marvinchen.de\/olgas_welt\/blog\/wp-content\/uploads\/2021\/02\/Stephanie-Zuhoeren.jpg 560w, https:\/\/www.marvinchen.de\/olgas_welt\/blog\/wp-content\/uploads\/2021\/02\/Stephanie-Zuhoeren-300x222.jpg 300w\" sizes=\"auto, (max-width: 560px) 100vw, 560px\" \/><\/p>\n<p>Aus meiner Sicht konnte sie erneut an den&nbsp;richtigen Stellen lachen und wurde bei den sentimentalen Dingen, wie z.B. bestimmten Erinnerungsfotos mit Freunden, fast schon melancholisch ruhig. Ich wartete jetzt eigentlich nur noch darauf, dass ihr Tr\u00e4nchen \u00fcber die Wangen kullerten. Wir hatten insgesamt gesehen unseren Spa\u00df und vielleicht bleibt ihr dieser Geburtstag ja doch trotz ihres &#8222;Unfalls&#8220; und der Corona-Situation (ohne viele Leute um sich herum) im Ged\u00e4chtnis haften. Andernfalls wird dann eben der n\u00e4chste umso gr\u00f6\u00dfer und herzlicher ausfallen &nbsp; &nbsp;\ud83d\ude09<\/p>\n<p>Bleiben wir doch noch mal beim Thema Lachen, denn dies scheint diese Woche wohl alle auf der Station sehr begeistert zu haben. Zum einen sehe ich das an euren zahlreichen Kommentaren und R\u00fcckmeldungen, zum anderen haben aber auch das Pflegepersonal und ich immer wieder gro\u00dfe Freude daran. Im&nbsp;Entblockungsprotokoll stand, dass sie mit dem Sprechventil sogar &#8222;1x tonhaft gelacht&#8220; hat und ich stelle ja auch immer wieder fest, dass sie an den richtigen Stellen lacht und manchmal sogar mit einen &#8222;Bauchsch\u00fcttler&#8220; &#8211; also eben nicht nur mit dem Mund im Gesicht, sondern gleich mit dem ganzen K\u00f6rper.<\/p>\n<p style=\"text-align: center;\"><img loading=\"lazy\" decoding=\"async\" class=\"aligncenter size-full wp-image-7446\" src=\"https:\/\/www.marvinchen.de\/olgas_welt\/blog\/wp-content\/uploads\/2021\/02\/Stephanie-Laecheln.jpg\" alt=\"\" width=\"560\" height=\"456\" srcset=\"https:\/\/www.marvinchen.de\/olgas_welt\/blog\/wp-content\/uploads\/2021\/02\/Stephanie-Laecheln.jpg 560w, https:\/\/www.marvinchen.de\/olgas_welt\/blog\/wp-content\/uploads\/2021\/02\/Stephanie-Laecheln-300x244.jpg 300w\" sizes=\"auto, (max-width: 560px) 100vw, 560px\" \/><\/p>\n<p>Mittlerweile bekomme ich zudem zu h\u00f6ren, dass das Personal zudem gerne mal bei ihr im Zimmer vorbeischaut, um sie zum Lachen zu bringen. Einmal wurde ich sogar schon drauf angesprochen, dass sie gleichfalls&nbsp;auch schon ihre dunkle Seite offenbart, denn sie schmunzelt wohl ab und zu recht schadenfroh, wenn sie st\u00f6rrisch nicht das macht, was z.B. die Therapeuten gerade von ihr w\u00fcnschen. Ja, auch das h\u00f6rt sich wieder nach unserer Stephanie an &#8230; eben genau so wie wir sie kennen und lieben.<\/p>\n<p>Ich sch\u00e4tze mal, das man mittlerweile nicht mehr von einem aktiven Wachkoma sprechen kann und auch die Seditiva scheinen gr\u00f6\u00dftenteils aus dem K\u00f6rper herausgewaschen zu sein, denn w\u00e4hrend ich ihr vorlese, guckt sie sich&nbsp;die Bilder auf der hingehaltenen R\u00fcckseite an. Oder als ich einmal&nbsp;auf dem iPad Fotos von unserem gemeinsamen Urlaub in Kanada gezeigt habe, hatte sie ein wirklich gro\u00dfes Interesse daran und es gab sogar Favoriten bzw. Erinnerungen, bei denen sie innerlich und auch \u00e4u\u00dferlich geschmunzelt hat.<\/p>\n<p style=\"text-align: center;\"><img loading=\"lazy\" decoding=\"async\" class=\"aligncenter size-full wp-image-7445\" src=\"https:\/\/www.marvinchen.de\/olgas_welt\/blog\/wp-content\/uploads\/2021\/02\/Stephanie-iPad.jpg\" alt=\"\" width=\"560\" height=\"642\" srcset=\"https:\/\/www.marvinchen.de\/olgas_welt\/blog\/wp-content\/uploads\/2021\/02\/Stephanie-iPad.jpg 560w, https:\/\/www.marvinchen.de\/olgas_welt\/blog\/wp-content\/uploads\/2021\/02\/Stephanie-iPad-300x344.jpg 300w\" sizes=\"auto, (max-width: 560px) 100vw, 560px\" \/><\/p>\n<p>Und heute habe ich gleich zweimal ein deutlich verneinendes Kopfsch\u00fctteln bekommen, als ich sie nach etwas mit &#8222;willst du&#8220; gefragt habe. Bin gespannt, wann sie auch das JA beherrschen wird&nbsp; &nbsp; \ud83d\ude09<\/p>\n<p>Genau diese Fortschritte begeistern ebenfalls die \u00c4rzte, die Therapeuten und das Pflegepersonal, denn nach dem letzten gro\u00dfen&nbsp;Team\/Patient-Gespr\u00e4ch, bei dem sie sich immer zusammensetzen und austauschen, war der erste Kommentar mir gegen\u00fcber gleich &#8222;Alle sind mit ihrer Entwicklung sehr zufrieden&#8220;. Wie schon damals zu Zeiten von Schulauff\u00fchrungen und anderen Auftritten platze ich jedesmal fast vor Stolz &#8211; trotz Vollj\u00e4hrigkeit bleiben die Mamagef\u00fchle halt weiter bestehen.<\/p>\n<p>So auch am Montag, als ich bei ihrer&nbsp;Stehbrett-Therapie mit dabei sein konnte. Vorab wurden ihr die Fussorthesen abgenommen und sie bekam wohl zum ersten Mal seit&nbsp;17 Wochen wieder eine Hose angezogen &#8211; nat\u00fcrlich gleich ihre abg\u00f6ttisch geliebte Hot-Dog-Schlabberhose &#8230; Familienmitglieder und Freundeskreis werden diese sicherlich kennen und sofort wissen, welche ich meine!&nbsp;Beim Umlagern vom Liegebett auf den Kipptisch zeigte sie sich obgleich des Stresses sehr zitternd und verkrampft und vor allem die spastisch bedingte&nbsp;Fehlstellung des linken Fu\u00dfes wurde auf dem Stehbrett wieder sehr deutlich. Mit dem rechten Fu\u00df kann sie gerade so aufsetzen bzw. stehen, aber der linke ist zu schief angewinkelt, als das man ihn mit dem K\u00f6rpergewicht belasten k\u00f6nnte. Da wartet sicherlich noch etwas Arbeit auf alle Beteiligten. Wobei diese Fehlstellung beim Sitzen an der Bettkante und Abstellen der F\u00fc\u00dfe auf einer Yoga-Matte schon mal deutlich besser zu korrigieren ging. Es gibt also auch hier eine gro\u00dfe Hoffnung auf Besserung.<\/p>\n<p>Jedenfalls wurde sie an dem Abend auf ca. 55 Grad aufgerichtet (Stresslevel und Herzfrequenz spielten nur bis dahin mit) und&nbsp;zeitgleich f\u00fchrte man sogar f\u00fcr ca. 5-10 min eine Entblockung durch. Nach 45 min lag sie wieder in ihrem Bett und alle beteiligten Personen, d.h. zwei Ergotherapeutinnen, eine Physiotherapeutin und eine Logop\u00e4din, konnten ihr dann sogar wieder&nbsp;ein paar L\u00e4chler entlocken &#8211; es war also am Ende gar nicht so schlimm und Stephanie nimmt es aber auch keinem weiter \u00fcbel, nachdem sie in ihren eigenen Augen so sehr ge\u00e4rgert wurde. Alle Aufregung ist gl\u00fccklicherweise bei ihr derzeit nur punktuell und kurzzeitig, was man aber bei Patienten in ihrem Zustand nicht als selbstverst\u00e4ndlich hinnehmen sollte. Fazit: ich war erneut Stolz wie Bolle!!!<\/p>\n<p>Und dieses Gef\u00fchl hielt auch noch \u00fcber&nbsp;die gesamte Woche weiter an, denn Stephanie bleibt jetzt des \u00d6fteren schon mal f\u00fcr mehr als 10 Stunden am St\u00fcck entblockt. Sogar zeitgleich mit dem An- und Ablegen der Orthesen oder wie oben beschrieben w\u00e4hrend des Sitzens an der Bettkante oder im Rolli und auf dem Stehbrett. Letzte Woche habe ich ja noch von bis zu zwei Stunden Entblocken geschrieben &#8230;<\/p>\n<p>Ach, was soll ich sagen &#8230; ich bin sowas von gl\u00fccklich \u00fcber diese tollen Entwicklungen und auch die t\u00e4glich informierte Familie (von der Spree bis an die Elbe und bis tief in die Steiermark) zeigt sich sehr begeistert. Jetzt fehlt uns nur noch die gute Nachricht \u00fcber den Wegfall der Corona-Beschr\u00e4nkungen und die Ausweitung der Besucheranzahl &#8211; damit sich eben auch die \u00fcbrigen Familienmitglieder nach 165 Tagen Krankenhausaufenthalt von ihren Schritten auf dem Weg des Zur\u00fcckkehrens ins normale Leben \u00fcberzeugen und das Kind \/ die Schwester \/ die Partnerin endlich einmal wieder in die Arme schlie\u00dfen k\u00f6nnen.<\/p>\n<p>Ich sch\u00e4tze, auch Stephanie w\u00e4re sehr froh, wieder mal andere Menschen, vor allem die, die ihr so sehr am Herzen liegen, richtig zu sehen, sie zu h\u00f6ren und auch ihre Umarmung sp\u00fcren zu k\u00f6nnen. Denn seit Ende Oktober bin ich ja eigentlich ihre einzige Besucherin &#8211; eben seit Carsten nicht mehr mit auf die Station kommen darf.&nbsp;Bis es aber endlich wieder soweit ist, bleibt es nach wie vor beim Vorlesen und auch beim Abspielen von Audio- und Videobotschaften &#8230; immerhin eine ganz passable Alternative in diesen Zeiten. Ganz ehrlich, was bin ich froh, dass die Technik heutzutage so viele gute M\u00f6glichkeiten zur Kommunikation bietet! Dennoch ist und bleibt eine pers\u00f6nliche Begegnung doch immer noch am besten&nbsp; &nbsp; \ud83d\ude42<\/p>\n<p>Geduld, Geduld, Geduld. Ich sch\u00e4tze, das wird wohl mein Wort des Jahres werden, aber da bin ich ganz gewiss in sehr guter Gesellschaft &nbsp; &nbsp;\ud83d\ude09<\/p>\n","protected":false},"excerpt":{"rendered":"<p>Am Samstag hatte Stephanie ihren Geburtstag, doch genau wie vor 25 Jahren hat sie diesen schlichtweg verschlafen!!! Vor allem, da sie&nbsp;laut Pflegepersonal in der Nacht davor wohl nicht so gut schlafen konnte &#8211; sie hat sich nicht wirklich schlecht gef\u00fchlt, war aber die ganze Zeit munter und meiner Meinung nach mit etwas gedanklich besch\u00e4ftigt bzw. [&hellip;]<\/p>\n","protected":false},"author":3,"featured_media":0,"comment_status":"open","ping_status":"closed","sticky":false,"template":"","format":"standard","meta":{"ngg_post_thumbnail":0,"footnotes":""},"categories":[4,1,2217],"tags":[2372,2354,53,2371,2242,2362,420,2373,533,2324,15,2374],"class_list":["post-7425","post","type-post","status-publish","format-standard","hentry","category-freud-und-leid","category-olca-und-stan","category-stephanies-genesung","tag-2372","tag-bettkante","tag-geburtstag","tag-hot-dog-hose","tag-klinik","tag-laecheln","tag-lachen","tag-nachfeiern","tag-reha","tag-stehbrett","tag-stephanie","tag-verneinen"],"_links":{"self":[{"href":"https:\/\/www.marvinchen.de\/olgas_welt\/blog\/wp-json\/wp\/v2\/posts\/7425","targetHints":{"allow":["GET"]}}],"collection":[{"href":"https:\/\/www.marvinchen.de\/olgas_welt\/blog\/wp-json\/wp\/v2\/posts"}],"about":[{"href":"https:\/\/www.marvinchen.de\/olgas_welt\/blog\/wp-json\/wp\/v2\/types\/post"}],"author":[{"embeddable":true,"href":"https:\/\/www.marvinchen.de\/olgas_welt\/blog\/wp-json\/wp\/v2\/users\/3"}],"replies":[{"embeddable":true,"href":"https:\/\/www.marvinchen.de\/olgas_welt\/blog\/wp-json\/wp\/v2\/comments?post=7425"}],"version-history":[{"count":0,"href":"https:\/\/www.marvinchen.de\/olgas_welt\/blog\/wp-json\/wp\/v2\/posts\/7425\/revisions"}],"wp:attachment":[{"href":"https:\/\/www.marvinchen.de\/olgas_welt\/blog\/wp-json\/wp\/v2\/media?parent=7425"}],"wp:term":[{"taxonomy":"category","embeddable":true,"href":"https:\/\/www.marvinchen.de\/olgas_welt\/blog\/wp-json\/wp\/v2\/categories?post=7425"},{"taxonomy":"post_tag","embeddable":true,"href":"https:\/\/www.marvinchen.de\/olgas_welt\/blog\/wp-json\/wp\/v2\/tags?post=7425"}],"curies":[{"name":"wp","href":"https:\/\/api.w.org\/{rel}","templated":true}]}}