{"id":768,"date":"2011-12-26T15:24:00","date_gmt":"2011-12-26T14:24:00","guid":{"rendered":"http:\/\/www.marvinchen.de\/olgas_welt\/blog\/?p=768"},"modified":"2011-12-26T15:24:00","modified_gmt":"2011-12-26T14:24:00","slug":"weihnachten-2011","status":"publish","type":"post","link":"https:\/\/www.marvinchen.de\/olgas_welt\/blog\/2011\/12\/weihnachten-2011\/","title":{"rendered":"Weihnachten 2011"},"content":{"rendered":"<p>Heute ist schon der 2. Weihnachtstag und morgen heisst es f\u00fcr Carsten und mich wieder: \u00a0die B\u00fcrom\u00f6bel der Arbeitgeber abzunutzen. Ich hoffe nur, dass das Gros der Kunden und Mitarbeiter anders mit der Zeit zwischen den Jahren umgeht und sie\u00a0alle sich ganz gem\u00fctlich zu Hause ausruhen\u00a0\u00a0\u00a0\u00a0\ud83d\ude42<\/p>\n<p>Da die Feiertage dieses Jahr auf ein Wochenende fallen, lebe ich pers\u00f6nlich eher in einem Wochenend- statt\u00a0Feiertagsmodus.<\/p>\n<p>Aber\u00a0Heiligabend hatte f\u00fcr uns schon\u00a0immer eine besondere Bedeutung. Ich habe bereits am Vorabend\u00a049 unterschiedlich gro\u00dfe P\u00e4ckchen gepackt, Kartoffelsalat mit Stephanie zubereitet sowie meine Tannenbaumattrappe aufgestellt\u00a0\u00a0und dekoriert.\u00a0Einen Weihnachtsbaum habe ich auch dieses Jahr nicht holen wollen und besorgte statt dessen erneut drei B\u00fcndel Tannen\u00e4ste, welche jetzt statt einem Baum das Wohnzimmer mit Duft ausf\u00fcllen. Ich pers\u00f6nlich\u00a0brauche diesen Geruch, Carsten ist ein Weihnachtsmuffel und\u00a0die M\u00e4dels verbringen die Feiertage eh bei ihrem Papa, also habe ich es nicht eingesehen,\u00a0viel Geld f\u00fcr einen gro\u00dfen Nadelbaum auszugeben. Au\u00dferdem kann ich\u00a0dadurch meine &#8222;Weihnachts-Ikebana&#8220; so hinstellen, wie es mir gef\u00e4llt\u00a0\u00a0\u00a0 \ud83d\ude00<\/p>\n<p>Wichtig ist und bleibt nur, dass wir unter diesem Gr\u00fcn noch genug Platz f\u00fcr Massen\u00a0von Geschenken haben. Auch die Kinder packen alles, selbst die kleinesten Kleinigkeiten, inzwischen einzeln ein. Um alles nacheinander auszupacken haben wir \u00fcber 2 Stunden gebraucht und hatten wie immer viel Spa\u00df dabei\u00a0\u00a0\u00a0 \ud83d\ude42<br \/>\nDa die M\u00e4dels abends zu Papas Bescherung wollten \/ mussten \/ durften haben wir unser typisches Weihnachtsessen, Kartoffelsalat mit W\u00fcrstchen, schon vor dem Auspacken\u00a0vertilgt. Eine Portion davon bewahren wir immer noch\u00a0f\u00fcr Stephanie im K\u00fchlschrank auf. Sie liebt meine\u00a0russische Variante abg\u00f6ttisch und hat um einen kleinen Rest f\u00fcr\u00a0ihre R\u00fcckkehr am\u00a0Dienstag gebeten. Sie wird dieses Jahr\u00a0nicht\u00a0die ganze Weihnachtsferienzeit bei Papa verbringen, sondern\u00a0kommt schon\u00a0etwas eher in die Casa OLCA zur\u00fcck.<\/p>\n<p>Gestern, am 1. Feiertag, g\u00f6nnten Carsten und ich uns zwei Highlights: einen Weihnachtsbrunch in der <a href=\"http:\/\/www.mongolianbar.de\/\" target=\"_blank\">Mongbar<\/a>\u00a0und einen chilligen Schnatterabernd\u00a0mit unseren Freitalern.<\/p>\n<p>Heute wollen wir zum Abendessen ins\u00a0Steakhaus &#8222;Maredo&#8220; gehen. Hoffentlich gibt es\u00a0dort noch 2\u00a0freie Sitzpl\u00e4tze\u00a0zu dem Zeitpunkt, wenn wir Hunger bekommen\u00a0\u00a0\u00a0 \ud83d\ude09\u00a0\u00a0\u00a0 ansonsten wird es wohl oder \u00fcbel eine H\u00fcttengaudi bei McD werden\u00a0\u00a0\u00a0\u00a0\ud83d\ude09<\/p>\n<p>Einige\u00a0Fotos vom Heiligabend habe ich bereits\u00a0bei <a href=\"https:\/\/picasaweb.google.com\/102259791031782175232\/Weihnachten2011#\" target=\"_blank\">picasa<\/a> hochgeladen. Viel Spa\u00df beim Anschauen!<\/p>\n","protected":false},"excerpt":{"rendered":"<p>Heute ist schon der 2. Weihnachtstag und morgen heisst es f\u00fcr Carsten und mich wieder: \u00a0die B\u00fcrom\u00f6bel der Arbeitgeber abzunutzen. Ich hoffe nur, dass das Gros der Kunden und Mitarbeiter anders mit der Zeit zwischen den Jahren umgeht und sie\u00a0alle sich ganz gem\u00fctlich zu Hause ausruhen\u00a0\u00a0\u00a0\u00a0\ud83d\ude42 Da die Feiertage dieses Jahr auf ein Wochenende fallen, [&hellip;]<\/p>\n","protected":false},"author":3,"featured_media":0,"comment_status":"open","ping_status":"closed","sticky":false,"template":"","format":"standard","meta":{"ngg_post_thumbnail":0,"footnotes":""},"categories":[5,4,7,1],"tags":[745,14,260,237,138,317,13,15,303],"class_list":["post-768","post","type-post","status-publish","format-standard","hentry","category-essen-und-trinken","category-freud-und-leid","category-freunde-und-co","category-olca-und-stan","tag-bescherung","tag-carsten","tag-essen","tag-freunde","tag-heiligabend","tag-kinder","tag-olga","tag-stephanie","tag-weihnachten"],"_links":{"self":[{"href":"https:\/\/www.marvinchen.de\/olgas_welt\/blog\/wp-json\/wp\/v2\/posts\/768","targetHints":{"allow":["GET"]}}],"collection":[{"href":"https:\/\/www.marvinchen.de\/olgas_welt\/blog\/wp-json\/wp\/v2\/posts"}],"about":[{"href":"https:\/\/www.marvinchen.de\/olgas_welt\/blog\/wp-json\/wp\/v2\/types\/post"}],"author":[{"embeddable":true,"href":"https:\/\/www.marvinchen.de\/olgas_welt\/blog\/wp-json\/wp\/v2\/users\/3"}],"replies":[{"embeddable":true,"href":"https:\/\/www.marvinchen.de\/olgas_welt\/blog\/wp-json\/wp\/v2\/comments?post=768"}],"version-history":[{"count":0,"href":"https:\/\/www.marvinchen.de\/olgas_welt\/blog\/wp-json\/wp\/v2\/posts\/768\/revisions"}],"wp:attachment":[{"href":"https:\/\/www.marvinchen.de\/olgas_welt\/blog\/wp-json\/wp\/v2\/media?parent=768"}],"wp:term":[{"taxonomy":"category","embeddable":true,"href":"https:\/\/www.marvinchen.de\/olgas_welt\/blog\/wp-json\/wp\/v2\/categories?post=768"},{"taxonomy":"post_tag","embeddable":true,"href":"https:\/\/www.marvinchen.de\/olgas_welt\/blog\/wp-json\/wp\/v2\/tags?post=768"}],"curies":[{"name":"wp","href":"https:\/\/api.w.org\/{rel}","templated":true}]}}