{"id":7798,"date":"2021-09-19T21:34:24","date_gmt":"2021-09-19T19:34:24","guid":{"rendered":"http:\/\/www.marvinchen.de\/olgas_welt\/blog\/?p=7798"},"modified":"2021-09-19T21:34:24","modified_gmt":"2021-09-19T19:34:24","slug":"wie-geht-es-stephanie-fazit-der-fuenfzigsten-woche","status":"publish","type":"post","link":"https:\/\/www.marvinchen.de\/olgas_welt\/blog\/2021\/09\/wie-geht-es-stephanie-fazit-der-fuenfzigsten-woche\/","title":{"rendered":"Wie geht es Stephanie ? \u2026 Fazit der f\u00fcnfzigsten Woche"},"content":{"rendered":"<p>Zack und die erste Arbeitswoche ist schon wieder rum &#8230; und f\u00fcr uns und Stephanie war es gleich auch die erste Woche mit dem neuen Besuchsschema: dienstags, donnerstags &amp; samstags zusammen mit Carsten und sonntags ohne Carsten &#8211; letzteres nennen wir ja schon seit Monaten &#8222;M\u00e4delstag&#8220; &nbsp; &nbsp;\ud83d\ude42<\/p>\n<p>Unsere gemeinsamen Besuche in der Woche lassen sich mittlerweile auch ganz sch\u00f6n auf dieses wiederkehrende Schema runterbrechen: Quatschen, Spielen und Essen &#8230; und wenn es geht, nat\u00fcrlich immer drau\u00dfen!<\/p>\n<p>Kaum zeigt sich so ein Himmel &#8230;<\/p>\n<p style=\"text-align: center;\"><img loading=\"lazy\" decoding=\"async\" class=\"aligncenter size-full wp-image-7810\" src=\"https:\/\/www.marvinchen.de\/olgas_welt\/blog\/wp-content\/uploads\/2021\/09\/schoenwetter.jpg\" alt=\"\" width=\"560\" height=\"581\" srcset=\"https:\/\/www.marvinchen.de\/olgas_welt\/blog\/wp-content\/uploads\/2021\/09\/schoenwetter.jpg 560w, https:\/\/www.marvinchen.de\/olgas_welt\/blog\/wp-content\/uploads\/2021\/09\/schoenwetter-300x311.jpg 300w\" sizes=\"auto, (max-width: 560px) 100vw, 560px\" \/><\/p>\n<p>&#8230; oder es regnet nicht in Str\u00f6men, dann zieht es uns sofort in Richtung des Lieblingspavillons. Bislang konnten wir das jedenfalls noch jeden Tag so machen und wir hoffen mal, dass die M\u00f6glichkeiten auch noch etwas l\u00e4nger anhalten werden. Nur etwas w\u00e4rmer einpacken werden wir uns wohl bald m\u00fcssen &nbsp; &nbsp;\ud83d\ude09<\/p>\n<p>Punkt 1: das Quatschen<\/p>\n<p>Wie schon zu Kinderzeiten versuchen wir auch jetzt wieder durch gezielte Fragen, den Tag oder die Woche betreffend, das Erinnerungsverm\u00f6gen zu trainieren. Anfangs wussten Andrea und Stephanie z.B. nicht einmal mehr, was es in der Schule zum Mittag gab, aber nach ein paar Wochen nervigem Nachhaken durch uns beim Abendessen, wussten sie ganz genau, was Carsten und mir wichtig war und was wir alles nachfragen w\u00fcrden &#8211; also hatten sie es sich schon mal sehr viel besser eingepr\u00e4gt. So \u00e4hnlich ergeht es jetzt auch Stephanie wieder. Wir fragen sie \u00fcber die letzten zwei Tage aus und von Besuch zu Besuch schafft sie es, sich wieder etwas mehr zu merken.<\/p>\n<p>Noch reicht es zwar nicht ganz f\u00fcr den Geschmack des Mittagessens (&#8222;Eintopf&#8220; &#8230; p\u00fcriert eben) oder das Gespr\u00e4chsthema der gerade stattgefundenen Bewohnerrunde (&#8222;War nicht spannend&#8220;), aber so manche Info kann man ihr mittlerweile doch ganz gut entlocken. So erinnerte sie sich z.B. gl\u00fccklich an ihren &#8222;zweiten Pieks Biontech&#8220; (d.h. sie ist ab Anfang Oktober ebenfalls vollst\u00e4ndig durchgeimpft) und dass sie wie wir beiden am n\u00e4chsten Tag keine Probleme bzw. Nachwirkungen hatte. Oder auch ihre mehr oder weniger guten Erfolge beim Standing, wobei sie mit sich selbst wohl sehr viel h\u00e4rter ins Gericht zu gehen scheint als die Ergotherapeuten. Letztere sind n\u00e4mlich sehr zufrieden mit ihr und auch wenn das Training nach etwa 20 Minuten beendet werden muss, ist es immerhin schon eine so lange Zeit, die sie relativ stabil und in aufrechter Position auf ihren eigenen Beinen steht.<\/p>\n<p>Daf\u00fcr \u00fcberraschte sie uns diese Woche mit sehr vielen Erinnerungen aus der Zeit vor dem Vorfall und Dingen, die sie sich trotz Problemen mit dem Kurzzeitged\u00e4chtnis doch irgendwie wieder sehr gut einpr\u00e4gen kann. Seien es die Namen des Personals und der Therapeuten (sie kann sie echt alle aufsagen!), oder typische Phrasen von fr\u00fcher. Hier mal ein paar konkrete Beispiele:<\/p>\n<ul>\n<li>In einem Video von der Familie f\u00e4llt das Wort &#8222;Amsel&#8220; und Stephanie stimmt sofort zu &#8222;Amsel, Drossel, Fink und Star &#8230; und die ganze Vogelschar&#8220; an.<\/li>\n<li>Eine Katze macht bei ihr mittlerweile nur noch Miau und somit bleibt der Hund das einzige &#8222;Wuff-Tier&#8220;.<\/li>\n<li>Nachdem Carsten einmal aus Jux &#8222;Allee Allee Allee&#8220; (im Sinne von &#8222;es ist alle&#8220;) gesagt hatte, stieg sie gleich musikalisch mit ein: <a href=\"https:\/\/www.youtube.com\/watch?v=XmV_eFmF3zk\" target=\"_blank\" rel=\"noopener\">&#8222;&#8230; eine Stra\u00dfe, viele B\u00e4ume, ja das ist eine Allee, ALLEE !&#8220;<\/a> &#8230; Stephanie ist sicherlich kein Ballermann- oder Fu\u00dfballfan, aber diese Ohrwurm (O-Ton von ihr!) blieb eben bis heute h\u00e4ngen.<\/li>\n<li>Wer sie etwas besser kennt, kann sich sicherlich auch an einen ihrer Lieblingsspr\u00fcche der letzten Jahre erinnern, den sie immer sagte, wenn alles OK war: &#8222;Juti Potuti&#8220; &#8230; den hat sie immer noch drauf und kramte ihn jetzt auf einmal wieder aus ihrem Ged\u00e4chtnis.<\/li>\n<li>Vor zwei Wochen haben Andrea und Stephanie f\u00fcr Carstens Geburtstag ein Geschenk vorbereitet und sie konnte sich gestern wieder daran erinnern, nachdem sie von mir einen kleinen, wortlosen Wink f\u00fcr seinen Ehrentag bekam.<\/li>\n<li>Als sie ein Video von Eileen guckte, fragte diese nat\u00fcrlich auch nach, ob sich unser Kind denn noch an die <a href=\"https:\/\/www.marvinchen.de\/olgas_welt\/blog\/2021\/08\/wie-geht-es-stephanie-fazit-der-siebenundvierzigsten-woche\/\" target=\"_blank\" rel=\"noopener\">Herkunft und Bedeutung des Namens Chantal<\/a> erinnern w\u00fcrde &#8230; nu gloor tat sie das!!!<\/li>\n<li>Selbst unseren Obsttest in &#8222;Real-Life und 3D&#8220; hat sie mit Bravour bestanden &#8211; auch wenn Carsten sie damit eigentlich mal so richtig ver\u00e4ppeln wollte &nbsp; &nbsp;\ud83d\ude09 &nbsp; &nbsp;zuerst zog er eine kleine Gurke raus und sie antwortete &#8222;Gurke&#8220; &#8230; dann holte er einen Apfel raus und sie antwortete &#8222;Apfel&#8220; &#8230; dann holte er den n\u00e4chsten Apfel raus und sie antwortete grinsend &#8222;noch ein Apfel&#8220; &#8230; dann holte der Apfel Nr. 3 raus und sie musste lachen. Herrlich! Sie hat nicht ein einziges Mal versucht, uns eine Birne oder M\u00f6hre unterzujubeln &#8230;<\/li>\n<li>Und als wir ein reines Ged\u00e4chtnisspiel einschoben, damit ihre Arme und H\u00e4nde auch mal etwas pausieren konnten und sie sich zur\u00fccklehnen sollte, sind wir einmal von A bis Z durchs Alphabet gegangen und suchten Automarken. Das hat echt gut geklappt, denn manches hat sie von Anfang an selbst gewusst (BMW, VW\/Volkswagen, Hyundai, KIA) und einige Marken konnten wir schon durch die ersten ein bis zwei Silben aus ihr hervorlocken. Vor allem die Franzosen (Citroen, Renault, Peugeot) und so manchen Asiaten (Suzuki, Mitsubishi) kramte sie auf diese Weise erfolgreich aus ihrem wirren Oberst\u00fcbchen hervor. Wir waren durchaus etwas \u00fcberrascht, denn ein Autofan war sie wahrlich noch nie &#8230; doch Vornamen, St\u00e4dte, L\u00e4nder und Orte haben wir schon in den letzten Wochen gespielt. Es sollte also mal was neues her.<\/li>\n<\/ul>\n<p>Punkt 2: das Spielen<\/p>\n<p>Um ein paar \u00dcbungen so richtig zu vertiefen, haben wir uns diesmal nur auf sehr wenige Dinge konzentriert &#8230; aber vor allem auf ihre Holzbox:<\/p>\n<p style=\"text-align: center;\"><img loading=\"lazy\" decoding=\"async\" class=\"aligncenter size-full wp-image-7804\" src=\"https:\/\/www.marvinchen.de\/olgas_welt\/blog\/wp-content\/uploads\/2021\/09\/holzbox1.jpg\" alt=\"\" width=\"560\" height=\"281\" srcset=\"https:\/\/www.marvinchen.de\/olgas_welt\/blog\/wp-content\/uploads\/2021\/09\/holzbox1.jpg 560w, https:\/\/www.marvinchen.de\/olgas_welt\/blog\/wp-content\/uploads\/2021\/09\/holzbox1-300x151.jpg 300w\" sizes=\"auto, (max-width: 560px) 100vw, 560px\" \/><\/p>\n<p>Sie musste mit Rechti und Linki (!) mehrere Aufgaben erledigen und von Tag zu Tag wurde sie doch etwas schneller und geschickter:<\/p>\n<ul>\n<li>die Kiste festhalten, aufklappen und alle Steine rausholen &#8230; zum Teil tat sie das einzeln, aber manchmal auch gleich mehrere auf einmal<\/li>\n<li>Linki nimmt den Stein vom Tisch auf, beide H\u00e4nde drehen zusammen bis Stephanie die Zahl vorlesen kann und der Stein wird abschlie\u00dfend mit Zahl nach oben wieder auf den Tisch gestellt &#8230; das hat Linki nun auch schon ab und zu mal ganz alleine geschafft<\/li>\n<li>Steine nach Farben aussortieren und von Rechti zu Linki geben &#8230; sie hatte leichte Unsicherheiten bei Rot, Orange und Pink<\/li>\n<li>Zum Abschluss einen Stein in die richtige \u00d6ffnung (1 von 3 m\u00f6glichen) stecken &#8230; manches geht leicht von der Hand und mit manchen Formen (z.B. dem Halbkreis) steht sie doch arg auf Kriegsfu\u00df<\/li>\n<\/ul>\n<p>Am ersten Tag lag die Box noch auf dem Tisch vor ihr, beim n\u00e4chsten Mal war sie schon in Stephanies Richtung der Augen angekippt &#8230;<\/p>\n<p style=\"text-align: center;\"><img loading=\"lazy\" decoding=\"async\" class=\"aligncenter size-full wp-image-7805\" src=\"https:\/\/www.marvinchen.de\/olgas_welt\/blog\/wp-content\/uploads\/2021\/09\/holzbox2.jpg\" alt=\"\" width=\"560\" height=\"373\" srcset=\"https:\/\/www.marvinchen.de\/olgas_welt\/blog\/wp-content\/uploads\/2021\/09\/holzbox2.jpg 560w, https:\/\/www.marvinchen.de\/olgas_welt\/blog\/wp-content\/uploads\/2021\/09\/holzbox2-300x200.jpg 300w\" sizes=\"auto, (max-width: 560px) 100vw, 560px\" \/><\/p>\n<p>&#8230; und gestern dann auf Augenh\u00f6he:<\/p>\n<p style=\"text-align: center;\"><img loading=\"lazy\" decoding=\"async\" class=\"aligncenter size-full wp-image-7806\" src=\"https:\/\/www.marvinchen.de\/olgas_welt\/blog\/wp-content\/uploads\/2021\/09\/holzbox3.jpg\" alt=\"\" width=\"560\" height=\"373\" srcset=\"https:\/\/www.marvinchen.de\/olgas_welt\/blog\/wp-content\/uploads\/2021\/09\/holzbox3.jpg 560w, https:\/\/www.marvinchen.de\/olgas_welt\/blog\/wp-content\/uploads\/2021\/09\/holzbox3-300x200.jpg 300w\" sizes=\"auto, (max-width: 560px) 100vw, 560px\" \/><\/p>\n<p>Wir glauben, dass sie beim Einsch\u00e4tzen der Formen und der richtigen Steindrehung noch Probleme hat, wenn der gleiche Umriss eben nicht auf Anhieb erkennbar ist &#8211; Kreis, Quadrat, Halbkreis, Stern, Trapez, Dreieck &amp; F\u00fcnfeck. Erst wenn sie frontal auf das Loch und die jeweilige Form des Stein in ihrer Hand gucken konnte, klappte vieles besser. Da fehlt ihr eben noch sehr die Vorstellung und das r\u00e4umliche Denken. Sie versteht zum Teil auch \u00fcberhaupt nicht, warum z.B. so etwas denn verflucht-nochmal nicht funktionieren will:<\/p>\n<p style=\"text-align: center;\"><img loading=\"lazy\" decoding=\"async\" class=\"aligncenter size-full wp-image-7807\" src=\"https:\/\/www.marvinchen.de\/olgas_welt\/blog\/wp-content\/uploads\/2021\/09\/holzbox4.jpg\" alt=\"\" width=\"560\" height=\"373\" srcset=\"https:\/\/www.marvinchen.de\/olgas_welt\/blog\/wp-content\/uploads\/2021\/09\/holzbox4.jpg 560w, https:\/\/www.marvinchen.de\/olgas_welt\/blog\/wp-content\/uploads\/2021\/09\/holzbox4-300x200.jpg 300w\" sizes=\"auto, (max-width: 560px) 100vw, 560px\" \/><\/p>\n<p>Und es dauert manchmal auch sehr sehr lange, bis sie die Steine richtig in den H\u00e4nden gedreht hat. Bei einem kleineren Spielw\u00fcrfel hatte sie da schon sehr viel weniger Probleme: sie sollte mit einem W\u00fcrfel w\u00fcrfeln und den der Seite gegen\u00fcberliegenden Wert mit einem zweiten W\u00fcrfel auf den Tisch legen &#8211; d.h.:<\/p>\n<ul>\n<li>w\u00fcrfeln &#8230; kann sie mittlerweile ohne Probleme<\/li>\n<li>den gegen\u00fcberliegenden Wert ausrechnen &#8230; beiden W\u00fcrfelseiten ergeben ja immer 7, dementsprechend sind die P\u00e4rchen also 1 und 6, 2 und 5 sowie 3 und 4<\/li>\n<li>den errechneten Wert mit W\u00fcrfel Nr. 2 auf den Tisch legen &#8230; Linki und Rechti drehten den W\u00fcrfel und legten ihn mit der gew\u00fcnschten Zahl nach oben ab<\/li>\n<\/ul>\n<p>Sie hat die Aufgabenstellung erstaunlich schnell kapiert und konnte sie auch erfolgreich umsetzen &#8211; die Suche einer bestimmten Seite auf dem Holzstein dauerte da schon teilweise recht lange, je nachdem wie sie ihn gerade (durch Zufall?) in den H\u00e4nden drehte.<\/p>\n<p>Egal, es kommt ja nicht nur auf die Richtigkeit der \u00dcbungen an, sondern insbesondere auch auf das Training der H\u00e4nde und Finger. Ihre Motorik und vor allem das Gef\u00fchl, Linki bei bestimmten Dingen mit einzubeziehen (und das nicht nur auf Kommando), scheinen sich jedenfalls stetig zu verbessern. Und wir m\u00fcssen nat\u00fcrlich ebenfalls viel Fingerspitzengef\u00fchl bei ihrer Aufmerksamkeitsspanne beweisen, denn sobald sie unkonzentriert wird, muss eben auch mal abgebrochen oder etwas anderes stimulierendes gefunden werden.<\/p>\n<p>Diese Woche hatten wir leider nur wenig Zeit f\u00fcr die schon einmal beschriebene Puzzle-App, aber die l\u00e4uft uns nicht weg &#8230;<\/p>\n<p style=\"text-align: center;\"><img loading=\"lazy\" decoding=\"async\" class=\"aligncenter size-full wp-image-7808\" src=\"https:\/\/www.marvinchen.de\/olgas_welt\/blog\/wp-content\/uploads\/2021\/09\/puzzleapp.jpg\" alt=\"\" width=\"560\" height=\"316\" srcset=\"https:\/\/www.marvinchen.de\/olgas_welt\/blog\/wp-content\/uploads\/2021\/09\/puzzleapp.jpg 560w, https:\/\/www.marvinchen.de\/olgas_welt\/blog\/wp-content\/uploads\/2021\/09\/puzzleapp-300x169.jpg 300w\" sizes=\"auto, (max-width: 560px) 100vw, 560px\" \/><\/p>\n<p>Punkt 3: das Essen<\/p>\n<p>Na, ist es euch aufgefallen? Diesmal erw\u00e4hne ich das Thema erst zum Ende hin &nbsp; &nbsp;\ud83d\ude09<\/p>\n<p>In der Woche kommen wir ja direkt von der Arbeit (ca. 15:30 machen wir los, ca. 16:15 sind wir bei ihr) und statt wie bisher im Auto unser Abendbrot zu essen, haben wir es uns nun so eingerichtet, dass wir gegen 17:30 mit dem Kind zusammen essen. Sie bekommt ihren Teller und den Nachtisch inklusive Medikamentendosis vom Pflegezentrum und wir bringen unsere &#8222;Bemmen&#8220; und die Yoghurts eben in einer Butterbrotdose mit. So schweigen wir uns dann kurzzeitig mal alle m\u00fcmmelnd an &nbsp; &nbsp;\ud83d\ude42<\/p>\n<p style=\"text-align: center;\"><img loading=\"lazy\" decoding=\"async\" class=\"aligncenter size-full wp-image-7801\" src=\"https:\/\/www.marvinchen.de\/olgas_welt\/blog\/wp-content\/uploads\/2021\/09\/abendessen.jpg\" alt=\"\" width=\"560\" height=\"420\" srcset=\"https:\/\/www.marvinchen.de\/olgas_welt\/blog\/wp-content\/uploads\/2021\/09\/abendessen.jpg 560w, https:\/\/www.marvinchen.de\/olgas_welt\/blog\/wp-content\/uploads\/2021\/09\/abendessen-300x225.jpg 300w\" sizes=\"auto, (max-width: 560px) 100vw, 560px\" \/><\/p>\n<p>Am Ende \u00fcberreicht sie sogar schon ihren Teller samt aufgelegtem Besteck recht zielsicher an einen von uns &#8230; aber es fehlt nat\u00fcrlich noch an der Feinmotorik, wie z.B. das konstant waagerechte Halten, um eine rutschende Gabel zu verhindern.<\/p>\n<p>Mit im Gep\u00e4ck ist nat\u00fcrlich auch immer &#8222;Der Geschmack des Tages&#8220; &#8211; diese Woche waren es Banane (DI), Gurke (DO), Camembert (SA) und Rosienenstuten (SO). Stephanie sieht beim Kauen dieser &#8222;Spezialit\u00e4ten&#8220; stets so unendlich gl\u00fccklich aus! Doch eine Sehnsucht wird fast immer wieder von ihr erw\u00e4hnt &#8211; nein, es ist \u00fcberraschenderweise nicht der D\u00f6ner, sondern ganz simples Mett bzw. Hackepeter. Das hat es ihr echt (geschmacklich) angetan und vielleicht ist es auch bald mal wieder so weit &#8230;<\/p>\n<p>Zudem hatten wir am Samstag ein Fundst\u00fcck aus dem Kaufland mit dabei: diesen Pizza Hawaii-Smoothie<\/p>\n<p style=\"text-align: center;\"><img loading=\"lazy\" decoding=\"async\" class=\"aligncenter size-full wp-image-7800\" src=\"https:\/\/www.marvinchen.de\/olgas_welt\/blog\/wp-content\/uploads\/2021\/09\/smoothie.jpg\" alt=\"\" width=\"560\" height=\"646\" srcset=\"https:\/\/www.marvinchen.de\/olgas_welt\/blog\/wp-content\/uploads\/2021\/09\/smoothie.jpg 560w, https:\/\/www.marvinchen.de\/olgas_welt\/blog\/wp-content\/uploads\/2021\/09\/smoothie-300x346.jpg 300w\" sizes=\"auto, (max-width: 560px) 100vw, 560px\" \/><\/p>\n<p>Trotz des \u00fcber 60 prozentigen Anteil an Ananassaft hat Stephanie erstaunlich mehr davon getrunken, als wir im Vorfeld und insbesondere nach unserem eigenen Probieren gedacht h\u00e4tten. Fragt nicht, es schmeckte &#8230; \u00e4hm &#8230; gew\u00f6hnungsbed\u00fcrftig. Und Carstens Fall war es \u00fcberhaupt nicht &nbsp; &nbsp;\ud83d\ude09 &nbsp; &nbsp;dabei bestellt er aus der Familie als einziger \u00f6fters gerne mal Pizza Hawaii.<\/p>\n<p>Aber was sagt ihr eigentlich hierzu?<\/p>\n<p style=\"text-align: center;\"><img loading=\"lazy\" decoding=\"async\" class=\"aligncenter size-full wp-image-7803\" src=\"https:\/\/www.marvinchen.de\/olgas_welt\/blog\/wp-content\/uploads\/2021\/09\/gurke.jpg\" alt=\"\" width=\"560\" height=\"290\" srcset=\"https:\/\/www.marvinchen.de\/olgas_welt\/blog\/wp-content\/uploads\/2021\/09\/gurke.jpg 560w, https:\/\/www.marvinchen.de\/olgas_welt\/blog\/wp-content\/uploads\/2021\/09\/gurke-300x155.jpg 300w\" sizes=\"auto, (max-width: 560px) 100vw, 560px\" \/><\/p>\n<p>Ja, ihr seht richtig: diese Gurke hat sie tats\u00e4chlich mit Linki gegessen. Stephanie ist zu Anfang nat\u00fcrlich nicht von allein darauf gekommen, aber sie hat im Laufe des Essens auch keine Anstalten gemacht, sie einmal wieder zur\u00fcck in die rechte Hand zu geben. Sie hat es echt supergut durchgezogen und das Essen mit Linki klasse zum Mund gef\u00fchrt! Erst die untere Gurkenh\u00e4lfte ging dann (leider) an mich, denn das Kind war satt. Schade, wir h\u00e4tten doch so gerne gesehen, wie Linki den unteren Teil bewerkstelligt h\u00e4tte. Beim n\u00e4chsten Mal vielleicht &#8230;<\/p>\n<p>Wie anfangs erw\u00e4hnt sind dies also unsere drei Dinge, die wir derzeit jeden Besuchstag geplant durchziehen, um Erlerntes zu vertiefen, zu trainieren und um eine solche Gewohnheit reinzubringen, dass sie vielleicht eines Tages nicht einmal mehr dar\u00fcber nachdenken muss. Genau so, wie es wahrscheinlich bei jedem von uns angelernt ist, oder? Denn wer von euch denkt noch genau \u00fcber die Benutzung von Messer und Gabel nach? Eben, keiner.<\/p>\n<p>Zum Abschluss w\u00fcrde ich gerne noch diese drei Kleinigkeiten erw\u00e4hnen, um damit unsere letzte Woche komplettieren und abschlie\u00dfen zu k\u00f6nnen:<\/p>\n<p>Ihre Ecke bzw. ihr Bereich im Zimmer wird zunehmend wohnlicher und eigentlich sind nur noch ein paar Details hinzuzuf\u00fcgen, wie z.B. Beschriftungen, Aufh\u00e4ngen des Nachrichtenbretts (im Fach oben rechts) oder vielleicht noch das ein oder andere Ding umr\u00e4umen. Das Regal sowie der Stumme Diener scheinen jedenfalls gut anzukommen und wir freuen uns \u00fcber die vielen Ablagem\u00f6glichkeiten und den Platzgewinn:<\/p>\n<p style=\"text-align: center;\"><img loading=\"lazy\" decoding=\"async\" class=\"aligncenter size-full wp-image-7809\" src=\"https:\/\/www.marvinchen.de\/olgas_welt\/blog\/wp-content\/uploads\/2021\/09\/regalecke.jpg\" alt=\"\" width=\"560\" height=\"840\" srcset=\"https:\/\/www.marvinchen.de\/olgas_welt\/blog\/wp-content\/uploads\/2021\/09\/regalecke.jpg 560w, https:\/\/www.marvinchen.de\/olgas_welt\/blog\/wp-content\/uploads\/2021\/09\/regalecke-300x450.jpg 300w, https:\/\/www.marvinchen.de\/olgas_welt\/blog\/wp-content\/uploads\/2021\/09\/regalecke-533x800.jpg 533w\" sizes=\"auto, (max-width: 560px) 100vw, 560px\" \/><\/p>\n<p>Im Gespr\u00e4ch mit den Ergos haben wir erfahren, dass man nun sogar schon angefangen hat, einen Transfer zwischen Bett und Rolli ohne Lifter und Rutschbrett zu \u00fcben. Damit k\u00f6nnte man dann Stephanie zu einem sp\u00e4teren Zeitpunkt (wir denken immer an unser Credo &#8222;Gut Ding will Weile haben&#8220; sowie &#8222;Schrittchen f\u00fcr Schrittchen&#8220;) auf den eigenen Beinen und mit viel K\u00f6rpereinsatz des Helfenden hin und her bewegen. Die ersten Versuche sahen wohl auch schon sehr vielversprechend aus, aber es dauert noch, bis alles als Workaround an Dritte (also uns) &#8222;\u00fcbergeben&#8220; werden kann. Doch alleine schon, eine solche M\u00f6glichkeit \u00fcberhaupt mal in Aussicht gestellt zu bekommen, hat mich megagl\u00fccklich gemacht.<\/p>\n<p>Und hiermit noch kurz zu meinem Einsatz als Friseuse &#8230;<\/p>\n<p style=\"text-align: center;\"><img loading=\"lazy\" decoding=\"async\" class=\"aligncenter size-full wp-image-7802\" src=\"https:\/\/www.marvinchen.de\/olgas_welt\/blog\/wp-content\/uploads\/2021\/09\/friseur.jpg\" alt=\"\" width=\"560\" height=\"373\" srcset=\"https:\/\/www.marvinchen.de\/olgas_welt\/blog\/wp-content\/uploads\/2021\/09\/friseur.jpg 560w, https:\/\/www.marvinchen.de\/olgas_welt\/blog\/wp-content\/uploads\/2021\/09\/friseur-300x200.jpg 300w\" sizes=\"auto, (max-width: 560px) 100vw, 560px\" \/><\/p>\n<p>&#8230; wobei Stephanie das doch irgendwie zu genie\u00dfen scheint. Mit Trockenshampoo hatten wir uns ja schon bei unserem gemeinsamen Campingurlaub in Kanada 2019 ausreichend besch\u00e4ftigt und waren obgleich der Ergebnisse recht \u00fcberrascht. Jetzt muss sie nur noch ihre zweite Pubert\u00e4t hinter sich bringen und wir m\u00fcssten uns nicht mehr so sehr im Kampf gegen das schnelle Fettigwerden der Haare und ihre hin und wieder erscheinenden Pickel plus Hautunreinheiten im Gesicht anstrengen &#8211; ach ja, ich warte weiterhin ganz geduldig auf sooooo viele Ergebnisse, Besserungen und das Erreichen von Zielen, versprochen!<\/p>\n","protected":false},"excerpt":{"rendered":"<p>Zack und die erste Arbeitswoche ist schon wieder rum &#8230; und f\u00fcr uns und Stephanie war es gleich auch die erste Woche mit dem neuen Besuchsschema: dienstags, donnerstags &amp; samstags zusammen mit Carsten und sonntags ohne Carsten &#8211; letzteres nennen wir ja schon seit Monaten &#8222;M\u00e4delstag&#8220; &nbsp; &nbsp;\ud83d\ude42 Unsere gemeinsamen Besuche in der Woche lassen [&hellip;]<\/p>\n","protected":false},"author":3,"featured_media":0,"comment_status":"open","ping_status":"closed","sticky":false,"template":"","format":"standard","meta":{"ngg_post_thumbnail":0,"footnotes":""},"categories":[4,1,2217],"tags":[2635,2631,2636,597,260,2633,2479,2634,2610,2626,2632,2494,2638,2637,472,2602,2639,2640,2584],"class_list":["post-7798","post","type-post","status-publish","format-standard","hentry","category-freud-und-leid","category-olca-und-stan","category-stephanies-genesung","tag-abendessen","tag-besuchsschema","tag-der-geschmack-des-tages","tag-erinnerungen","tag-essen","tag-gedaechtnistraining","tag-gurke","tag-holzbox","tag-mett","tag-puzzle-app","tag-quatschen","tag-rechti-und-linki","tag-regal","tag-smoothie","tag-spielen","tag-standing","tag-stummer-diener","tag-transfer","tag-trockenschampoo"],"_links":{"self":[{"href":"https:\/\/www.marvinchen.de\/olgas_welt\/blog\/wp-json\/wp\/v2\/posts\/7798","targetHints":{"allow":["GET"]}}],"collection":[{"href":"https:\/\/www.marvinchen.de\/olgas_welt\/blog\/wp-json\/wp\/v2\/posts"}],"about":[{"href":"https:\/\/www.marvinchen.de\/olgas_welt\/blog\/wp-json\/wp\/v2\/types\/post"}],"author":[{"embeddable":true,"href":"https:\/\/www.marvinchen.de\/olgas_welt\/blog\/wp-json\/wp\/v2\/users\/3"}],"replies":[{"embeddable":true,"href":"https:\/\/www.marvinchen.de\/olgas_welt\/blog\/wp-json\/wp\/v2\/comments?post=7798"}],"version-history":[{"count":0,"href":"https:\/\/www.marvinchen.de\/olgas_welt\/blog\/wp-json\/wp\/v2\/posts\/7798\/revisions"}],"wp:attachment":[{"href":"https:\/\/www.marvinchen.de\/olgas_welt\/blog\/wp-json\/wp\/v2\/media?parent=7798"}],"wp:term":[{"taxonomy":"category","embeddable":true,"href":"https:\/\/www.marvinchen.de\/olgas_welt\/blog\/wp-json\/wp\/v2\/categories?post=7798"},{"taxonomy":"post_tag","embeddable":true,"href":"https:\/\/www.marvinchen.de\/olgas_welt\/blog\/wp-json\/wp\/v2\/tags?post=7798"}],"curies":[{"name":"wp","href":"https:\/\/api.w.org\/{rel}","templated":true}]}}