{"id":791,"date":"2012-02-04T18:44:26","date_gmt":"2012-02-04T17:44:26","guid":{"rendered":"http:\/\/www.marvinchen.de\/olgas_welt\/blog\/?p=791"},"modified":"2012-02-04T18:44:26","modified_gmt":"2012-02-04T17:44:26","slug":"was-muss-man-essen-um-abzunehmen","status":"publish","type":"post","link":"https:\/\/www.marvinchen.de\/olgas_welt\/blog\/2012\/02\/was-muss-man-essen-um-abzunehmen\/","title":{"rendered":"Was muss man essen, um abzunehmen?"},"content":{"rendered":"<p>Ja, diese Frage besch\u00e4ftigt in der Tat sehr viel mehr Leute als man ahnen kann\u00a0\u00a0\u00a0 \ud83d\ude09<\/p>\n<p>Ich habe sie f\u00fcr mich jetzt ad acta gelegt und esse einfach alles, aber davon etwas weniger. Das l\u00e4uft ganz gut\u00a0w\u00e4hrend der Woche, denn auf Arbeit kann ich im Normalfall nur das m\u00fcmmeln, was ich mitgenommen habe. Aber diese Woche geriet alles aus den Fugen, denn au\u00dfer etlichen Geburtstagen gesellte sich\u00a0nun auch noch die gestrige Hochzeit\u00a0meiner ehemaligen Kollegin, zu der\u00a0Carsten und ich eingeladen waren, dazu. Das ist aber noch nicht alles, denn morgen gehen wir mit Kerstin und einigen ihrer Freunde zum Brunchen ins &#8222;<a href=\"http:\/\/www.mama-africa.de\/Dresden\/das-Restaurant\/\" target=\"_blank\">Mama Africa<\/a>&#8222;. Wir habe uns schon sehr lange nicht gesehen und es ist kein schlechter Ort, um sich beim Erz\u00e4hlen und Futtern richtig viel Zeit nehmen zu k\u00f6nnen.<\/p>\n<p>Wenn wir morgen mit vollen B\u00e4uchen wieder zu Hause anrollen, kommt auch Stephanie zur\u00fcck ins Haus. Sie geniesst seit heute Mittag ihre elternfreie Zeit und wird ganz bestimmt zusammen mit ihren Freundinnen viel zu viele DVDs\u00a0angucken, statt sich eine grooo\u00dfe M\u00fctze Schlaf zu g\u00f6nnen.\u00a0Wenn alle Familienmitglieder\u00a0die Schwelle zur Casa OLCA betreten haben, wird bei uns die Vorgeburtstags-Backstube er\u00f6ffnet. Stephanie hat sich f\u00fcr\u00a0Montag\u00a0f\u00fcr ihre Klasse eine Runde <a href=\"https:\/\/www.marvinchen.de\/webbibliothek\/_olca_kochbuch\/rezepte\/brownies.htm\" target=\"_blank\">Brownies<\/a>\u00a0vorgestellt und f\u00fcr den gem\u00fctlichen Nachmittag mit der Familie hat sie sich <a href=\"https:\/\/www.marvinchen.de\/webbibliothek\/_olca_kochbuch\/rezepte\/russischer_zupfkuchen.htm\" target=\"_blank\">Russischen Zupfkuchen<\/a>\u00a0gew\u00fcnscht.<\/p>\n<p>Es ist schon irgendwie merkw\u00fcrdig, wenn auch das j\u00fcngere Kind schon 16 wird. Zum Gl\u00fcck habe ich diesmal nicht die gleiche Krise bekommen, als\u00a0es\u00a0vor zwei Jahren\u00a0bei Andrea soweit war. Damals hatte ich das Gef\u00fchl irrsinig alt zu sein, wenn das Kind schon so gro\u00df ist. Ich glaube seitdem habe ich es verinnerlicht, dass nicht das Alter meiner T\u00f6chter ein Indikator daf\u00fcr\u00a0ist, wie alt ich mich f\u00fchlen darf, sondern ich selber\u00a0\u00a0\u00a0 \ud83d\ude09<\/p>\n","protected":false},"excerpt":{"rendered":"<p>Ja, diese Frage besch\u00e4ftigt in der Tat sehr viel mehr Leute als man ahnen kann\u00a0\u00a0\u00a0 \ud83d\ude09 Ich habe sie f\u00fcr mich jetzt ad acta gelegt und esse einfach alles, aber davon etwas weniger. Das l\u00e4uft ganz gut\u00a0w\u00e4hrend der Woche, denn auf Arbeit kann ich im Normalfall nur das m\u00fcmmeln, was ich mitgenommen habe. Aber diese [&hellip;]<\/p>\n","protected":false},"author":3,"featured_media":0,"comment_status":"open","ping_status":"closed","sticky":false,"template":"","format":"standard","meta":{"ngg_post_thumbnail":0,"footnotes":""},"categories":[5,1],"tags":[16,513,14,260,53,584,761,13,15],"class_list":["post-791","post","type-post","status-publish","format-standard","hentry","category-essen-und-trinken","category-olca-und-stan","tag-andrea","tag-backen","tag-carsten","tag-essen","tag-geburtstag","tag-hochzeit","tag-kochbuch","tag-olga","tag-stephanie"],"_links":{"self":[{"href":"https:\/\/www.marvinchen.de\/olgas_welt\/blog\/wp-json\/wp\/v2\/posts\/791","targetHints":{"allow":["GET"]}}],"collection":[{"href":"https:\/\/www.marvinchen.de\/olgas_welt\/blog\/wp-json\/wp\/v2\/posts"}],"about":[{"href":"https:\/\/www.marvinchen.de\/olgas_welt\/blog\/wp-json\/wp\/v2\/types\/post"}],"author":[{"embeddable":true,"href":"https:\/\/www.marvinchen.de\/olgas_welt\/blog\/wp-json\/wp\/v2\/users\/3"}],"replies":[{"embeddable":true,"href":"https:\/\/www.marvinchen.de\/olgas_welt\/blog\/wp-json\/wp\/v2\/comments?post=791"}],"version-history":[{"count":0,"href":"https:\/\/www.marvinchen.de\/olgas_welt\/blog\/wp-json\/wp\/v2\/posts\/791\/revisions"}],"wp:attachment":[{"href":"https:\/\/www.marvinchen.de\/olgas_welt\/blog\/wp-json\/wp\/v2\/media?parent=791"}],"wp:term":[{"taxonomy":"category","embeddable":true,"href":"https:\/\/www.marvinchen.de\/olgas_welt\/blog\/wp-json\/wp\/v2\/categories?post=791"},{"taxonomy":"post_tag","embeddable":true,"href":"https:\/\/www.marvinchen.de\/olgas_welt\/blog\/wp-json\/wp\/v2\/tags?post=791"}],"curies":[{"name":"wp","href":"https:\/\/api.w.org\/{rel}","templated":true}]}}