{"id":818,"date":"2012-03-12T21:32:59","date_gmt":"2012-03-12T20:32:59","guid":{"rendered":"http:\/\/www.marvinchen.de\/olgas_welt\/blog\/?p=818"},"modified":"2012-03-12T21:33:39","modified_gmt":"2012-03-12T20:33:39","slug":"jahresbericht-2011","status":"publish","type":"post","link":"https:\/\/www.marvinchen.de\/olgas_welt\/blog\/2012\/03\/jahresbericht-2011\/","title":{"rendered":"Jahresbericht 2011"},"content":{"rendered":"<p>Unser Jahresbericht 2011 ist jetzt online und auf dem <a href=\"https:\/\/www.marvinchen.de\" target=\"_blank\">Klingelbrett<\/a> kaum zu \u00fcbersehen. Die knallige Hintergrundfarbe bei dieser Klingel geht voll auf mein Konto und die Asche f\u00fcr die schr\u00e4ge Farbkombination daf\u00fcr auf mein Haupt \u00a0 \u00a0\ud83d\ude00<\/p>\n<p>Es ist dieses Jahr sp\u00e4ter geworden als sonst bei uns \u00fcblich gewesen. Der Anfang dieses Jahres hatte es echt in sich, sowohl im Positiven als auch im Negativen, aber das wissen die treuen Blogleser ja schon lange.<\/p>\n<p>Auf jeden Fall hoffe ich, dass Euch das Lesen genau so viel Spa\u00df macht wie wir ihn beim Schreiben und mehrmaligen Korrigieren hatten \u00a0 \u00a0\ud83d\ude42<\/p>\n<p>Viel Freude beim Schm\u00f6ckern!<\/p>\n","protected":false},"excerpt":{"rendered":"<p>Unser Jahresbericht 2011 ist jetzt online und auf dem Klingelbrett kaum zu \u00fcbersehen. Die knallige Hintergrundfarbe bei dieser Klingel geht voll auf mein Konto und die Asche f\u00fcr die schr\u00e4ge Farbkombination daf\u00fcr auf mein Haupt \u00a0 \u00a0\ud83d\ude00 Es ist dieses Jahr sp\u00e4ter geworden als sonst bei uns \u00fcblich gewesen. Der Anfang dieses Jahres hatte es [&hellip;]<\/p>\n","protected":false},"author":3,"featured_media":0,"comment_status":"open","ping_status":"closed","sticky":false,"template":"","format":"standard","meta":{"ngg_post_thumbnail":0,"footnotes":""},"categories":[4,8,1],"tags":[750,14,430,151,13,662],"class_list":["post-818","post","type-post","status-publish","format-standard","hentry","category-freud-und-leid","category-hoeren-und-lesen","category-olca-und-stan","tag-750","tag-carsten","tag-familie","tag-jahresbericht","tag-olga","tag-schreiben"],"_links":{"self":[{"href":"https:\/\/www.marvinchen.de\/olgas_welt\/blog\/wp-json\/wp\/v2\/posts\/818","targetHints":{"allow":["GET"]}}],"collection":[{"href":"https:\/\/www.marvinchen.de\/olgas_welt\/blog\/wp-json\/wp\/v2\/posts"}],"about":[{"href":"https:\/\/www.marvinchen.de\/olgas_welt\/blog\/wp-json\/wp\/v2\/types\/post"}],"author":[{"embeddable":true,"href":"https:\/\/www.marvinchen.de\/olgas_welt\/blog\/wp-json\/wp\/v2\/users\/3"}],"replies":[{"embeddable":true,"href":"https:\/\/www.marvinchen.de\/olgas_welt\/blog\/wp-json\/wp\/v2\/comments?post=818"}],"version-history":[{"count":0,"href":"https:\/\/www.marvinchen.de\/olgas_welt\/blog\/wp-json\/wp\/v2\/posts\/818\/revisions"}],"wp:attachment":[{"href":"https:\/\/www.marvinchen.de\/olgas_welt\/blog\/wp-json\/wp\/v2\/media?parent=818"}],"wp:term":[{"taxonomy":"category","embeddable":true,"href":"https:\/\/www.marvinchen.de\/olgas_welt\/blog\/wp-json\/wp\/v2\/categories?post=818"},{"taxonomy":"post_tag","embeddable":true,"href":"https:\/\/www.marvinchen.de\/olgas_welt\/blog\/wp-json\/wp\/v2\/tags?post=818"}],"curies":[{"name":"wp","href":"https:\/\/api.w.org\/{rel}","templated":true}]}}