{"id":8184,"date":"2022-02-22T22:54:44","date_gmt":"2022-02-22T21:54:44","guid":{"rendered":"http:\/\/www.marvinchen.de\/olgas_welt\/blog\/?p=8184"},"modified":"2022-02-22T22:54:44","modified_gmt":"2022-02-22T21:54:44","slug":"wie-geht-es-stephanie-fazit-der-zweiundsiebzigsten-woche","status":"publish","type":"post","link":"https:\/\/www.marvinchen.de\/olgas_welt\/blog\/2022\/02\/wie-geht-es-stephanie-fazit-der-zweiundsiebzigsten-woche\/","title":{"rendered":"Wie geht es Stephanie ? \u2026 Fazit der zweiundsiebzigsten Woche"},"content":{"rendered":"<p>Dann will ich doch mal gleich da weitermachen, wo ich letzte Woche mit dem Spoilern aufgeh\u00f6rt habe: am Montag war Valentinstag &#8230; ach ja, und unser 16. Hochzeitstag \u00a0 \u00a0\ud83d\ude09<\/p>\n<p>An dem Tag war sogar der Wettergott \u00e4u\u00dferst gn\u00e4dig mit uns &#8230;<\/p>\n<p style=\"text-align: center\"><img loading=\"lazy\" decoding=\"async\" class=\"aligncenter size-full wp-image-8198\" src=\"https:\/\/www.marvinchen.de\/olgas_welt\/blog\/wp-content\/uploads\/2022\/02\/sonnen.jpg\" alt=\"\" width=\"560\" height=\"680\" srcset=\"https:\/\/www.marvinchen.de\/olgas_welt\/blog\/wp-content\/uploads\/2022\/02\/sonnen.jpg 560w, https:\/\/www.marvinchen.de\/olgas_welt\/blog\/wp-content\/uploads\/2022\/02\/sonnen-300x364.jpg 300w\" sizes=\"auto, (max-width: 560px) 100vw, 560px\" \/><\/p>\n<p>&#8230; und deshalb haben wir unser Vorhaben in die Tat umgesetzt und sind zu dritt in die Fu\u00dfg\u00e4ngerzone von Hamburg-Bergedorf aufgebrochen. Das Auto samt Anh\u00e4nger konnten wir gl\u00fccklicherweise ganz in der N\u00e4he abstellen und so lustwandelten wir gleich mehrere Stunden \u00fcber die Einkaufsmeile. Carsten und Stephanie gestatteten mir sogar den ein oder anderen Blick in ausgew\u00e4hlte L\u00e4den &#8211; leider kann das Kind mit ihrem \u00fcberdimensionalen Rollstuhl nicht \u00fcberall mit rein, sodass sie mit meiner Orangenh\u00e4lfte drau\u00dfen gewartet hat und die beiden die Umgebung beobachtet (vor allem Tiere) und gequatscht haben. Im Gegenzug musste ich daf\u00fcr aber den ein oder anderen lukullischen Genuss organisieren, wie hier z.B. holl\u00e4ndische Poffertjes:<\/p>\n<p style=\"text-align: center\"><img loading=\"lazy\" decoding=\"async\" class=\"aligncenter size-full wp-image-8202\" src=\"https:\/\/www.marvinchen.de\/olgas_welt\/blog\/wp-content\/uploads\/2022\/02\/poffertjes.jpg\" alt=\"\" width=\"560\" height=\"660\" srcset=\"https:\/\/www.marvinchen.de\/olgas_welt\/blog\/wp-content\/uploads\/2022\/02\/poffertjes.jpg 560w, https:\/\/www.marvinchen.de\/olgas_welt\/blog\/wp-content\/uploads\/2022\/02\/poffertjes-300x354.jpg 300w\" sizes=\"auto, (max-width: 560px) 100vw, 560px\" \/><\/p>\n<p>Indoor konnte sich Stephanie insbesondere f\u00fcr Rolltreppen begeistern, war sie bislang doch nur Fahrstuhl gefahren &#8211; sie fand es echt spannend und toll:<\/p>\n<p style=\"text-align: center\"><img loading=\"lazy\" decoding=\"async\" class=\"aligncenter size-full wp-image-8195\" src=\"https:\/\/www.marvinchen.de\/olgas_welt\/blog\/wp-content\/uploads\/2022\/02\/rolltreppe.jpg\" alt=\"\" width=\"560\" height=\"630\" srcset=\"https:\/\/www.marvinchen.de\/olgas_welt\/blog\/wp-content\/uploads\/2022\/02\/rolltreppe.jpg 560w, https:\/\/www.marvinchen.de\/olgas_welt\/blog\/wp-content\/uploads\/2022\/02\/rolltreppe-300x338.jpg 300w\" sizes=\"auto, (max-width: 560px) 100vw, 560px\" \/><\/p>\n<p>Doch nat\u00fcrlich wollte ich meine beiden Begleiter nicht nur an meiner Kauflaune teilhaben lassen, denn eigentlich haben Carsten und ich dem Kind ein Besuch im Steak-Restaurant in Aussicht gestellt. Wir konnten ja schon letztes Jahr unseren 15. Hochzeitstag coronabedingt nicht in gewohnter Weise mit einem Gaumenschmaus zelebrieren. F\u00fcr dieses Jahr war das aber fest geplant &#8230; wenn nur wieder der \u00fcberdimensionale Rolli nicht gewesen w\u00e4re. Man war im &#8222;<a href=\"https:\/\/www.block-house.de\/\" target=\"_blank\" rel=\"noopener\">Block House<\/a>&#8220; \u00e4u\u00dferst hilfsbereit und der nette Herr am Eingang hat auch mehrfach die Lage sondiert, aber leider sah er am Ende keine M\u00f6glichkeit f\u00fcr uns \u00a0 \u00a0\ud83d\ude41<\/p>\n<p>Wir haben dann noch etwas weiter in Bergedorf gesucht und sind letztendlich bei &#8222;<a href=\"https:\/\/www.ruffsburger.de\" target=\"_blank\" rel=\"noopener\">Ruff&#8217;s Burger<\/a>&#8220; f\u00fcndig geworden: ebenerdig, breite G\u00e4nge, viel Platz am Tisch &#8211; perfekt!<\/p>\n<p style=\"text-align: center\"><img loading=\"lazy\" decoding=\"async\" class=\"aligncenter size-full wp-image-8187\" src=\"https:\/\/www.marvinchen.de\/olgas_welt\/blog\/wp-content\/uploads\/2022\/02\/bestellen.jpg\" alt=\"\" width=\"560\" height=\"630\" srcset=\"https:\/\/www.marvinchen.de\/olgas_welt\/blog\/wp-content\/uploads\/2022\/02\/bestellen.jpg 560w, https:\/\/www.marvinchen.de\/olgas_welt\/blog\/wp-content\/uploads\/2022\/02\/bestellen-300x338.jpg 300w\" sizes=\"auto, (max-width: 560px) 100vw, 560px\" \/><\/p>\n<p>Stephanie war total begeistert &#8211; zur Erinnerung, es war ihr erster Restaurantbesuch seit mehr als zwei Jahren gewesen (M\u00e4cces mal ausgenommen). V\u00f6llig selbstst\u00e4ndig entschied sie sich aus der Karte f\u00fcr einen Limette-Minze-Eistee, einen Pulled Pork-Burger und dazu S\u00fc\u00dfkartoffelpommes mit Mayo. Als unsere Bestellung kam, musste der Kellner aber zun\u00e4chst Carstens BBQ-Platte bei ihr zwischenlagern &#8211; bei der Menge an Futter hat sie echt nicht schlecht gestaunt &#8230;<\/p>\n<p style=\"text-align: center\"><img loading=\"lazy\" decoding=\"async\" class=\"aligncenter size-full wp-image-8192\" src=\"https:\/\/www.marvinchen.de\/olgas_welt\/blog\/wp-content\/uploads\/2022\/02\/platte.jpg\" alt=\"\" width=\"560\" height=\"840\" srcset=\"https:\/\/www.marvinchen.de\/olgas_welt\/blog\/wp-content\/uploads\/2022\/02\/platte.jpg 560w, https:\/\/www.marvinchen.de\/olgas_welt\/blog\/wp-content\/uploads\/2022\/02\/platte-300x450.jpg 300w, https:\/\/www.marvinchen.de\/olgas_welt\/blog\/wp-content\/uploads\/2022\/02\/platte-533x800.jpg 533w\" sizes=\"auto, (max-width: 560px) 100vw, 560px\" \/><\/p>\n<p>&#8230; und fast schon froh, dass sie &#8222;nur&#8220; einen Burger bestellt hatte:<\/p>\n<p style=\"text-align: center\"><img loading=\"lazy\" decoding=\"async\" class=\"aligncenter size-full wp-image-8188\" src=\"https:\/\/www.marvinchen.de\/olgas_welt\/blog\/wp-content\/uploads\/2022\/02\/burger.jpg\" alt=\"\" width=\"560\" height=\"620\" srcset=\"https:\/\/www.marvinchen.de\/olgas_welt\/blog\/wp-content\/uploads\/2022\/02\/burger.jpg 560w, https:\/\/www.marvinchen.de\/olgas_welt\/blog\/wp-content\/uploads\/2022\/02\/burger-300x332.jpg 300w\" sizes=\"auto, (max-width: 560px) 100vw, 560px\" \/><\/p>\n<p>Zwar sah das Wetter der nachfolgenden Tage eher nicht danach aus (mehrere Tiefdruckgebiete mit viel Regen und starkem Wind bis hin zum Orkan), aber Stephanie a\u00df ihre Bestellung plus mehrerer Probierh\u00e4ppchen aus unseren Speisen bis auf ein paar mickrige Pommes wirklich ganz alleine auf. Wir waren echt hin und weg!<\/p>\n<p>Nach fast drei Stunden im Restaurant rollten wir satt, gl\u00fccklich und sogar mit einer Valentinstags-Rose im Gep\u00e4ck zur\u00fcck zum Auto:<\/p>\n<p style=\"text-align: center\"><img loading=\"lazy\" decoding=\"async\" class=\"aligncenter size-full wp-image-8196\" src=\"https:\/\/www.marvinchen.de\/olgas_welt\/blog\/wp-content\/uploads\/2022\/02\/rose.jpg\" alt=\"\" width=\"560\" height=\"770\" srcset=\"https:\/\/www.marvinchen.de\/olgas_welt\/blog\/wp-content\/uploads\/2022\/02\/rose.jpg 560w, https:\/\/www.marvinchen.de\/olgas_welt\/blog\/wp-content\/uploads\/2022\/02\/rose-300x413.jpg 300w\" sizes=\"auto, (max-width: 560px) 100vw, 560px\" \/><\/p>\n<p>Es war endlich mal wieder ein richtig toller Ausflug, ein sch\u00f6nes Hochzeitstagsessen unter Corona-Bedingungen und ein erster Einblick, wie der kommende Fr\u00fchling wohl werden k\u00f6nnte. Hoffentlich gibt es bald mehr davon!!!<\/p>\n<p>Denn auch in der zweiten Woche unseres Urlaubs schafften wir es wetterbedingt nicht wie erhofft an die Nord- oder Ostsee, sondern mussten fast ausschlie\u00dflich in den eigenen vier W\u00e4nden bleiben. Ich machte aus Verzweiflung sogar die ein oder andere Fotosession mit meinem Reiseb\u00e4ren inhouse:<\/p>\n<p style=\"text-align: center\"><img loading=\"lazy\" decoding=\"async\" class=\"aligncenter size-full wp-image-8186\" src=\"https:\/\/www.marvinchen.de\/olgas_welt\/blog\/wp-content\/uploads\/2022\/02\/baerenfotos.jpg\" alt=\"\" width=\"560\" height=\"373\" srcset=\"https:\/\/www.marvinchen.de\/olgas_welt\/blog\/wp-content\/uploads\/2022\/02\/baerenfotos.jpg 560w, https:\/\/www.marvinchen.de\/olgas_welt\/blog\/wp-content\/uploads\/2022\/02\/baerenfotos-300x200.jpg 300w\" sizes=\"auto, (max-width: 560px) 100vw, 560px\" \/><\/p>\n<p>Aber ich will nicht meckern, denn trotz zweier Orkane, wackelnder Fenster und knirschender Fassade blieb unsere Dachgeschosswohnung von Sturmsch\u00e4den, vermissten Gegenst\u00e4nden und im Gegenzug erhaltenen Sturmwichtelgeschenken verschont. Andere hatten da ja leider nicht so viel Gl\u00fcck mit den Tiefs Ylenia und Zeynep &#8230;<\/p>\n<p>Das Wetter lie\u00df Dienstagmittag aber noch einen kleinen Ausflug mit Stephanie und windanf\u00e4lligem Anh\u00e4nger zu. Auf dem obligatorischen Weg zum Pflegezentrum in L\u00fcneburg, um die n\u00e4chste Wochenration Medikamente abzuholen, machten wir um Punkt 12 Uhr einen kleinen Zwischenstopp in Geesthacht und besuchten die ihre beiden ehemaligen Stationen IMC und B2 in der Vamed-Klinik. Stephanie hatte sich das Wiedersehen so sehr gew\u00fcnscht und wollte noch einmal selbst f\u00fcr alles Danke sagen, was Pflege-, Therapeuten- und \u00c4rztepersonal am Ende zu ihrer Genesung mit beigetragen haben. Das im Dienst befindliche Personal war sehr erfreut, sie in dieser Verfassung begr\u00fc\u00dfen zu k\u00f6nnen, aber dennoch irgendwie auch erstaunt, wie weit es das Kind bisher schon (wieder) geschafft hat &#8211; eigentlich hatte man ehrlich gesagt anfangs nie und nimmer mit solch gro\u00dfen Fortschritten gerechnet. Nicht nur wir waren bei unserem Besuch den Tr\u00e4nen manchmal sehr nahe \u00a0 \u00a0\ud83d\ude42<\/p>\n<p>Stephanie \u00fcberreichte dabei auch eine von uns allen unterschriebene Dankeskarte:<\/p>\n<p style=\"text-align: center\"><img loading=\"lazy\" decoding=\"async\" class=\"aligncenter size-full wp-image-8200\" src=\"https:\/\/www.marvinchen.de\/olgas_welt\/blog\/wp-content\/uploads\/2022\/02\/unterschreiben.jpg\" alt=\"\" width=\"560\" height=\"370\" srcset=\"https:\/\/www.marvinchen.de\/olgas_welt\/blog\/wp-content\/uploads\/2022\/02\/unterschreiben.jpg 560w, https:\/\/www.marvinchen.de\/olgas_welt\/blog\/wp-content\/uploads\/2022\/02\/unterschreiben-300x198.jpg 300w\" sizes=\"auto, (max-width: 560px) 100vw, 560px\" \/><br \/>\n[sie zeichnet hierbei Bleistiftlinien nach, obwohl sie eigentlich alle Buchstaben kennt und auch sehr gut lesen kann &#8211; wir haben heute im Therapeutengespr\u00e4ch gelernt, dass es ihr noch an der Graphomotorik mangelt]<\/p>\n<p>Die restlichen Tage brauche ich nicht tageweise zusammenfassen, denn aufgrund des oben beschriebenen Sauwetters haben wir die Zeit gr\u00f6\u00dftenteils mit Faulenzen und Chillen verbracht &#8211; erzwungene L\u00e4mpeltage eben.<\/p>\n<p>Wir kochten oder backten fast jeden Tag zusammen und auch hier sind schon wieder ein paar Fortschritte sichtbar, denn mittlerweile schneidet Stephanie zwar langsam, daf\u00fcr aber selbstst\u00e4ndig und nur noch sehr selten mit Carstens oder meiner Hilfe:<\/p>\n<p style=\"text-align: center\"><img loading=\"lazy\" decoding=\"async\" class=\"aligncenter size-full wp-image-8197\" src=\"https:\/\/www.marvinchen.de\/olgas_welt\/blog\/wp-content\/uploads\/2022\/02\/schneiden.jpg\" alt=\"\" width=\"560\" height=\"450\" srcset=\"https:\/\/www.marvinchen.de\/olgas_welt\/blog\/wp-content\/uploads\/2022\/02\/schneiden.jpg 560w, https:\/\/www.marvinchen.de\/olgas_welt\/blog\/wp-content\/uploads\/2022\/02\/schneiden-300x241.jpg 300w\" sizes=\"auto, (max-width: 560px) 100vw, 560px\" \/><\/p>\n<p>Wir guckten diese Tage ein paar DVDs sowie Filme im Fernsehen, spielten &#8230;<\/p>\n<p style=\"text-align: center\"><img loading=\"lazy\" decoding=\"async\" class=\"aligncenter size-full wp-image-8199\" src=\"https:\/\/www.marvinchen.de\/olgas_welt\/blog\/wp-content\/uploads\/2022\/02\/spiel.jpg\" alt=\"\" width=\"560\" height=\"590\" srcset=\"https:\/\/www.marvinchen.de\/olgas_welt\/blog\/wp-content\/uploads\/2022\/02\/spiel.jpg 560w, https:\/\/www.marvinchen.de\/olgas_welt\/blog\/wp-content\/uploads\/2022\/02\/spiel-300x316.jpg 300w\" sizes=\"auto, (max-width: 560px) 100vw, 560px\" \/><\/p>\n<p>&#8230; sie puzzelte weiter eifrig (mit viel Hilfe und Anleitung) &#8230;<\/p>\n<p style=\"text-align: center\"><img loading=\"lazy\" decoding=\"async\" class=\"aligncenter size-full wp-image-8194\" src=\"https:\/\/www.marvinchen.de\/olgas_welt\/blog\/wp-content\/uploads\/2022\/02\/puzzle.jpg\" alt=\"\" width=\"560\" height=\"620\" srcset=\"https:\/\/www.marvinchen.de\/olgas_welt\/blog\/wp-content\/uploads\/2022\/02\/puzzle.jpg 560w, https:\/\/www.marvinchen.de\/olgas_welt\/blog\/wp-content\/uploads\/2022\/02\/puzzle-300x332.jpg 300w\" sizes=\"auto, (max-width: 560px) 100vw, 560px\" \/><\/p>\n<p>&#8230; und fast jeden Abend bekam sie ihr entspannendes Fu\u00dfbad inklusive abschlie\u00dfender Fu\u00dfmassage von mir. Mal so:<\/p>\n<p style=\"text-align: center\"><img loading=\"lazy\" decoding=\"async\" class=\"aligncenter size-full wp-image-8191\" src=\"https:\/\/www.marvinchen.de\/olgas_welt\/blog\/wp-content\/uploads\/2022\/02\/entspannung.jpg\" alt=\"\" width=\"560\" height=\"373\" srcset=\"https:\/\/www.marvinchen.de\/olgas_welt\/blog\/wp-content\/uploads\/2022\/02\/entspannung.jpg 560w, https:\/\/www.marvinchen.de\/olgas_welt\/blog\/wp-content\/uploads\/2022\/02\/entspannung-300x200.jpg 300w\" sizes=\"auto, (max-width: 560px) 100vw, 560px\" \/><\/p>\n<p>Aber auch mal so:<\/p>\n<p style=\"text-align: center\"><img loading=\"lazy\" decoding=\"async\" class=\"aligncenter size-full wp-image-8190\" src=\"https:\/\/www.marvinchen.de\/olgas_welt\/blog\/wp-content\/uploads\/2022\/02\/entertainment.jpg\" alt=\"\" width=\"560\" height=\"373\" srcset=\"https:\/\/www.marvinchen.de\/olgas_welt\/blog\/wp-content\/uploads\/2022\/02\/entertainment.jpg 560w, https:\/\/www.marvinchen.de\/olgas_welt\/blog\/wp-content\/uploads\/2022\/02\/entertainment-300x200.jpg 300w\" sizes=\"auto, (max-width: 560px) 100vw, 560px\" \/><br \/>\n[man beachte das Entertainmentpaket aus Fu\u00dfentspannung, Fingerbesch\u00e4ftigung, Musik und dem DJ-Pult rechts]<\/p>\n<p>Nat\u00fcrlich hielten wir trotz des erholsamen Mix aus Faulenzen, Chillen und L\u00e4mpeln an unseren Trainingseinheiten, Alltags\u00fcbungen &#8230;<\/p>\n<p style=\"text-align: center\"><img loading=\"lazy\" decoding=\"async\" class=\"aligncenter size-full wp-image-8189\" src=\"https:\/\/www.marvinchen.de\/olgas_welt\/blog\/wp-content\/uploads\/2022\/02\/deckel.jpg\" alt=\"\" width=\"560\" height=\"650\" srcset=\"https:\/\/www.marvinchen.de\/olgas_welt\/blog\/wp-content\/uploads\/2022\/02\/deckel.jpg 560w, https:\/\/www.marvinchen.de\/olgas_welt\/blog\/wp-content\/uploads\/2022\/02\/deckel-300x348.jpg 300w\" sizes=\"auto, (max-width: 560px) 100vw, 560px\" \/><br \/>\n[einen Deckel aufzudrehen ist mittlerweile \u00fcberhaupt kein Problem mehr, er sollte allerdings nicht zu fest sitzen]<\/p>\n<p>&#8230; und medizinischer Versorgung fest. Hier ist Stephanie in orthop\u00e4discher Vollmontur abgelichtet, also mit beiden Fu\u00dforthesen (leider nicht zu sehen) und ihrer Handorthese &#8211; sie l\u00e4chelt zum Gl\u00fcck trotzdem \u00a0 \u00a0\ud83d\ude09<\/p>\n<p style=\"text-align: center\"><img loading=\"lazy\" decoding=\"async\" class=\"aligncenter size-full wp-image-8185\" src=\"https:\/\/www.marvinchen.de\/olgas_welt\/blog\/wp-content\/uploads\/2022\/02\/vollmontur.jpg\" alt=\"\" width=\"560\" height=\"640\" srcset=\"https:\/\/www.marvinchen.de\/olgas_welt\/blog\/wp-content\/uploads\/2022\/02\/vollmontur.jpg 560w, https:\/\/www.marvinchen.de\/olgas_welt\/blog\/wp-content\/uploads\/2022\/02\/vollmontur-300x343.jpg 300w\" sizes=\"auto, (max-width: 560px) 100vw, 560px\" \/><\/p>\n<p>Am Freitag ist zudem noch endg\u00fcltig die Entscheidung gefallen, dass sie auch die n\u00e4chsten zwei Wochen bei uns in der Residencia OLCA verbringen wird, da im Pflegezentrum ein paar Corona-F\u00e4lle gemeldet worden sind und aus dem Grund fast \u00fcberall eine Quarant\u00e4nesituation gegeben ist. Die Bewohner sind ja auch nicht in einer geschlossenen Einrichtung und k\u00f6nnen sich somit frei bewegen, also z.B. in die Stadt fahren, um sich dort mit jemandem zu treffen. Aber da sich Stephanie mittlerweile f\u00fcr mehrere Stunden ganz gut selbst besch\u00e4ftigen kann, wird sie Carsten und mich im Home-Office wohl nicht sonderlich st\u00f6ren. Am 4.3. wird das n\u00e4chste Mal anhand der aktuellen Lage entschieden, ob noch weiter verl\u00e4ngert wird oder sie mal wieder in ihr Zimmer nach L\u00fcneburg zur\u00fcck kann.<\/p>\n<p>Oh, fast h\u00e4tte ich es vergessen: am Donnerstag bekam sie noch vom Hausarzt die beiden F\u00e4den gezogen und wir nennen die nette Linienformation auf ihrem Kinn jetzt liebevoll &#8222;H-Schaltung&#8220; \u00a0 \u00a0\ud83d\ude09<br \/>\nAutofahrer mit Schaltgetriebe werden diese Anspielung auf jeden Fall verstehen:<\/p>\n<p style=\"text-align: center\"><img loading=\"lazy\" decoding=\"async\" class=\"aligncenter size-full wp-image-8203\" src=\"https:\/\/www.marvinchen.de\/olgas_welt\/blog\/wp-content\/uploads\/2022\/02\/schaltung.jpg\" alt=\"\" width=\"560\" height=\"373\" srcset=\"https:\/\/www.marvinchen.de\/olgas_welt\/blog\/wp-content\/uploads\/2022\/02\/schaltung.jpg 560w, https:\/\/www.marvinchen.de\/olgas_welt\/blog\/wp-content\/uploads\/2022\/02\/schaltung-300x200.jpg 300w\" sizes=\"auto, (max-width: 560px) 100vw, 560px\" \/><\/p>\n<p>Wir werden somit auch weiterhin eine sch\u00f6ne Zeit zusammen haben und Stephanie kann ihre 2:1-Betreuung ohne Unterbrechung in vollen Z\u00fcgen genie\u00dfen. Davon dann beim n\u00e4chsten Mal mehr &#8211; diesmal keine weiteren Spoiler von mir \u00a0 \u00a0:-P:<\/p>\n","protected":false},"excerpt":{"rendered":"<p>Dann will ich doch mal gleich da weitermachen, wo ich letzte Woche mit dem Spoilern aufgeh\u00f6rt habe: am Montag war Valentinstag &#8230; ach ja, und unser 16. Hochzeitstag \u00a0 \u00a0\ud83d\ude09 An dem Tag war sogar der Wettergott \u00e4u\u00dferst gn\u00e4dig mit uns &#8230; &#8230; und deshalb haben wir unser Vorhaben in die Tat umgesetzt und sind [&hellip;]<\/p>\n","protected":false},"author":3,"featured_media":0,"comment_status":"open","ping_status":"closed","sticky":false,"template":"","format":"standard","meta":{"ngg_post_thumbnail":0,"footnotes":""},"categories":[4,1,2217],"tags":[74,2739,2840,162,2820,628,514,2696,2625,2723,2834,2835,2836,2838,662,481,472,15,2837,1853,670,2645,2839],"class_list":["post-8184","post","type-post","status-publish","format-standard","hentry","category-freud-und-leid","category-olca-und-stan","category-stephanies-genesung","tag-englisch","tag-fussbad","tag-h-schaltung","tag-hochzeitstag","tag-kinn","tag-kochen","tag-kuche","tag-puzzeln","tag-puzzle","tag-residencia-olca","tag-restaurantbesuch","tag-rolltreppen","tag-ruffs-burger","tag-schneiden","tag-schreiben","tag-spaziergang","tag-spielen","tag-stephanie","tag-sturm","tag-tief","tag-valentinstag","tag-vamed-besuch","tag-verlaengerung"],"_links":{"self":[{"href":"https:\/\/www.marvinchen.de\/olgas_welt\/blog\/wp-json\/wp\/v2\/posts\/8184","targetHints":{"allow":["GET"]}}],"collection":[{"href":"https:\/\/www.marvinchen.de\/olgas_welt\/blog\/wp-json\/wp\/v2\/posts"}],"about":[{"href":"https:\/\/www.marvinchen.de\/olgas_welt\/blog\/wp-json\/wp\/v2\/types\/post"}],"author":[{"embeddable":true,"href":"https:\/\/www.marvinchen.de\/olgas_welt\/blog\/wp-json\/wp\/v2\/users\/3"}],"replies":[{"embeddable":true,"href":"https:\/\/www.marvinchen.de\/olgas_welt\/blog\/wp-json\/wp\/v2\/comments?post=8184"}],"version-history":[{"count":0,"href":"https:\/\/www.marvinchen.de\/olgas_welt\/blog\/wp-json\/wp\/v2\/posts\/8184\/revisions"}],"wp:attachment":[{"href":"https:\/\/www.marvinchen.de\/olgas_welt\/blog\/wp-json\/wp\/v2\/media?parent=8184"}],"wp:term":[{"taxonomy":"category","embeddable":true,"href":"https:\/\/www.marvinchen.de\/olgas_welt\/blog\/wp-json\/wp\/v2\/categories?post=8184"},{"taxonomy":"post_tag","embeddable":true,"href":"https:\/\/www.marvinchen.de\/olgas_welt\/blog\/wp-json\/wp\/v2\/tags?post=8184"}],"curies":[{"name":"wp","href":"https:\/\/api.w.org\/{rel}","templated":true}]}}