{"id":838,"date":"2012-04-15T17:13:01","date_gmt":"2012-04-15T15:13:01","guid":{"rendered":"http:\/\/www.marvinchen.de\/olgas_welt\/blog\/?p=838"},"modified":"2012-04-15T17:13:01","modified_gmt":"2012-04-15T15:13:01","slug":"der-countdown-hat-begonnen","status":"publish","type":"post","link":"https:\/\/www.marvinchen.de\/olgas_welt\/blog\/2012\/04\/der-countdown-hat-begonnen\/","title":{"rendered":"Der Countdown hat begonnen"},"content":{"rendered":"<p>Seit einigen Tagen habe ich meine F\u00e4higkeit klar zu denken und mich nicht ablenken zu lassen definitiv eingeb\u00fc\u00dft. Es geistern immer wieder und in unregelm\u00e4\u00dfigen Abst\u00e4nden Gedanken \u00fcber meine bevorstehende Reise in die Ukraine im \u00a0Kopf herum, egal ob beim Lesen, beim W\u00e4scheaufh\u00e4ngen oder beim Filmgucken. Heute habe ich noch eine Rundmail an die ehemaligen Uni-Mitstreiter geschrieben und hoffe, dass ich am 21.April, am Tag der ehemaligen Studenten, nicht allein vor dem Eingang zu meiner <em>alma mater<\/em> stehen werde, sondern auch anderen Ex-Kommilitonen einf\u00e4llt, dass wir inzwischen vor 20 Jahren unsere Diplome bekommen und unser Studium abgeschlossen haben.<\/p>\n<p>Vor der Abreise am Donnerstag (direkt nach der Arbeit) habe ich aber noch alle H\u00e4nde voll zu tun. \u00a0Dabei muss ich mich n\u00e4mlich nicht nur um meinen eigenen Kram k\u00fcmmern &#8230; es steht inzwischen wesentlich mehr auf meiner To-Do-Liste. Denn w\u00e4hrend ich in die Ukraine entschwinde, kommt Stephanies Austauschsch\u00fcler aus Italien in Dresden an. Ich sch\u00e4tze, es wird keine leichte Zeit f\u00fcr meinen armen, allein gelassenen Mann sein, aber er wird das zweifelsohne gut meistern. Allerdings stocke ich davor noch unsere Vorr\u00e4te auf und poliere die Bude mit Stephanies Hilfe noch etwas auf.<\/p>\n<p>Ich bin wirklich wahnsinnig aufgeregt. Vor allem die zu \u00fcberbr\u00fcckende Nacht im\/am Berliner Flughafen Tegel macht mir etwas zu schaffen, aber es gab leider keine andere gescheite M\u00f6glichkeit von Dresden nach <a href=\"http:\/\/de.wikipedia.org\/wiki\/Charkiw\" target=\"_blank\">Charkiw<\/a>\u00a0zu kommen. Austrian Airlines findet den Dresdner Flughafen offensichtlich nicht mehr attraktiv genug, um die Verbindung nach Wien aufrecht halten zu wollen \u00a0 \u00a0\ud83d\ude41 \u00a0 \u00a0vor f\u00fcnf Jahren war das noch meine Anreisestrecke. Deshalb werde ich schon am Donnerstagabend gegen 18 Uhr mit dem Linienbus nach Berlin fahren m\u00fcssen (Dauer ca. 2 Stunden), um dann (erst) am Freitagmorgen um 7:40 Uhr gen Wien starten und von dort direkt nach <a href=\"http:\/\/de.wikipedia.org\/wiki\/Charkiw\" target=\"_blank\">Charkiw<\/a>\u00a0fliegen zu k\u00f6nnen.<\/p>\n<p>Das letzte Mal war ich im <a href=\"https:\/\/www.marvinchen.de\/webbibliothek\/_tagebuecher\/20070525_ukrainebericht\/heimatreise.pdf\" target=\"_blank\">Mai 2007<\/a>\u00a0in meiner alten Heimat und bin wirklich gespannt wie sehr sich die Stadt auch im Zuge der EM 2012 ver\u00e4ndert hat. Ich hoffe, dass es mir gelingt einige aussagekr\u00e4ftige Bilder zu machen und auch genug Zeit \u00fcbrig bleibt, um ausreichend Notizen f\u00fcr einen Reisebericht zu sammeln.<\/p>\n","protected":false},"excerpt":{"rendered":"<p>Seit einigen Tagen habe ich meine F\u00e4higkeit klar zu denken und mich nicht ablenken zu lassen definitiv eingeb\u00fc\u00dft. Es geistern immer wieder und in unregelm\u00e4\u00dfigen Abst\u00e4nden Gedanken \u00fcber meine bevorstehende Reise in die Ukraine im \u00a0Kopf herum, egal ob beim Lesen, beim W\u00e4scheaufh\u00e4ngen oder beim Filmgucken. Heute habe ich noch eine Rundmail an die ehemaligen [&hellip;]<\/p>\n","protected":false},"author":3,"featured_media":0,"comment_status":"open","ping_status":"closed","sticky":false,"template":"","format":"standard","meta":{"ngg_post_thumbnail":0,"footnotes":""},"categories":[3,4,7,17,1],"tags":[770,14,767,769,771,768,13,510,15],"class_list":["post-838","post","type-post","status-publish","format-standard","hentry","category-ausfluege-und-reisen","category-freud-und-leid","category-freunde-und-co","category-kauderwelsch-und-muttersprache","category-olca-und-stan","tag-austausch","tag-carsten","tag-charkiw","tag-fliegen","tag-flug","tag-heimat","tag-olga","tag-reise","tag-stephanie"],"_links":{"self":[{"href":"https:\/\/www.marvinchen.de\/olgas_welt\/blog\/wp-json\/wp\/v2\/posts\/838","targetHints":{"allow":["GET"]}}],"collection":[{"href":"https:\/\/www.marvinchen.de\/olgas_welt\/blog\/wp-json\/wp\/v2\/posts"}],"about":[{"href":"https:\/\/www.marvinchen.de\/olgas_welt\/blog\/wp-json\/wp\/v2\/types\/post"}],"author":[{"embeddable":true,"href":"https:\/\/www.marvinchen.de\/olgas_welt\/blog\/wp-json\/wp\/v2\/users\/3"}],"replies":[{"embeddable":true,"href":"https:\/\/www.marvinchen.de\/olgas_welt\/blog\/wp-json\/wp\/v2\/comments?post=838"}],"version-history":[{"count":0,"href":"https:\/\/www.marvinchen.de\/olgas_welt\/blog\/wp-json\/wp\/v2\/posts\/838\/revisions"}],"wp:attachment":[{"href":"https:\/\/www.marvinchen.de\/olgas_welt\/blog\/wp-json\/wp\/v2\/media?parent=838"}],"wp:term":[{"taxonomy":"category","embeddable":true,"href":"https:\/\/www.marvinchen.de\/olgas_welt\/blog\/wp-json\/wp\/v2\/categories?post=838"},{"taxonomy":"post_tag","embeddable":true,"href":"https:\/\/www.marvinchen.de\/olgas_welt\/blog\/wp-json\/wp\/v2\/tags?post=838"}],"curies":[{"name":"wp","href":"https:\/\/api.w.org\/{rel}","templated":true}]}}