{"id":924,"date":"2012-06-04T21:52:12","date_gmt":"2012-06-04T19:52:12","guid":{"rendered":"http:\/\/www.marvinchen.de\/olgas_welt\/blog\/?p=924"},"modified":"2012-06-04T21:52:12","modified_gmt":"2012-06-04T19:52:12","slug":"die-beine-schmerzen-das-herz-singt","status":"publish","type":"post","link":"https:\/\/www.marvinchen.de\/olgas_welt\/blog\/2012\/06\/die-beine-schmerzen-das-herz-singt\/","title":{"rendered":"Die Beine schmerzen, das Herz singt !"},"content":{"rendered":"<p>Die \u00dcberschrift beschreibt schon ziemlich genau meinen derzeitigen Zustand: aus der Kalten heraus 15 km zu wandern bleibt nat\u00fcrlich nicht ohne Muskelkater, aber das Wochenende war dennoch einfach bombastisch!<\/p>\n<p>Als ich vor einigen Jahren\u00a0den VHS-Hebr\u00e4ischkurs besuchte, lernte ich\u00a0unter anderem\u00a0eine nette Medizinstudentin namens Constanze kennen. \u00dcber die Jahre hinweg hielten wir einen ziemlich losen Kontakt und\u00a0dieses Jahr kam von ihr eine Email mit der Einladung\u00a0zu einem\u00a0Wanderwochenende mit ihr und ihren Freunden in die S\u00e4chsischen Schweiz. Wir sagten zu und haben es nicht bereut.<\/p>\n<p style=\"text-align: center;\"><a href=\"https:\/\/www.marvinchen.de\/olgas_welt\/blog\/2012\/06\/die-beine-schmerzen-das-herz-singt\/img_0222-web\/\" rel=\"attachment wp-att-926\"><img loading=\"lazy\" decoding=\"async\" class=\"aligncenter  wp-image-926\" src=\"https:\/\/www.marvinchen.de\/olgas_welt\/blog\/wp-content\/uploads\/2012\/06\/IMG_0222-web.jpg\" alt=\"\" width=\"560\" height=\"403\" srcset=\"https:\/\/www.marvinchen.de\/olgas_welt\/blog\/wp-content\/uploads\/2012\/06\/IMG_0222-web.jpg 800w, https:\/\/www.marvinchen.de\/olgas_welt\/blog\/wp-content\/uploads\/2012\/06\/IMG_0222-web-300x215.jpg 300w\" sizes=\"auto, (max-width: 560px) 100vw, 560px\" \/><\/a><\/p>\n<p>Der Wettergott war voll auf unserer Seite, die Gruppe war\u00a0\u00e4u\u00dferst interessant, sehr offen und\u00a0man konnte sich wunderbar mit allen unterhalten &#8211; optimale Voraussetzungen f\u00fcr ein gelungenes Wochenende.<\/p>\n<p>Abends hockten wir alle zusammen in der bezaubernden Umgebung\u00a0des Campingplatzes\u00a0<a href=\"http:\/\/www.ostrauer-muehle.de\/\" target=\"_blank\">Ostrauer M\u00fchle<\/a> vorm Grill mit einem Bierchen in der einen und ein W\u00fcrstchen in der anderen Hand.\u00a0Nach\u00a0einer\u00a0Wanderung von Schmilka-Hirschm\u00fchle \u00fcber die Kipphornaussicht zum Berggasthaus Gro\u00dfer Winterberg, weiter zum Aussichtspunkt am Kleinen Winterberg, an der Wartburg vorbei zur Felsenburg Winterstein (auch Hinteres Raubschlo\u00df genannt),\u00a0danach zum Lichtenhainer Wasserfall und von dort mit der Kirnitzschtalbahn zum Nachtquartier waren wir nat\u00fcrlich trotz eines ausgedehnten Picknicks mit Superaussicht\u00a0m\u00fcde, hungrig und durstig. \u00dcbrigens, es war mir bis dato nicht klar, dass\u00a0Sterne nicht nur f\u00fcr Hotels, sondern auch f\u00fcr die Campingpl\u00e4tze vergeben werden. Wir waren G\u00e4ste in einer Anlage mit 4 Sternen!<\/p>\n<p>Als Hunger und Durst gestillt waren, versammelten sich alle um\u00a0eine\u00a0w\u00e4rmespendende Feuerschale, um sich zu unterhalten, den K\u00f6rper auf Temepratur zu halten\u00a0und\u00a0um durch R\u00e4ucherung der Alterung entgegenzuwirken. Dort sa\u00dfen wir bis Mitternacht und\u00a0als unsere nette Organisatorin\u00a0planm\u00e4\u00dfig ein Jahre reifer und weiser geworden war, stie\u00dfen wir mit\u00a0Sekt auf Constanzes Wohl an und w\u00fcnschten ihr alles Gute\u00a0f\u00fcr das neue Lebensjahr. Danach\u00a0&#8211; immerhin auch schon wieder 1 Uhr &#8211; fielen alle in ihre Betten, wobei \u00a0die\u00a0Vierer- und F\u00fcnferzimmer nach &#8222;Schnarchern&#8220; und &#8222;Nichtschnarchern&#8220; aufgeteilt wurden. Ihr d\u00fcrft nun raten, wo ich gelandet bin \u00a0 \u00a0 \ud83d\ude00<\/p>\n<p>Am Sonntag fr\u00fchst\u00fcckten wir ganz entspannt von 8 bis 10 Uhr und\u00a0wanderten dann\u00a0noch die restlichen 6 km nach Bad Schandau, wo wir in die S-Bahn eingestiegen und zur\u00fcck nach Hause gefahren sind. Als\u00a0Carsten und ich gegen 15 Uhr zu Hause aufschlugen, packten wir unsere Sachen aus, wuschen\u00a0Schwei\u00df, Staub und Rauch\u00a0vom K\u00f6rper\u00a0und landeten auf der Couch im Fernsehraum, wo wir beide uns recht schnell\u00a0von Morpheus umarmen lie\u00dfen.\u00a0Bis Stephanie um 18 Uhr vom Papa-Wochenende nach Hause kam und nach Abendessen schrie &#8230;<\/p>\n","protected":false},"excerpt":{"rendered":"<p>Die \u00dcberschrift beschreibt schon ziemlich genau meinen derzeitigen Zustand: aus der Kalten heraus 15 km zu wandern bleibt nat\u00fcrlich nicht ohne Muskelkater, aber das Wochenende war dennoch einfach bombastisch! Als ich vor einigen Jahren\u00a0den VHS-Hebr\u00e4ischkurs besuchte, lernte ich\u00a0unter anderem\u00a0eine nette Medizinstudentin namens Constanze kennen. \u00dcber die Jahre hinweg hielten wir einen ziemlich losen Kontakt und\u00a0dieses [&hellip;]<\/p>\n","protected":false},"author":3,"featured_media":0,"comment_status":"open","ping_status":"closed","sticky":false,"template":"","format":"standard","meta":{"ngg_post_thumbnail":0,"footnotes":""},"categories":[3,5,4,7,17,1],"tags":[523,14,237,401,274,13,773,248],"class_list":["post-924","post","type-post","status-publish","format-standard","hentry","category-ausfluege-und-reisen","category-essen-und-trinken","category-freud-und-leid","category-freunde-und-co","category-kauderwelsch-und-muttersprache","category-olca-und-stan","tag-ausflug","tag-carsten","tag-freunde","tag-grillen","tag-hebraisch","tag-olga","tag-sachsische-schweiz","tag-wandern"],"_links":{"self":[{"href":"https:\/\/www.marvinchen.de\/olgas_welt\/blog\/wp-json\/wp\/v2\/posts\/924","targetHints":{"allow":["GET"]}}],"collection":[{"href":"https:\/\/www.marvinchen.de\/olgas_welt\/blog\/wp-json\/wp\/v2\/posts"}],"about":[{"href":"https:\/\/www.marvinchen.de\/olgas_welt\/blog\/wp-json\/wp\/v2\/types\/post"}],"author":[{"embeddable":true,"href":"https:\/\/www.marvinchen.de\/olgas_welt\/blog\/wp-json\/wp\/v2\/users\/3"}],"replies":[{"embeddable":true,"href":"https:\/\/www.marvinchen.de\/olgas_welt\/blog\/wp-json\/wp\/v2\/comments?post=924"}],"version-history":[{"count":0,"href":"https:\/\/www.marvinchen.de\/olgas_welt\/blog\/wp-json\/wp\/v2\/posts\/924\/revisions"}],"wp:attachment":[{"href":"https:\/\/www.marvinchen.de\/olgas_welt\/blog\/wp-json\/wp\/v2\/media?parent=924"}],"wp:term":[{"taxonomy":"category","embeddable":true,"href":"https:\/\/www.marvinchen.de\/olgas_welt\/blog\/wp-json\/wp\/v2\/categories?post=924"},{"taxonomy":"post_tag","embeddable":true,"href":"https:\/\/www.marvinchen.de\/olgas_welt\/blog\/wp-json\/wp\/v2\/tags?post=924"}],"curies":[{"name":"wp","href":"https:\/\/api.w.org\/{rel}","templated":true}]}}