{"id":943,"date":"2012-07-07T20:30:59","date_gmt":"2012-07-07T18:30:59","guid":{"rendered":"http:\/\/www.marvinchen.de\/olgas_welt\/blog\/?p=943"},"modified":"2012-07-07T20:32:53","modified_gmt":"2012-07-07T18:32:53","slug":"20-jahre-und-der-spas-geht-immer-weiter","status":"publish","type":"post","link":"https:\/\/www.marvinchen.de\/olgas_welt\/blog\/2012\/07\/20-jahre-und-der-spas-geht-immer-weiter\/","title":{"rendered":"20 Jahre und der Spa\u00df geht immer weiter"},"content":{"rendered":"<p>Wie ich schon in meinem letzten Eintrag geschrieben habe, gab es f\u00fcr mich in dieser Woche einen wirklich guten Grund zu feiern.<\/p>\n<p>Wie jedes Jahr f\u00fchlte ich mich solidarisch mit den Menschen in den USA, denn der 4. Juli ist ja auch mein pers\u00f6nlicher Unabh\u00e4ngigkeitstag. An diesem Tag im Jahre 1992 \u00fcberquerte ich die polnisch-deutsche Grenze und seitdem ist mein st\u00e4ndiger Wohnsitz immer irgendwo innerhalb der Bundesrepublik Deutschland geblieben. Wer gut im Kopfrechnen ist, hat sicher schon festgestellt, dass ich in diesem Sommer ein Jubil\u00e4um zu feiern hatte \u00a0 \u00a0 \ud83d\ude00<\/p>\n<p>Am Mittwoch holte ich nach der Arbeit meine Orangenh\u00e4lfte und die Gro\u00dfe zu Hause ab und fuhr mit ihnen in die Innenstadt. Unsere Kleine konnte leider nicht mit dabei sein, aber ihr Alternativprogramm am Weissenh\u00e4user Strand mit der Schulklasse ist bestimmt nicht weniger sch\u00f6n gewesen \u00a0 \u00a0 \ud83d\ude09<br \/>\nIch entf\u00fchrte meine Familie in eine kleine Ukraine-Enklave in Dresden &#8211; unser Abendessen genossen wir diesmal im <a href=\"http:\/\/www.odessa-restaurant.de\/\" target=\"_blank\">Odessa<\/a>. Es war ein sch\u00f6ner Sommerabend und wir konnten gem\u00fctlich auf der Terrasse sitzen, leckere ukrainische Spezialit\u00e4ten m\u00fcmmeln und\u00a0ein wenig\u00a0\u00fcber meine Anfangszeit in diesem Land plaudern. Diesmal war meine Familie an solchen Geschichten erstaunlicherweise sogar interessiert \u00a0 \u00a0 \ud83d\ude09<br \/>\nNach dem Essen machten wir noch einen kleinen Spaziergang in und um den Zwinger &#8211; nach wie vor meine Lieblingsstelle in Dresden.<\/p>\n<p style=\"text-align: left;\">F\u00fcr den Freitagabend habe ich dann zum Feiern meine Freunde eingeladen. Leider konnten nicht alle kommen, aber mit denjenigen, welche da waren, hatten wir wie immer wahnsinnig viel Spa\u00df\u00a0beim Essen, Trinken (es gab sogar &#8211; wenn man das bei drei Sorten so nennen darf &#8211; eine kleine Wodkaverkostung in der Casa OLCA) und\u00a0chronologischen Ordnen von Fotos aus 20 Jahren Olgaleben in verkehrter Reihenfolge.\u00a0Zum Schlu\u00df lie\u00dfen sich\u00a0die G\u00e4ste noch zu einer Zumba- und &#8222;Just Dance&#8220;-Einlage \u00fcberreden, wobei manche getanzt und manche auch nur zugeschaut haben &#8211; der Abend war spitzenm\u00e4\u00dfig!<\/p>\n<p style=\"text-align: center;\"><a href=\"https:\/\/www.marvinchen.de\/olgas_welt\/blog\/2012\/07\/20-jahre-und-der-spas-geht-immer-weiter\/hinter-carstens-rucken\/\" rel=\"attachment wp-att-944\"><img loading=\"lazy\" decoding=\"async\" class=\"wp-image-944 aligncenter\" src=\"https:\/\/www.marvinchen.de\/olgas_welt\/blog\/wp-content\/uploads\/2012\/07\/hinter-carstens-r\u00fccken.jpg\" alt=\"\" width=\"560\" height=\"483\" srcset=\"https:\/\/www.marvinchen.de\/olgas_welt\/blog\/wp-content\/uploads\/2012\/07\/hinter-carstens-r\u00fccken.jpg 800w, https:\/\/www.marvinchen.de\/olgas_welt\/blog\/wp-content\/uploads\/2012\/07\/hinter-carstens-r\u00fccken-300x258.jpg 300w\" sizes=\"auto, (max-width: 560px) 100vw, 560px\" \/><\/a><\/p>\n<p style=\"text-align: center;\"><a href=\"https:\/\/www.marvinchen.de\/olgas_welt\/blog\/2012\/07\/20-jahre-und-der-spas-geht-immer-weiter\/lachflash\/\" rel=\"attachment wp-att-945\"><img loading=\"lazy\" decoding=\"async\" class=\"aligncenter  wp-image-945\" src=\"https:\/\/www.marvinchen.de\/olgas_welt\/blog\/wp-content\/uploads\/2012\/07\/lachflash.jpg\" alt=\"\" width=\"560\" height=\"420\" srcset=\"https:\/\/www.marvinchen.de\/olgas_welt\/blog\/wp-content\/uploads\/2012\/07\/lachflash.jpg 800w, https:\/\/www.marvinchen.de\/olgas_welt\/blog\/wp-content\/uploads\/2012\/07\/lachflash-300x225.jpg 300w\" sizes=\"auto, (max-width: 560px) 100vw, 560px\" \/><\/a><\/p>\n<p style=\"text-align: left;\">Und ich habe jetzt auch noch\u00a0das vermutlich deutscheste aller deutschen Gebrauchsgegenst\u00e4nde als Geschenk bekommen<\/p>\n<p style=\"text-align: center;\"><a href=\"https:\/\/www.marvinchen.de\/olgas_welt\/blog\/2012\/07\/20-jahre-und-der-spas-geht-immer-weiter\/gartenzwerg\/\" rel=\"attachment wp-att-946\"><img loading=\"lazy\" decoding=\"async\" class=\"aligncenter  wp-image-946\" src=\"https:\/\/www.marvinchen.de\/olgas_welt\/blog\/wp-content\/uploads\/2012\/07\/gartenzwerg.jpg\" alt=\"\" width=\"560\" height=\"462\" srcset=\"https:\/\/www.marvinchen.de\/olgas_welt\/blog\/wp-content\/uploads\/2012\/07\/gartenzwerg.jpg 800w, https:\/\/www.marvinchen.de\/olgas_welt\/blog\/wp-content\/uploads\/2012\/07\/gartenzwerg-300x247.jpg 300w\" sizes=\"auto, (max-width: 560px) 100vw, 560px\" \/><\/a><\/p>\n<p style=\"text-align: left;\">Noch darf mein Gartenversch\u00f6nerer in der guten Stube auf besseres Wetter warten, aber bald kann\u00a0sich\u00a0dieser Gartenzwerg mit seinem Tennisspielen auf dem Rasen der Casa OLCA austoben \u00a0 \u00a0 \ud83d\ude42<\/p>\n","protected":false},"excerpt":{"rendered":"<p>Wie ich schon in meinem letzten Eintrag geschrieben habe, gab es f\u00fcr mich in dieser Woche einen wirklich guten Grund zu feiern. Wie jedes Jahr f\u00fchlte ich mich solidarisch mit den Menschen in den USA, denn der 4. Juli ist ja auch mein pers\u00f6nlicher Unabh\u00e4ngigkeitstag. An diesem Tag im Jahre 1992 \u00fcberquerte ich die polnisch-deutsche [&hellip;]<\/p>\n","protected":false},"author":3,"featured_media":0,"comment_status":"open","ping_status":"closed","sticky":false,"template":"","format":"standard","meta":{"ngg_post_thumbnail":0,"footnotes":""},"categories":[5,4,7,1],"tags":[16,14,260,464,237,787,13,15,581,786,69],"class_list":["post-943","post","type-post","status-publish","format-standard","hentry","category-essen-und-trinken","category-freud-und-leid","category-freunde-und-co","category-olca-und-stan","tag-andrea","tag-carsten","tag-essen","tag-feiern","tag-freunde","tag-genschenk","tag-olga","tag-stephanie","tag-tanzen","tag-ukrainisch","tag-unabhangigkeitstag"],"_links":{"self":[{"href":"https:\/\/www.marvinchen.de\/olgas_welt\/blog\/wp-json\/wp\/v2\/posts\/943","targetHints":{"allow":["GET"]}}],"collection":[{"href":"https:\/\/www.marvinchen.de\/olgas_welt\/blog\/wp-json\/wp\/v2\/posts"}],"about":[{"href":"https:\/\/www.marvinchen.de\/olgas_welt\/blog\/wp-json\/wp\/v2\/types\/post"}],"author":[{"embeddable":true,"href":"https:\/\/www.marvinchen.de\/olgas_welt\/blog\/wp-json\/wp\/v2\/users\/3"}],"replies":[{"embeddable":true,"href":"https:\/\/www.marvinchen.de\/olgas_welt\/blog\/wp-json\/wp\/v2\/comments?post=943"}],"version-history":[{"count":0,"href":"https:\/\/www.marvinchen.de\/olgas_welt\/blog\/wp-json\/wp\/v2\/posts\/943\/revisions"}],"wp:attachment":[{"href":"https:\/\/www.marvinchen.de\/olgas_welt\/blog\/wp-json\/wp\/v2\/media?parent=943"}],"wp:term":[{"taxonomy":"category","embeddable":true,"href":"https:\/\/www.marvinchen.de\/olgas_welt\/blog\/wp-json\/wp\/v2\/categories?post=943"},{"taxonomy":"post_tag","embeddable":true,"href":"https:\/\/www.marvinchen.de\/olgas_welt\/blog\/wp-json\/wp\/v2\/tags?post=943"}],"curies":[{"name":"wp","href":"https:\/\/api.w.org\/{rel}","templated":true}]}}