{"id":953,"date":"2012-08-12T16:09:44","date_gmt":"2012-08-12T14:09:44","guid":{"rendered":"http:\/\/www.marvinchen.de\/olgas_welt\/blog\/?p=953"},"modified":"2012-08-12T16:16:05","modified_gmt":"2012-08-12T14:16:05","slug":"zuruck-in-dresden","status":"publish","type":"post","link":"https:\/\/www.marvinchen.de\/olgas_welt\/blog\/2012\/08\/zuruck-in-dresden\/","title":{"rendered":"Zur\u00fcck in Dresden"},"content":{"rendered":"<p>Die letzte Nacht haben Carsten und ich nach langer Zeit mal wieder in den eigenen vier W\u00e4nden verbracht. Die drei Wochen davor haben wir n\u00e4mlich etliche Hotels und Hostels in Frankreich, Spanien und sogar in Portugal kennenlernen durften.<\/p>\n<p>Da wir dieses Jahr unseren Urlaub kinderfrei gestalten durften, haben wir uns eine \u00fcber 6.000 km lange Rundreise durch Westeuropa ausgesucht. Carsten hat die Route geplant und Hotels reserviert, ich k\u00fcmmerte mich um die Sehensw\u00fcrdigkeiten der jeweiligen Ziele sowie ggf. um Treffen mit Couchsurfern und anderen netten Menschen vor Ort. Es waren sehr ereignisreichen Tage, aber nur im positiven Sinne.<\/p>\n<p>Mehr gibt es leider erst in K\u00fcrze, denn im Augenblick sind wir noch eifrig am Waschen, Sichten der Bilder, Abarbeiten der angesammelten To-Do-Dinge, usw.<br \/>\nAber wir leben noch und das nicht mal schlecht \u00a0 \u00a0 \ud83d\ude09<\/p>\n<p style=\"text-align: center\"><a href=\"https:\/\/www.marvinchen.de\/olgas_welt\/blog\/2012\/08\/zuruck-in-dresden\/heini-und-koffer-madrid\/\" rel=\"attachment wp-att-954\"><img loading=\"lazy\" decoding=\"async\" class=\"aligncenter  wp-image-954\" src=\"https:\/\/www.marvinchen.de\/olgas_welt\/blog\/wp-content\/uploads\/2012\/08\/Heini-und-Koffer-Madrid.jpg\" alt=\"\" width=\"560\" height=\"467\" srcset=\"https:\/\/www.marvinchen.de\/olgas_welt\/blog\/wp-content\/uploads\/2012\/08\/Heini-und-Koffer-Madrid.jpg 800w, https:\/\/www.marvinchen.de\/olgas_welt\/blog\/wp-content\/uploads\/2012\/08\/Heini-und-Koffer-Madrid-300x250.jpg 300w\" sizes=\"auto, (max-width: 560px) 100vw, 560px\" \/><\/a><\/p>\n","protected":false},"excerpt":{"rendered":"<p>Die letzte Nacht haben Carsten und ich nach langer Zeit mal wieder in den eigenen vier W\u00e4nden verbracht. Die drei Wochen davor haben wir n\u00e4mlich etliche Hotels und Hostels in Frankreich, Spanien und sogar in Portugal kennenlernen durften. Da wir dieses Jahr unseren Urlaub kinderfrei gestalten durften, haben wir uns eine \u00fcber 6.000 km lange [&hellip;]<\/p>\n","protected":false},"author":3,"featured_media":0,"comment_status":"open","ping_status":"closed","sticky":false,"template":"","format":"standard","meta":{"ngg_post_thumbnail":0,"footnotes":""},"categories":[3,10,1],"tags":[14,535,13,510,21],"class_list":["post-953","post","type-post","status-publish","format-standard","hentry","category-ausfluege-und-reisen","category-hc-und-cs","category-olca-und-stan","tag-carsten","tag-couchsurfing","tag-olga","tag-reise","tag-urlaub"],"_links":{"self":[{"href":"https:\/\/www.marvinchen.de\/olgas_welt\/blog\/wp-json\/wp\/v2\/posts\/953","targetHints":{"allow":["GET"]}}],"collection":[{"href":"https:\/\/www.marvinchen.de\/olgas_welt\/blog\/wp-json\/wp\/v2\/posts"}],"about":[{"href":"https:\/\/www.marvinchen.de\/olgas_welt\/blog\/wp-json\/wp\/v2\/types\/post"}],"author":[{"embeddable":true,"href":"https:\/\/www.marvinchen.de\/olgas_welt\/blog\/wp-json\/wp\/v2\/users\/3"}],"replies":[{"embeddable":true,"href":"https:\/\/www.marvinchen.de\/olgas_welt\/blog\/wp-json\/wp\/v2\/comments?post=953"}],"version-history":[{"count":0,"href":"https:\/\/www.marvinchen.de\/olgas_welt\/blog\/wp-json\/wp\/v2\/posts\/953\/revisions"}],"wp:attachment":[{"href":"https:\/\/www.marvinchen.de\/olgas_welt\/blog\/wp-json\/wp\/v2\/media?parent=953"}],"wp:term":[{"taxonomy":"category","embeddable":true,"href":"https:\/\/www.marvinchen.de\/olgas_welt\/blog\/wp-json\/wp\/v2\/categories?post=953"},{"taxonomy":"post_tag","embeddable":true,"href":"https:\/\/www.marvinchen.de\/olgas_welt\/blog\/wp-json\/wp\/v2\/tags?post=953"}],"curies":[{"name":"wp","href":"https:\/\/api.w.org\/{rel}","templated":true}]}}