{"id":957,"date":"2012-08-18T22:47:58","date_gmt":"2012-08-18T20:47:58","guid":{"rendered":"http:\/\/www.marvinchen.de\/olgas_welt\/blog\/?p=957"},"modified":"2012-08-18T22:47:58","modified_gmt":"2012-08-18T20:47:58","slug":"e-mails-von-unterwegs","status":"publish","type":"post","link":"https:\/\/www.marvinchen.de\/olgas_welt\/blog\/2012\/08\/e-mails-von-unterwegs\/","title":{"rendered":"E-mails von unterwegs"},"content":{"rendered":"<p>Die Hoffnung, dass ich nach der R\u00fcckkehr in die eigenen vier W\u00e4nde und in der Ferienzeit \u00f6fter schreiben kann, hat sich leider nicht erf\u00fcllt.<\/p>\n<p>Deshalb nutze ich bereits Geschriebenes, um meinen Lesern einen kurzen \u00dcberblick \u00fcber unsere Reiseroute und auch \u00fcber ein paar Eindr\u00fccke anzubieten. Diese e-mails sind damals als Update so an die Kinder geschickt worden und jetzt nur ein wenig auf das Wesentliche gek\u00fcrzt. \u00a0Nochmals zu Erinnerung: Dresden &#8211; Strassburg &#8211; Bordeaux &#8211; Bilbao &#8211; Santander &#8211; Oviedo &#8211; La Coruna &#8211; Santiago de Compostela &#8211; Porto &#8211; Salamanca &#8211; Madrid &#8211; Zaragoza &#8211; Barcelona &#8211; Marseille &#8211; Strassburg &#8211; Dresden mit einigen kleinen Abweichungen zu weiteren interessanten Stellen abseits der Autobahn \u00a0 \u00a0 \ud83d\ude00<\/p>\n<p>Viel Spa\u00df beim Lesen!<\/p>\n<p><strong>20.07. um 22:52 Uhr<\/strong><\/p>\n<p>Wir sind gut und staufrei in unserem ersten Etap Hotel angekommen \u00a0 \u00a0 :o)) \u00a0 \u00a0 als\u00a0Abendessen gab es ein Buffet im benachbarten Restaurant mit vielen\u00a0Leckereien zum vern\u00fcnftigen Preis. Ausserdem wurden wir wohl aufgrund<br \/>\nunserer Versuche Franz\u00f6sisch zu sprechen, von zwei benachbarten Tischen\u00a0bzw. Menschen, die dort gesessen haben, &#8222;adoptiert&#8220; . Die Franzosen nutzen\u00a0offensichtlich auch gern die seltene Gelegenheit, mal Deutsch sprechen zu k\u00f6nnen \u00a0 \u00a0\u00a0;o))<\/p>\n<p><strong>22.07. um 9:08 Uhr<\/strong><\/p>\n<p>Wir sind seit Gesternabend in Bordeaux. Haben uns gleich mit der Couchsurferin Jocelyne\u00a0getroffen, ein Weinchen in einer Weinbar getrunken, eine supermoderne Strassenbahn benutzt, festgestellt, dass die Einheimischen das Bezahlen\u00a0daf\u00fcr als \u00fcberbewertet sehen und den ersten Spaziergang durch die Stadt\u00a0gemacht. Heute sind wir um 8 Uhr aufgestanden und fahren nun in die\u00a0Innenstadt, um alles abzugrasen, was ein Touri gesehen haben muss \u00a0 \u00a0 :o))<\/p>\n<p><strong>22.07. um 20:15 Uhr<\/strong><\/p>\n<p>Wir haben jetzt die Innenstadt von Bordeaux abgegrast, stapften \u00fcber zwei\u00a0Flohm\u00e4rkte und einen richtigen Markt, haben unsere ersten rohen Austern\u00a0gegessen, wilde Nutrias im lehmigen Garonne-Gew\u00e4ssern entdeckt und unter\u00a0anderem festgestellt, dass die Toilettennutzung \u00fcberall gratis ist &#8211; daf\u00fcr\u00a0aber sind die Lebensmittelpreise ganz sch\u00f6n hoch. Was sch\u00e4tzt ihr, was\u00a0eine Kugel Eis kostet? 2, 20!!! Wir dachten, wir holen uns dann lieber ein\u00a0McSundae f\u00fcr einen Euro, aber auch diese Eissorte kostet hier 2,15 EUR! Von\u00a0Burgerpreisen ganz zu schweigen \u00a0 \u00a0 ;o)<br \/>\nEin wenig Sonnenbrand haben wir uns\u00a0auch geg\u00f6nnt, aber das geh\u00f6rt nun mal zum Sommerurlaub der K\u00e4seweissen \u00a0 \u00a0 ;o))<br \/>\nJetzt gehen wir uns noch irgendwas zum Abendessen organisieren und dann\u00a0in die Heia. Morgen geht es zur gr\u00f6ssten Wanderd\u00fcne Europas und danach\u00a0nach Bilbao.<\/p>\n<p><strong>23.07. um 22:59 Uhr<\/strong><\/p>\n<p>Wir sind seit heute Sp\u00e4tnachmittag im Baskenland. Davor hatten wir einen riesigen Sandberg zum Spielen gehabt und trauten uns sogar im Atlantik zu baden, denn das Wasser dort war um 2 Grad w\u00e4rmer als die Ostsee bei unserem Hiddenseeausflug. In Bilbao ist die Beschriftung von allen m\u00f6glichen Dingen zweisprachig: Spanisch und Baskisch und beide Sprachen haben so gut wie nichts gemeinsam. Morgen werden wir die Innenstadt ablaufen und vielleicht mal wieder einen Strandpaziergang machen.<\/p>\n<p><strong>24.07 um 22:23 Uhr<\/strong><\/p>\n<p>Wir haben heute die Innenstadt von\u00a0Bilbao abgegrast. \u00dcbrigens, die Stadt heisst auf Baskisch Bilbo. Na, woran\u00a0denkt ihr bei diesem Namen? \u00a0 \u00a0 ;o)) \u00a0 \u00a0 Nachmittags waren wir wieder am Strand &#8211;\u00a0war echt sch\u00f6n, wenn wir auch nicht gebadet haben. Ganz viele\u00a0Spanierinnen im unterschiedlichen Alter lagen und sassen oben ohne &#8211;\u00a0ungewohntes Bild \u00a0 \u00a0 :o))<br \/>\nHeute waren wir relativ fr\u00fch zur\u00fcck, so um 7 Uhr rum,\u00a0gammelten ein wenig im Hotel und bereiteten uns auf die morgige Fahrt nach\u00a0Santander vor. Nun schl\u00e4ft Carsten schon, w\u00e4hrend ich noch Abenteuer\u00a0von Auswanderern auf VOX anschaue und Notizen sowie e-mails schreibe.<\/p>\n<p><strong>24.07. um 22:27 Uhr<\/strong><\/p>\n<p>Nachtrag: ja, Spanisch hilft uns schon, aber der Dialekt hier ist\u00a0schrecklich und viele Vokabeln klingeln nicht mal in meinen Ohren vetraut \u00a0 \u00a0 ;o)) \u00a0 \u00a0 Aber wir schlagen uns gut durch \u00a0 \u00a0 :o))<\/p>\n<p><strong>25.07. um 21:43 Uhr<\/strong><\/p>\n<p>Wir haben unser Geld in Santander besucht, es geht ihm hier offensichtlich\u00a0besser als in strandlosem Dresden \u00a0 \u00a0 ;o)<br \/>\nUnd ja, wir haben heute wieder an einem Sandstrand gegammelt und im Meer\u00a0gebadet \u00a0 \u00a0 :o) \u00a0 \u00a0 Nachmittags sind wir aber wirklich viel gelaufen, meine F\u00fcsse sind jetzt echt froh, einfach im Bett liegen zu d\u00fcrfen \u00a0 \u00a0 ;o)<br \/>\nMorgen geht es nach Oviedo, um UNESCO-gesch\u00fctzte, pr\u00e4romanische Kirchen zu\u00a0besuchen und nachmittags nach Gijon zum Sandstrand zu fahren \u00a0 \u00a0 ;o))<\/p>\n<p><strong>26.07. um 13:51 Uhr<\/strong><\/p>\n<p>Wir sind jetzt schon in Asturien angekommen und erkunden gerade das\u00a0St\u00e4dtchen Oviedo. Von hier bis zum Meer sind es 40km, daher ist das\u00a0erstmal fraglich, ob wir heute noch baden gehen \u00a0 \u00a0 ;o)<br \/>\nBis jetzt hatten wir nur eine CSlerin getrroffen, Jocelyne in Bordeaux,\u00a0aber am Wochenende werden wir bei Emilio in La Coruna sein und in Porto werden wir uns mit Flavia treffen.\u00a0Marseille wird diesbez\u00fcglich am interessantesten, dort gibt es jeden\u00a0Mittwoch ein CS-Treffen am Strand \u00a0 \u00a0 :o)<\/p>\n<p><strong>26.07. um 22:52 Uhr<\/strong><\/p>\n<p>Wir haben heute auf die Strandgeschichte\u00a0verzichtet, denn Carsten war platt und auch mir tat die Ruhe zum Lesen und\u00a0Schreiben in einem klimatisierten Zimmer gut \u00a0 \u00a0 :o))<br \/>\nDanach haben wir ein\u00a0paar Essenssachen f\u00fcr das morgigen Fr\u00fchst\u00fcck besorgt und superlecker und\u00a0preiswert im hoteleigenem Restaurant gegessen.<br \/>\nCouchsurfer wollen wir nur\u00a0dort treffen, wo wir 2 \u00dcbernachtungen haben, sonst ist das zu stressig. In\u00a0manchen St\u00e4dten haben sich keine Leute zur\u00fcckgemeldet, in anderen ist\u00a0alles geritzt und in wieder anderen ist das noch in der Schwebe \u00a0 \u00a0 ;o)<br \/>\nWegen der Br\u00e4nde: Wir\u00a0werden durch Katalonien fahren, aber wir wollen in Barcelona 2 Tage verbringen. Ist allerdings erst ziemlich am Ende unserer Reise, Barcelona ist unsere\u00a0letzte spanische Stadt.<\/p>\n<p><strong>27.07. um 20:45 Uhr<\/strong><\/p>\n<p>Wir sind jetzt unterwegs in La Coruna. Heute gab es an zwei verschiedenen Str\u00e4nden einen Spaziergang, da d\u00fcrfte unsere Hornhaut an den Fusssohlen schon fast komplett weg sein \u00a0 \u00a0 :oD<br \/>\nBei Emilio d\u00fcrfen wir erst um 21:30 Uhr auftauchen, vorher ist er nicht zu Hause. Deshalb haben wir schon auf eigene Faust Europas \u00e4ltesten Leuchtturm besucht, ein paar Spiele von einem Strandfussballturnier angesehen und geniessen nun die Sonnenstrahlen auf einer Promenadenbank \u00a0 \u00a0 \u00a0:o) \u00a0 \u00a0 \u00a0Mal sehen, was wir morgen machen k\u00f6nnen, aber auf jeden Fall muss ich eine Ladung W\u00e4sche waschen, denn Carsten schwitzt hier bei mehr als 30\u00b0 ohne Ende \u00a0 \u00a0 ;o))<\/p>\n<p><strong>29.07. um 12:26 Uhr<\/strong><\/p>\n<p>So, La Coruna ist erforscht \u00a0 \u00a0 :o) \u00a0 \u00a0 nun sind wir auf dem Weg nach Santiago de\u00a0Compostela, um Pilger anzugucken \u00a0 \u00a0 ;o)<\/p>\n<p><strong>29.07. um 12:43 Uhr<\/strong><\/p>\n<p>Wir haben gerade La Coruna verlassen.\u00a0Erinnert ihr euch noch an Emilio? Wir haben in seiner, f\u00fcr eine Person\u00a0einfach riesigen (2 Schlafzimmer, zwei B\u00e4der, grosses Wohnzimmer, K\u00fcche,\u00a0eine Art Musikzimmer und Terrasse unterm Dach) Wohnung geschlafen. Jetzt\u00a0sind wir unterwegs nach Santiago de Compostela. Wir haben schon\u00a0etliche Bilder\u00a0auf der Speicherkarte, 3000 km auf dem Tacho und der Taschenteddy Heini\u00a0macht sich als Reisefotomodel wie immer richtig gut \u00a0 \u00a0 ;o)<br \/>\nWir haben etliche Strandspazierg\u00e4nge und alte Kirchen hinter uns \u00a0 \u00a0 :o) \u00a0 \u00a0 Bald wird es mit\u00a0den Str\u00e4nden f\u00fcr eine Weile aufh\u00f6ren, aber die Menge der Kirchen und alten\u00a0Geb\u00e4uden wird sicher zulegen \u00a0 \u00a0 ;o)<\/p>\n<p><strong>30.07. um 11:16 Uhr<\/strong><\/p>\n<p>Wir sind nun unterwegs nach Porto. Santiago de Compostela hat uns in\u00a0jeder Hinsicht positiv \u00fcberrascht. Eine sch\u00f6ne, autentisch wirkende\u00a0Altstadt, Party f\u00fcr jedermann in einem kleinen Park, moderate Preise f\u00fcr\u00a0alles, insgesamt eine sehr lebendige Stadt mit tollem Flair! Die\u00a0Kathedrale, welche als Endpunkt der Pilgerreise gilt, ist gigantisch und\u00a0echt sch\u00f6n anzusehen. Ein paar Pilgerbilder haben wir nat\u00fcrlich auch\u00a0gemacht \u00a0 \u00a0 :o)<br \/>\nSo, Zeit f\u00fcr unsere Fr\u00fchst\u00fccksrast \u00a0 \u00a0 :o))<\/p>\n<p><strong>30.07. um 13:43 Uhr<\/strong><\/p>\n<p>Wir sind in Portugal angekommen und haben uns eben noch die\u00a0historische Altstadt von Valenca angesehen. Das ist die erste portugiesische Stadt nach der Grenze, ihr Gegen\u00fcber auf der spanischen Seite und somit die letzte Stadt des\u00a0Landes heisst \u00fcbrigens Tui \u00a0 \u00a0 :o)) \u00a0 \u00a0 Wirklich! Nun fahren wir weiter nach Porto.<\/p>\n<p><strong>31.07. um 20:48 Uhr<\/strong><\/p>\n<p>Wir haben uns gestern mit\u00a0Flavia und ihrer Familie getroffen und es wurde ein sehr langer Abend \u00a0 \u00a0 :o) \u00a0 \u00a0 Heute schauten wir uns Portos Kirchen, Denkm\u00e4ler und Br\u00fccken an und f\u00fcllten unseren Essensvorrat in einem Supermarkt in einer Mall auf. Die\u00a0L\u00e4den haben alle Schlussverkauf, aber ich kann nix Klamottiges kaufen wegen des Platzes im Auto \u00a0 \u00a0*seufz* \u00a0 \u00a0;o)<br \/>\nDaf\u00fcr habe ich echten Portwein und 2 B\u00fccher\u00a0abgestaubt \u00a0 \u00a0 :oD<\/p>\n<p><strong>01.08. um 11:34 Uhr<\/strong><\/p>\n<p>Gerade qu\u00e4len wir uns auf den Bergstrassen mit nur einer Spur hinter zahlreichen LKWs zur\u00fcck nach Spanien. Zuerst wollen wir uns einen\u00a0Naturpark ansehen und dann weiter nach Salamanca fahren. Zur Info: Lebensmittel in Spanien kosten in etwa genau so wie in Deutschland,\u00a0Portugal ist aber noch ein wenig g\u00fcnstiger. Unsere Steph h\u00e4tten wir aber\u00a0in Portugal nicht zum Einkaufen schicken k\u00f6nnen, denn Fischgeruch ist dort allgegenw\u00e4rtig, was bei der enormen Auslage und Vielfalt auch kein Wunder ist \u00a0 \u00a0 ;o)<br \/>\nIn Porto sind\u00a0die Br\u00fccken wegen ihrer Gr\u00f6sse sehr beeindruckend, die Kirchen sind alt und\u00a0interessant und die Denkm\u00e4ler imposant \u00a0 \u00a0 :o) \u00a0 \u00a0 In Salamanca werden wir an der\u00a0Unifassade den ber\u00fchmten, versteckten Frosch auf dem Totensch\u00e4del suchen, er soll wohl Gl\u00fcck bringen \u00a0 \u00a0 :o) \u00a0 \u00a0 Die Uni\u00a0dort ist die \u00e4lteste in Spanien. Und dort werden wir auch sicherlich wieder viel schwitzen, denn laut TV wird es in ganz Mittelspanien nicht unter 30 Grad,\u00a0sondern eher Richtung 40 sein. Wir lassen uns \u00fcberraschen \u00a0 \u00a0 ;o)<\/p>\n<p><strong>02.08. um 14:53 Uhr<\/strong><\/p>\n<p>Nun sitzen wir einem Strassencafe auf der Plaza Mayor und beobachten Leute\u00a0hier \u00a0 \u00a0 :o) \u00a0 \u00a0 Die Altstadt ist echt sch\u00f6n und wir haben sowohl den Frosch\u00a0auf dem Portal von der Uni als auch den Astronauten vom Kathedralenportal<br \/>\ngefunden. Mittagessen gab es diesmal bei McD, daf\u00fcr haben wir heute fr\u00fch\u00a0ganz Spanisch gefr\u00fchst\u00fcckt \u00a0 \u00a0 :o))<\/p>\n<p><strong>03.08. um 11:19 Uhr<\/strong><\/p>\n<p>Den gestrigen\u00a0Sp\u00e4tnachmittag und Abend haben wir im Bett bei Fernsehen, Lesen,\u00a0Sonnenblumenkerneknacken und D\u00f6sen verbracht \u00a0 \u00a0 :o) \u00a0 \u00a0 Aber wir brauchten eine\u00a0Chillpause vor den St\u00e4dten, die jetzt noch kommen, denn Madrid, Barcelona und\u00a0Marseille haben um einiges mehr im Angebot als z.B. Salamanca oder Bilbao \u00a0 \u00a0 ;o)<br \/>\nWir werden in ca. 1 Std in Spaniens Hauptstadt ankommen und k\u00f6nnen\u00a0schon bestimmt auch heute ein paar Pl\u00e4tze besuchen.<\/p>\n<p><strong>04.08. um 20:45 Uhr<\/strong><\/p>\n<p>So, das meiste unseres Madrider Plans ist jetzt besichtigt und\u00a0fotografiert worden. Meine F\u00fcsse wissen auch ganz genau, was sie heute\u00a0getan haben, Carstens Sohlen sind da irgendwie unempfindlicher \u00a0 \u00a0 ;o)<br \/>\nDas\u00a0Metrosystem hier ist spitzenm\u00e4ssig, so k\u00f6nnen wir die gr\u00f6ssten Entfernungen ganz bequem ohne Parklplatzsuche erledigen. Was nervt, sind\u00a0die zahlreichen Bettler und Zigeuner in der Innenstadt, die wie von\u00a0Zauberhand verschwinden, wenn man nicht mehr in den angesagten\u00a0Tourigebieten ist \u00a0 \u00a0 ;o)<br \/>\nGestern haben wir uns mit Luisa, einer hiesigen\u00a0Couchsurferin, getroffen , welche auch fliessend Deutsch sprechen kann.\u00a0Sie hat ihr Kindheit und Jugend in der Schweiz verbracht \u00a0 \u00a0 \u00a0:o) \u00a0 \u00a0 \u00a0Jetzt bleiben\u00a0uns noch ein paar Hochh\u00e4user am Stadtrand und ein Abendessen in einer der\u00a0zahlreichen Tapasbars in dieser Stadt, bis wir selig in unserem Zimmer\u00a0schlafen k\u00f6nnen.\u00a0Dann bis Zaragoza!<\/p>\n<p><strong>05.08. um 16:55 Uhr<\/strong><\/p>\n<p>Wir sind jetzt in unserer vorletzten spanischen Stadt, diesmal in\u00a0Aragonien, unterwegs. Hier ist es echt br\u00fctend heiss! Wir warten noch auf\u00a0unsere Tour durch den Palast Aljaferia. Die Kirchen in Zaragoza sind echt\u00a0sehenswert, aber leider etwas schlecht klimatisiert. Es war schon sehr\u00a0seltsam beim Gottesdienst Frauen mit wedelnden F\u00e4chern in der Hand zu sehen \u00a0 \u00a0 :o)<\/p>\n<p><strong>06.08. um 8:28 Uhr<\/strong><\/p>\n<p>So, in Zaragoza hatten wir unseren ersten Regen, nat\u00fcrlich an dem vom Hotel am weitesten entfernten Punkt \u00a0 \u00a0 :o) \u00a0 \u00a0 zum Gl\u00fcck nur recht kurz und in der N\u00e4he gab es eine Bushaltestelle, wo wir unterkommen konnten. Abends g\u00f6nnten wir uns ein spanisches All-You-Can-Eat, wozu ich noch ein Liter Sangria nahm \u00a0 \u00a0 :o) \u00a0 \u00a0 ich habe danach geschlafen wie ein Stein, Carsten hatte aber mit dem vollen Bauch ganz sch\u00f6n zu k\u00e4mpfen, der Arme \u00a0 \u00a0 :o)<br \/>\nGleich geht&#8217;s unter die Dusche und dann nach Barcelona.<\/p>\n<p><strong>06.08. um 16:03 Uhr<\/strong><\/p>\n<p>So, wir sitzen jetzt in der Metro von Barcelona und lassen uns in einem\u00a0klimatisierten Waggon zur Sagrada Familia bringen. \u00a0Dort werden wir ein wenig umherschlendern und gegen\u00a06 Uhr abends treffen wir uns mit Katrin, die wir vor \u00fcber 10\u00a0Jahren durch die IDA-Liste kennengelernt haben, bislang allerdings nur\u00a0Kontakt per e-mail bzw. neuerdings Facebook hatten \u00a0 \u00a0 :o)<br \/>\nMorgen gibt es\u00a0dann eine ganz laaaange Tour durch die Stadt \u00a0 \u00a0 :oD<\/p>\n<p><strong>07.08. um 10:43 Uhr<\/strong><\/p>\n<p>Nun sind wir in unserer letzten spanischen Stadt dieser Reise\u00a0angekommen.\u00a0Gestern haben wir die Sagrada Familia aussen und innen besichtigt und\u00a0fanden das Ganze trotz der Baukr\u00e4ne echt beeindruckend. \u00a0Abends haben\u00a0wir uns mit Katrin getroffen und quatschten 3 Stunden lang in einer Bar am\u00a0Strand bis die Sonne verschwand und ihr und mir etwas zu kalt wurde \u00a0 \u00a0 :oD \u00a0 \u00a0 gestern fr\u00fch (also bevor wir kamen) hatte es hier wohl ganz stark\u00a0gewittert, aber wir haben keine Spur mehr davon entdecken k\u00f6nnen \u00a0 \u00a0 \u00a0;o)<br \/>\nJetzt fahren wir mit der Metro in die Stadt f\u00fcr die gaaaanz lange\u00a0Tageslaufrunde \u00a0 \u00a0 :o)<\/p>\n<p><strong>08.08. um 8:46 Uhr<\/strong><\/p>\n<p>Nun brechen wir zu unserer letzten Besichtigungsstation auf dieser Reise\u00a0auf und fahren nach Marseille. Gestern verbrachten wir den ganzen Tag in\u00a0Barcelona. Am sch\u00f6nsten fanden wir den Park G\u00fcell und die Aussicht vom Berg<br \/>\nTibidabo. Carstens Beschreibung f\u00fcr diese Stadt &#8222;Hatz nach\u00a0Sehensw\u00fcrdigkeiten&#8220; stimmt aus meiner Sicht voll und ganz. Nirgends anders gab es\u00a0solche Menschenmassen, welche wie Ameisen auf einer Zuckerstrasse auf\u00a0den von Guides und Reisef\u00fchrer vorgegebenen Pfaden durch die Gegend\u00a0liefen. Am wenigsten haben mir die Ramblas gefallen: zu voll und zu viel\u00a0Schnullifax \u00a0 \u00a0 \u00a0;o)<\/p>\n<p><strong>09.08. um 13:37 Uhr<\/strong><\/p>\n<p>Marseille ist eine riesige Baustelle und derzeit eine Stadt mit einem totalem\u00a0Verkehrschaos. Da leuchtet es uns ein, was die Filme &#8222;Taxi, Taxi&#8220; und\u00a0&#8222;Transporter&#8220; in ihrer Entstehung beg\u00fcnstigt hat: der Traum vom schnellen\u00a0Fahren in dieser Stadt \u00a0 \u00a0 \u00a0;o)<br \/>\nWir waren gestern abends am Strand, erst zum\u00a0Baden und Sonnen und dann zum CS-Treffen &#8211; alles total lustig und herzlich. Problematisch\u00a0war nur, dass sehr viele der CSler vorrangig nur franz\u00f6sisch sprachen, aber es gab\u00a0auch einige Deutsche unter ihnen. Ein M\u00e4del aus K\u00f6ln hatte noch keine Bleibe und\u00a0wir haben sie zu uns ins Zimmer mitgenommen, du weisst ja, im &#8222;Etap&#8220; hat\u00a0man ein zus\u00e4tzliches Hochbett.\u00a0Jetzt besuchten wir eine Kirche oben auf einem Berg und qu\u00e4len uns nun\u00a0nach und nach wieder in die Stadt hinein :o))<\/p>\n<p><strong>10.08. um 9:43 Uhr<\/strong><\/p>\n<p>Unser Auto ist vollgepackt und vollgetankt und wir verlassen nun definitiv die Strandgegenden von Europa um ein gutes St\u00fcck des Weges zur\u00fcck nach Hause zu schaffen &#8230;<\/p>\n<p><strong>11.08. um 11:13 Uhr<\/strong><\/p>\n<p>So, wir haben gerade unsere letzte Etappe angebrochen, aber die Nacht davor war schrecklich. Carsten ging es echt nicht gut, er hat das Klo in Strassburger Etap seeehr gut kennengelernt und wir wissen leider nicht genau, was die Ursache daf\u00fcr war. Aber er f\u00fchlt sich momentan dennoch fit genug um zu fahren. Gerade haben wir die franz\u00f6sisch-deutsche Grenze \u00fcberquert und jetzt m\u00fcssen wir es bloss noch nach Dresden schaffen.<\/p>\n<p>&nbsp;<\/p>\n","protected":false},"excerpt":{"rendered":"<p>Die Hoffnung, dass ich nach der R\u00fcckkehr in die eigenen vier W\u00e4nde und in der Ferienzeit \u00f6fter schreiben kann, hat sich leider nicht erf\u00fcllt. Deshalb nutze ich bereits Geschriebenes, um meinen Lesern einen kurzen \u00dcberblick \u00fcber unsere Reiseroute und auch \u00fcber ein paar Eindr\u00fccke anzubieten. Diese e-mails sind damals als Update so an die Kinder [&hellip;]<\/p>\n","protected":false},"author":3,"featured_media":0,"comment_status":"open","ping_status":"closed","sticky":false,"template":"","format":"standard","meta":{"ngg_post_thumbnail":0,"footnotes":""},"categories":[3,5,4,10,17,1],"tags":[14,535,788,789,317,13,790,510,504,21],"class_list":["post-957","post","type-post","status-publish","format-standard","hentry","category-ausfluege-und-reisen","category-essen-und-trinken","category-freud-und-leid","category-hc-und-cs","category-kauderwelsch-und-muttersprache","category-olca-und-stan","tag-carsten","tag-couchsurfing","tag-e-mail","tag-frankreich","tag-kinder","tag-olga","tag-portugal","tag-reise","tag-spanien","tag-urlaub"],"_links":{"self":[{"href":"https:\/\/www.marvinchen.de\/olgas_welt\/blog\/wp-json\/wp\/v2\/posts\/957","targetHints":{"allow":["GET"]}}],"collection":[{"href":"https:\/\/www.marvinchen.de\/olgas_welt\/blog\/wp-json\/wp\/v2\/posts"}],"about":[{"href":"https:\/\/www.marvinchen.de\/olgas_welt\/blog\/wp-json\/wp\/v2\/types\/post"}],"author":[{"embeddable":true,"href":"https:\/\/www.marvinchen.de\/olgas_welt\/blog\/wp-json\/wp\/v2\/users\/3"}],"replies":[{"embeddable":true,"href":"https:\/\/www.marvinchen.de\/olgas_welt\/blog\/wp-json\/wp\/v2\/comments?post=957"}],"version-history":[{"count":0,"href":"https:\/\/www.marvinchen.de\/olgas_welt\/blog\/wp-json\/wp\/v2\/posts\/957\/revisions"}],"wp:attachment":[{"href":"https:\/\/www.marvinchen.de\/olgas_welt\/blog\/wp-json\/wp\/v2\/media?parent=957"}],"wp:term":[{"taxonomy":"category","embeddable":true,"href":"https:\/\/www.marvinchen.de\/olgas_welt\/blog\/wp-json\/wp\/v2\/categories?post=957"},{"taxonomy":"post_tag","embeddable":true,"href":"https:\/\/www.marvinchen.de\/olgas_welt\/blog\/wp-json\/wp\/v2\/tags?post=957"}],"curies":[{"name":"wp","href":"https:\/\/api.w.org\/{rel}","templated":true}]}}