{"id":96,"date":"2008-11-16T17:20:10","date_gmt":"2008-11-16T15:20:10","guid":{"rendered":"http:\/\/www.marvinchen.de\/olgas_welt\/blog\/?p=96"},"modified":"2012-05-26T22:54:05","modified_gmt":"2012-05-26T20:54:05","slug":"feier-in-der-raduga","status":"publish","type":"post","link":"https:\/\/www.marvinchen.de\/olgas_welt\/blog\/2008\/11\/feier-in-der-raduga\/","title":{"rendered":"Feier in der &#8222;Raduga&#8220;"},"content":{"rendered":"<p>Gestern waren wir alle nach ca. 3 Jahren Pause mal wieder in der russischen Samstagsschule &#8222;Raduga&#8220;. Diesmal gingen wir nicht wie sonst als Sch\u00fcler, Lehrer oder Helfer hin. Wir haben eine Einladung zum 10-j\u00e4hrigen Jubil\u00e4um der Schule bekommen und angenommen.<\/p>\n<p>Es war sehr interessant nach langer Zeit die alten Bekannten und Mitstreiter zu sehen, denn ich war in den ersten 2 Jahren als Lehrerin f\u00fcr Russische Sprache dort t\u00e4tig und Andrea hat diese Schule 8 Jahre lang besucht. Sie war einer der ersten Sch\u00fclerinnen, welche am 10. Januar 1998 angefangen haben, dort Russisch &#8222;richtig&#8220; und nicht nur allein mit Mama zu Hause, sondern in der Gruppe der ebenfalls zweisprachigen Kinder, zu lernen . Stephanie kam ein Jahr sp\u00e4ter hinzu, sie war eine zeitlang die jungste Sch\u00fclerin, machte sich aber wirklich gut.<\/p>\n<p>Die Feier war recht gut organisiert, man hat einen kurzen R\u00fcckblick gemacht und die jetzigen Sch\u00fcler haben ein Konzert vorbereitet. Manche Lieder kannten meine M\u00e4dels noch aus ihrer Schulzeit. Neu war es f\u00fcr uns, dass die &#8222;Raduga&#8220; jetzt eine eigene Hymne hat, diese konnten wir nur mit Hilfe eines Textblattes mitsingen.<\/p>\n<p style=\"text-align: center;\"><a href=\"https:\/\/www.marvinchen.de\/olgas_welt\/blog\/2008\/11\/feier-in-der-raduga\/2008-11-16\/\" rel=\"attachment wp-att-909\"><img loading=\"lazy\" decoding=\"async\" class=\" wp-image-909 aligncenter\" title=\"2008-11-16\" src=\"https:\/\/www.marvinchen.de\/olgas_welt\/blog\/wp-content\/uploads\/2008\/11\/2008-11-16.jpg\" alt=\"\" width=\"560\" height=\"420\" srcset=\"https:\/\/www.marvinchen.de\/olgas_welt\/blog\/wp-content\/uploads\/2008\/11\/2008-11-16.jpg 800w, https:\/\/www.marvinchen.de\/olgas_welt\/blog\/wp-content\/uploads\/2008\/11\/2008-11-16-300x225.jpg 300w\" sizes=\"auto, (max-width: 560px) 100vw, 560px\" \/><\/a><\/p>\n<p>Im Anschlu\u00df gab es ein Buffet, dabei konnte man die Zeit gut zum ungest\u00f6rten Schwatzen nutzen. Unsere Kinder haben ihre damaligen Freunde wieder getroffen und sie hatten sich so viel zu erz\u00e4hlen, dass wir sie in dem Schulgeb\u00e4ude einfach zur\u00fcckgelassen haben. Die ganze Gruppe machte sich allerdings bald ins Stadtzentrum auf, um in einem Cafe zu sitzen und zu quatschen.<\/p>\n<p>Carsten und ich haben die unerwartete Freiheit und traumhaftes Wetter genutzt und gingen f\u00fcr eine gute Stunde spazieren. Als wir nach einigen Stunden unsere Kinder wieder eingesammelt haben schauten wir noch gemeinsam den Film &#8222;Inside Man&#8220; an, welchen Andrea aus der BiBo mitgebracht hat. Der Film ist interessant gemacht und lebt sehr viel von der Spannung der Geschichte. Danach verschwand unser gro\u00dfes Kind zum Schlittschuhlaufen mit den Freunden aus der Klasse.<\/p>\n<p>Wir Daheimgebliebenen nutzen die Zeit zum Spielen, Lesen, Bl\u00f6deln und Entspannen. Nachdem wir Andrea abgeholt haben, schauten wir uns noch eine Folge &#8222;Buffy&#8220; an. Ja, vorbei ist die Zeit, wo man den Kindern sch\u00f6ne Geschichten vorm Schlafengehen vorgelesen hat, jetzt ist eine Episode \u00fcber die Vampirj\u00e4gerin wesentlich interessanter geworden :0)<\/p>\n","protected":false},"excerpt":{"rendered":"<p>Gestern waren wir alle nach ca. 3 Jahren Pause mal wieder in der russischen Samstagsschule &#8222;Raduga&#8220;. Diesmal gingen wir nicht wie sonst als Sch\u00fcler, Lehrer oder Helfer hin. Wir haben eine Einladung zum 10-j\u00e4hrigen Jubil\u00e4um der Schule bekommen und angenommen. Es war sehr interessant nach langer Zeit die alten Bekannten und Mitstreiter zu sehen, denn [&hellip;]<\/p>\n","protected":false},"author":3,"featured_media":0,"comment_status":"open","ping_status":"open","sticky":false,"template":"","format":"standard","meta":{"ngg_post_thumbnail":0,"footnotes":""},"categories":[4,7,17,1],"tags":[16,283,14,52,13,62,281,282,15],"class_list":["post-96","post","type-post","status-publish","format-standard","hentry","category-freud-und-leid","category-freunde-und-co","category-kauderwelsch-und-muttersprache","category-olca-und-stan","tag-andrea","tag-buffy","tag-carsten","tag-film","tag-olga","tag-raduga","tag-samstagsschule","tag-schuler","tag-stephanie"],"_links":{"self":[{"href":"https:\/\/www.marvinchen.de\/olgas_welt\/blog\/wp-json\/wp\/v2\/posts\/96","targetHints":{"allow":["GET"]}}],"collection":[{"href":"https:\/\/www.marvinchen.de\/olgas_welt\/blog\/wp-json\/wp\/v2\/posts"}],"about":[{"href":"https:\/\/www.marvinchen.de\/olgas_welt\/blog\/wp-json\/wp\/v2\/types\/post"}],"author":[{"embeddable":true,"href":"https:\/\/www.marvinchen.de\/olgas_welt\/blog\/wp-json\/wp\/v2\/users\/3"}],"replies":[{"embeddable":true,"href":"https:\/\/www.marvinchen.de\/olgas_welt\/blog\/wp-json\/wp\/v2\/comments?post=96"}],"version-history":[{"count":0,"href":"https:\/\/www.marvinchen.de\/olgas_welt\/blog\/wp-json\/wp\/v2\/posts\/96\/revisions"}],"wp:attachment":[{"href":"https:\/\/www.marvinchen.de\/olgas_welt\/blog\/wp-json\/wp\/v2\/media?parent=96"}],"wp:term":[{"taxonomy":"category","embeddable":true,"href":"https:\/\/www.marvinchen.de\/olgas_welt\/blog\/wp-json\/wp\/v2\/categories?post=96"},{"taxonomy":"post_tag","embeddable":true,"href":"https:\/\/www.marvinchen.de\/olgas_welt\/blog\/wp-json\/wp\/v2\/tags?post=96"}],"curies":[{"name":"wp","href":"https:\/\/api.w.org\/{rel}","templated":true}]}}